
{"id":9237,"date":"2019-09-14T21:34:02","date_gmt":"2019-09-14T19:34:02","guid":{"rendered":"http:\/\/lezajsk.przemyska.pl\/?p=9237"},"modified":"2019-09-14T21:34:02","modified_gmt":"2019-09-14T19:34:02","slug":"xxiv-niedziela-zwykla-15-09-2019-r","status":"publish","type":"post","link":"https:\/\/lezajsk.przemyska.pl\/?p=9237","title":{"rendered":"XXIV Niedziela zwyk\u0142a (15.09.2019 r.)"},"content":{"rendered":"<ol>\n<li>Dzi\u015b <strong>nabo\u017ce\u0144stwo eucharystyczne z koronk\u0105 do Bo\u017cego Mi\u0142osierdzia <\/strong>o godz. 17.30.<\/li>\n<li>Zgodnie z zapowiedzi\u0105 KEP rozpoczynamy dzi\u015b <strong>IX Tydzie\u0144 Wychowania<\/strong>.<\/li>\n<li>Dzi\u015b tak\u017ce przypada<strong> Niedziela \u015arodk\u00f3w Spo\u0142ecznego Przekazu<\/strong>. Nasz\u0105 modlitw\u0105 i\u00a0trosk\u0105 obejmujemy wszystkich pracownik\u00f3w medi\u00f3w, zw\u0142aszcza katolickich. Z tej okazji zach\u0119camy te\u017c wszystkich do czytelnictwa i prenumeraty czasopism katolickich, kt\u00f3rych spory wyb\u00f3r, poleca nasz kiosk Siewca. Polecamy <strong>Archidiecezjalne Radio FARA<\/strong> a tak\u017ce nasz\u0105<strong> internetow\u0105 stron\u0119 parafialn\u0105<\/strong>, gdzie ks. Maciej b\u0119dzie si\u0119 stara\u0142 zamieszcza\u0107 wszystkie najwa\u017cniejsze informacje dotycz\u0105ce naszej parafii i nie tylko.<\/li>\n<li>Jutro po Mszy \u015bw. wieczornej <strong>spotkanie Akcji Katolickiej,<\/strong> na kt\u00f3re wszystkich cz\u0142onk\u00f3w jak i sympatyk\u00f3w serdecznie zapraszamy.<\/li>\n<li>W \u015brod\u0119 przypada <strong>\u015bwi\u0119to \u015bw. Stanis\u0142awa Kostki \u2013 patrona Polski, dzieci i\u00a0m\u0142odzie\u017cy<\/strong>. Z\u00a0tej okazji na Msz\u0119 \u015bw. o godz. 18.00 zapraszamy wszystkie dzieci i\u00a0m\u0142odzie\u017c a\u00a0szczeg\u00f3lnie <strong>uczni\u00f3w klas VI, VII i VIII Szko\u0142y Podstawowej wraz z rodzicami<\/strong>. Po Mszy \u015bw. spotkanie formacyjne, rozpoczynaj\u0105ce kolejny rok przygotowania do przyj\u0119cia sakramentu bierzmowania.<\/li>\n<li>W pi\u0105tek po Mszy \u015bw. wieczornej spotkanie dla <strong>zelator\u00f3w R\u00f3\u017c R\u00f3\u017ca\u0144cowych<\/strong> w Siewcy.<\/li>\n<li>W sobot\u0119 <strong>\u015bwi\u0119to \u015bw. Mateusza Aposto\u0142a<\/strong>.<\/li>\n<li>Uprzedzaj\u0105c, informujemy, i\u017c jeszcze w tym miesi\u0105cu, tj. w dniach 27-29 wrze\u015bnia br., rozpocznie si\u0119 tzw. <strong>kurs przedma\u0142\u017ce\u0144ski czyli<\/strong> <strong>katechezy<\/strong> <strong>przedma\u0142\u017ce\u0144skie <\/strong>i\u00a0b\u0119d\u0105 trwa\u0142y 3 dni. Przy okazji jeszcze raz przypominamy wszystkim zainteresowanym, \u017ce przygotowanie do ma\u0142\u017ce\u0144stwa to dwa etapy. Pierwszy to wspomniany wy\u017cej tzw. \u201ekurs przedma\u0142\u017ce\u0144ski\u201d, kt\u00f3ry mo\u017ce by\u0107 zrealizowany znacznie wcze\u015bniej nawet 2-3 lata przed planowanym \u015blubem a drugi etap &#8211; ju\u017c bezpo\u015brednio przed \u015blubem &#8211; to poradnia rodzinna dla narzeczonych, kt\u00f3r\u0105 rozpoczynaj\u0105 narzeczeni 3-4 miesi\u0105ce przed \u015blubem. <strong>Poradnia dla narzeczonych<\/strong> zaprasza w ka\u017cdy II czwartek miesi\u0105ca po Mszy \u015bw. wieczornej.<\/li>\n<li>Tak\u017ce w sobot\u0119 21 wrze\u015bnia organizujemy wyjazd <strong>Grupy Apostolstwa Pomocy Duszom Czy\u015b\u0107cowym<\/strong> na dzie\u0144 skupienia do Opactwa w Jaros\u0142awiu. Wyjazd b\u0119dzie z\u00a0parkingu przy ko\u015bciele o godz. 8.00 a zapisy w zakrystii do \u015brody w\u0142\u0105cznie.<\/li>\n<li>Doroczna<strong> Pielgrzymka R\u00f3\u017c R\u00f3\u017ca\u0144cowych<\/strong> odb\u0119dzie si\u0119 w tym roku do Sanktuarium \u015aw. Jana Paw\u0142a II w Kro\u015bnie w <strong>sobot\u0119 28 wrze\u015bnia<\/strong>. Zapisy w\u00a0zakrystii.<\/li>\n<li>W dalszym ci\u0105gu zapraszamy dzieci i m\u0142odzie\u017c z naszej parafii na spotkania <strong>Ruchu \u015awiat\u0142o \u2013 \u017bycie<\/strong><strong> czyli Oazy<\/strong> w\u00a0ka\u017cdy pi\u0105tek w dw\u00f3ch grupach. I tak, dzieci ze Szk\u00f3\u0142 Podstawowych do klasy VI w\u0142\u0105cznie zapraszamy na godz. 16.30 za\u015b m\u0142odzie\u017c z klasy VII i VIII oraz licealn\u0105 i starsz\u0105 na godz. 18.00. Spotkania starszej grupy b\u0119dzie si\u0119 rozpoczyna\u0107 Msz\u0105 \u015bw. a ko\u0144czy\u0107 ok. godz. 21.00.<\/li>\n<li>Dzisiejsza taca mszalna z racji <strong>Niedzieli \u015arodk\u00f3w Masowego Przekazu<\/strong> jest przeznaczona na Archidiecezjalne Radio FARA.<\/li>\n<li><strong>Trwa zbi\u00f3rka makulatury<\/strong> z przeznaczeniem na budow\u0119 studni w Ugandzie. Kontener jest wystawiony na parkingu obok domu si\u00f3str.<\/li>\n<\/ol>\n<p><strong><u>Intencje zbiorowe:<\/u><\/strong><\/p>\n<ul>\n<li>Za \u015bp. Henryka Barana \u2013 intencja od pracownik\u00f3w szpitala w Le\u017cajsku, oddzia\u0142 dzieci\u0119cy \u2013 poniedzia\u0142ek, godz. 6.30.<\/li>\n<li>Za \u015bp. Damiana Osipa \u2013 intencja od by\u0142ych i obecnych mieszka\u0144c\u00f3w ul. Staszica 4 \u2013 poniedzia\u0142ek, godz. 18.00.<\/li>\n<li>Za \u015bp. Jana Dadaka \u2013 intencja od s\u0105siad\u00f3w \u2013 poniedzia\u0142ek, godz. 18.00.<\/li>\n<li>Za \u015bp. Aniel\u0119 i Augustyna Buszt\u00f3w, d\u0142ugoletnich opiekun\u00f3w kapliczki obok stadionu oraz zmar\u0142ych mieszka\u0144c\u00f3w tej okolicy i s\u0105siednich ulic \u2013 poniedzia\u0142ek, godz. 18.00.<\/li>\n<li>W intencji nowennowych pr\u00f3\u015bb i podzi\u0119kowa\u0144 do MB Pocieszenia \u2013 \u015broda godz. 18.00.<\/li>\n<li>Za \u015bp. Adolfin\u0119 Be\u0142ch \u2013 intencja od s\u0105siad\u00f3w z klatki \u2013 \u015broda, godz. 18.00.<\/li>\n<li>Za \u015bp. Czes\u0142aw\u0119 Parobek \u2013 intencja od Zwi\u0105zku Ochotniczych Stra\u017cy Po\u017carnych w Le\u017cajsku \u2013 czwartek, godz. 6.30 i od kole\u017canek i koleg\u00f3w synowej Alicji z Centrum Rehabilitacji Leczniczej w Le\u017cajsku \u2013 sobota, godz. 7.00.<\/li>\n<li>Za dusze w czy\u015b\u0107cu cierpi\u0105ce \u2013 intencja od Apostolskiego Dzie\u0142a Pomocy Duszom Czy\u015b\u0107cowym \u2013 sobota, godz. 7.00.<\/li>\n<li>Za \u015bp. Les\u0142awa Brzyskiego \u2013 intencja od wychowawczyni oraz koleg\u00f3w i kole\u017canek syna z klasy IIIA \u2013 niedziela, godz. 10.00.<\/li>\n<\/ul>\n<p>W ostatnim tygodniu odeszli od nas do wieczno\u015bci <strong>\u015bp.<\/strong> <strong>Jerzy Paw\u0142\u00f3w <\/strong>z\u00a0ul. Mickiewicza, <strong>Maria Czwakiel <\/strong>z ul. Sandomierskiej i <strong>Salomea Pytel<\/strong> z ul. Staszica \u2013 wieczny odpoczynek\u2026<\/p>\n","protected":false},"excerpt":{"rendered":"<p>Dzi\u015b nabo\u017ce\u0144stwo eucharystyczne z koronk\u0105 do Bo\u017cego Mi\u0142osierdzia o godz. 17.30. Zgodnie z zapowiedzi\u0105 KEP rozpoczynamy dzi\u015b IX Tydzie\u0144 Wychowania. Dzi\u015b tak\u017ce przypada Niedziela \u015arodk\u00f3w Spo\u0142ecznego Przekazu. Nasz\u0105 modlitw\u0105 i\u00a0trosk\u0105 obejmujemy wszystkich pracownik\u00f3w medi\u00f3w, zw\u0142aszcza katolickich. Z tej okazji zach\u0119camy te\u017c wszystkich do czytelnictwa i prenumeraty czasopism katolickich, kt\u00f3rych spory wyb\u00f3r, poleca nasz kiosk Siewca. [&hellip;]<\/p>\n","protected":false},"author":4,"featured_media":0,"comment_status":"closed","ping_status":"open","sticky":false,"template":"","format":"standard","meta":[],"categories":[5],"tags":[],"_links":{"self":[{"href":"https:\/\/lezajsk.przemyska.pl\/index.php?rest_route=\/wp\/v2\/posts\/9237"}],"collection":[{"href":"https:\/\/lezajsk.przemyska.pl\/index.php?rest_route=\/wp\/v2\/posts"}],"about":[{"href":"https:\/\/lezajsk.przemyska.pl\/index.php?rest_route=\/wp\/v2\/types\/post"}],"author":[{"embeddable":true,"href":"https:\/\/lezajsk.przemyska.pl\/index.php?rest_route=\/wp\/v2\/users\/4"}],"replies":[{"embeddable":true,"href":"https:\/\/lezajsk.przemyska.pl\/index.php?rest_route=%2Fwp%2Fv2%2Fcomments&post=9237"}],"version-history":[{"count":1,"href":"https:\/\/lezajsk.przemyska.pl\/index.php?rest_route=\/wp\/v2\/posts\/9237\/revisions"}],"predecessor-version":[{"id":9238,"href":"https:\/\/lezajsk.przemyska.pl\/index.php?rest_route=\/wp\/v2\/posts\/9237\/revisions\/9238"}],"wp:attachment":[{"href":"https:\/\/lezajsk.przemyska.pl\/index.php?rest_route=%2Fwp%2Fv2%2Fmedia&parent=9237"}],"wp:term":[{"taxonomy":"category","embeddable":true,"href":"https:\/\/lezajsk.przemyska.pl\/index.php?rest_route=%2Fwp%2Fv2%2Fcategories&post=9237"},{"taxonomy":"post_tag","embeddable":true,"href":"https:\/\/lezajsk.przemyska.pl\/index.php?rest_route=%2Fwp%2Fv2%2Ftags&post=9237"}],"curies":[{"name":"wp","href":"https:\/\/api.w.org\/{rel}","templated":true}]}}