
{"id":9210,"date":"2019-08-10T17:38:04","date_gmt":"2019-08-10T15:38:04","guid":{"rendered":"http:\/\/lezajsk.przemyska.pl\/?p=9210"},"modified":"2019-08-10T17:38:43","modified_gmt":"2019-08-10T15:38:43","slug":"xix-niedziela-zw-11-08-2019-r","status":"publish","type":"post","link":"https:\/\/lezajsk.przemyska.pl\/?p=9210","title":{"rendered":"XIX Niedziela zw. (11.08.2019 r.)"},"content":{"rendered":"<ol>\n<li>Dzi\u015b zapraszamy jeszcze na <strong>nieszpory niedzielne<\/strong> na godz. 17.30 a po nich Msza \u015bw. wieczorna.<\/li>\n<li>We wtorek wszystkich czcicieli Matki Bo\u017cej zapraszamy na kolejne\u00a0<strong>Nabo\u017ce\u0144stwo Fatimskie z procesj\u0105 r\u00f3\u017ca\u0144cow\u0105 o godz. 18.00<\/strong>.\u00a0Serdecznie zapraszamy.<\/li>\n<li>Tak\u017ce we wtorek <strong>nowenna do \u015bw. Antoniego<\/strong> i b\u0142ogos\u0142awie\u0144stwo dzieci. Pro\u015bby i\u00a0podzi\u0119kowania mo\u017cna sk\u0142ada\u0107 przy figurze \u015bwi\u0119tego.<\/li>\n<li>W czwartek <strong>15 sierpnia Uroczysto\u015b\u0107 Wniebowzi\u0119cia NMP.<\/strong> Porz\u0105dek Mszy \u015bw. jak w\u00a0ka\u017cd\u0105 niedziel\u0119. W czasie ka\u017cdej Mszy \u015bwi\u0119tej b\u0142ogos\u0142awie\u0144stwo zi\u00f3\u0142 i\u00a0kwiat\u00f3w.<\/li>\n<li><strong>W klasztorze OO. Bernardyn\u00f3w od wtorku rozpoczynaj\u0105 si\u0119 uroczysto\u015bci odpustowe<\/strong>. <strong>Szczeg\u00f3\u0142owy ich program na tablicy og\u0142osze\u0144.<\/strong><\/li>\n<li>Dzisiejsza niedziela jest ostatni\u0105 jak\u0105 sp\u0119dza z nami <strong>ks.\u00a0Dariusz Wojnar<\/strong>. W najbli\u017csz\u0105 niedziele obejmie On obowi\u0105zki proboszcza parafii Wo\u0142kowyja. Ksi\u0119dzu Dariuszowi dzi\u0119kujemy za cztery lata gorliwej pos\u0142ugi mi\u0119dzy nami i \u017cyczymy obfito\u015bci Bo\u017cych dar\u00f3w przy realizacji nowych duszpasterskich zada\u0144 a Matka Bo\u017ca Pocieszenia \u2013 Pani Le\u017cajska, niech otacza Go swoj\u0105 macierzy\u0144sk\u0105 opiek\u0105. Ksi\u0119dza Dariusza oficjalnie po\u017cegnamy w najbli\u017cszy pi\u0105tek w czasie Mszy \u015bw. o godz. 18.00.<\/li>\n<li>Dzisiejsza <strong>taca mszalna jest przeznaczona na trwaj\u0105ce prace remontowe<\/strong> przy naszej parafii. Za wszystkie z\u0142o\u017cone dzi\u015b ofiary sk\u0142adamy serdeczne B\u00f3g zap\u0142a\u0107.<\/li>\n<li><strong>W Siewcy<\/strong> do nabycia prasa i publikacje katolickie, a tak\u017ce mo\u017cna jeszcze naby\u0107 wiersze ks. Piotra.<\/li>\n<\/ol>\n<p><strong><u>Intencje zbiorowe:<\/u><\/strong><\/p>\n<ul>\n<li>Z intencji Bractwa Szkaplerza \u015awi\u0119tego \u2013 wtorek i czwartek, godz. 18.00.<\/li>\n<li>W intencji wszystkich R\u00f3\u017c R\u00f3\u017ca\u0144cowych \u2013 wtorek, godz. 18.00.<\/li>\n<li>W intencji nowennowych pr\u00f3\u015bb i podzi\u0119kowa\u0144 do MB Pocieszenia \u2013 \u015broda, godz. 18.00.<\/li>\n<li>Za \u015bp. Janin\u0119 Mazan \u2013 intencja od wychowank\u00f3w z rocznika 1962 kl. B \u2013 czwartek, godz. 7.00.<\/li>\n<li>Z R\u00f3\u017cy MB Wniebowzi\u0119tej \u2013 pi\u0105tek, godz. 18.00.<\/li>\n<\/ul>\n<p>W ostatnim tygodniu odesz\u0142a do wieczno\u015bci <strong>\u015a.P. Ludmi\u0142a \u0141\u0105czy\u0144ska <\/strong>zamieszka\u0142a w Warszawie\u2013 wieczny odpoczynek\u2026<\/p>\n","protected":false},"excerpt":{"rendered":"<p>Dzi\u015b zapraszamy jeszcze na nieszpory niedzielne na godz. 17.30 a po nich Msza \u015bw. wieczorna. We wtorek wszystkich czcicieli Matki Bo\u017cej zapraszamy na kolejne\u00a0Nabo\u017ce\u0144stwo Fatimskie z procesj\u0105 r\u00f3\u017ca\u0144cow\u0105 o godz. 18.00.\u00a0Serdecznie zapraszamy. Tak\u017ce we wtorek nowenna do \u015bw. Antoniego i b\u0142ogos\u0142awie\u0144stwo dzieci. Pro\u015bby i\u00a0podzi\u0119kowania mo\u017cna sk\u0142ada\u0107 przy figurze \u015bwi\u0119tego. W czwartek 15 sierpnia Uroczysto\u015b\u0107 Wniebowzi\u0119cia [&hellip;]<\/p>\n","protected":false},"author":5,"featured_media":0,"comment_status":"closed","ping_status":"open","sticky":false,"template":"","format":"standard","meta":[],"categories":[5],"tags":[],"_links":{"self":[{"href":"https:\/\/lezajsk.przemyska.pl\/index.php?rest_route=\/wp\/v2\/posts\/9210"}],"collection":[{"href":"https:\/\/lezajsk.przemyska.pl\/index.php?rest_route=\/wp\/v2\/posts"}],"about":[{"href":"https:\/\/lezajsk.przemyska.pl\/index.php?rest_route=\/wp\/v2\/types\/post"}],"author":[{"embeddable":true,"href":"https:\/\/lezajsk.przemyska.pl\/index.php?rest_route=\/wp\/v2\/users\/5"}],"replies":[{"embeddable":true,"href":"https:\/\/lezajsk.przemyska.pl\/index.php?rest_route=%2Fwp%2Fv2%2Fcomments&post=9210"}],"version-history":[{"count":2,"href":"https:\/\/lezajsk.przemyska.pl\/index.php?rest_route=\/wp\/v2\/posts\/9210\/revisions"}],"predecessor-version":[{"id":9212,"href":"https:\/\/lezajsk.przemyska.pl\/index.php?rest_route=\/wp\/v2\/posts\/9210\/revisions\/9212"}],"wp:attachment":[{"href":"https:\/\/lezajsk.przemyska.pl\/index.php?rest_route=%2Fwp%2Fv2%2Fmedia&parent=9210"}],"wp:term":[{"taxonomy":"category","embeddable":true,"href":"https:\/\/lezajsk.przemyska.pl\/index.php?rest_route=%2Fwp%2Fv2%2Fcategories&post=9210"},{"taxonomy":"post_tag","embeddable":true,"href":"https:\/\/lezajsk.przemyska.pl\/index.php?rest_route=%2Fwp%2Fv2%2Ftags&post=9210"}],"curies":[{"name":"wp","href":"https:\/\/api.w.org\/{rel}","templated":true}]}}