
{"id":9139,"date":"2019-07-30T16:53:39","date_gmt":"2019-07-30T14:53:39","guid":{"rendered":"http:\/\/lezajsk.przemyska.pl\/?p=9139"},"modified":"2019-07-31T12:42:39","modified_gmt":"2019-07-31T10:42:39","slug":"zmiany-w-transmisji-mszy-niedzielnych-z-dzwiekiem","status":"publish","type":"post","link":"https:\/\/lezajsk.przemyska.pl\/?p=9139","title":{"rendered":"Zmiany w transmisji Mszy niedzielnych z d\u017awi\u0119kiem&#8230;"},"content":{"rendered":"<p>Drodzy parafianie i nie tylko&#8230; Od d\u0142u\u017cszego ju\u017c czasu na naszej stronie mo\u017cna ogl\u0105da\u0107 transmisj\u0119 Mszy \u015bwi\u0119tych. Stanowi to wielk\u0105 pomoc dla chorych, a tak\u017ce dla tych, kt\u00f3rzy np. przebywaj\u0105c za granic\u0105, chc\u0105 mie\u0107 \u0142\u0105czno\u015b\u0107 z w\u0142asn\u0105 parafi\u0105 i ko\u015bcio\u0142em. Dlatego prezentujemy sta\u0142y podgl\u0105d prezbiterium w ko\u015bciele farnym. Od najbli\u017cszej niedzieli nast\u0105pi zmiana w &#8222;tzw. transmisji z d\u017awi\u0119kiem&#8221;, a mianowicie;\u00a0b\u0119dzie ona\u00a0dost\u0119pna w dni powszednie\u00a0podczas Mszy \u015bw. o godz. 18.00 oraz w <span style=\"color: #ff0000;\"><strong>niedziele podczas wszystkich Mszy \u015bwi\u0119tych.\u00a0<\/strong><\/span>Serdecznie polecamy.<\/p>\n","protected":false},"excerpt":{"rendered":"<p>Drodzy parafianie i nie tylko&#8230; Od d\u0142u\u017cszego ju\u017c czasu na naszej stronie mo\u017cna ogl\u0105da\u0107 transmisj\u0119 Mszy \u015bwi\u0119tych. Stanowi to wielk\u0105 pomoc dla chorych, a tak\u017ce dla tych, kt\u00f3rzy np. przebywaj\u0105c za granic\u0105, chc\u0105 mie\u0107 \u0142\u0105czno\u015b\u0107 z w\u0142asn\u0105 parafi\u0105 i ko\u015bcio\u0142em. Dlatego prezentujemy sta\u0142y podgl\u0105d prezbiterium w ko\u015bciele farnym. Od najbli\u017cszej niedzieli nast\u0105pi zmiana w &#8222;tzw. [&hellip;]<\/p>\n","protected":false},"author":5,"featured_media":9140,"comment_status":"closed","ping_status":"open","sticky":false,"template":"","format":"standard","meta":[],"categories":[4],"tags":[],"_links":{"self":[{"href":"https:\/\/lezajsk.przemyska.pl\/index.php?rest_route=\/wp\/v2\/posts\/9139"}],"collection":[{"href":"https:\/\/lezajsk.przemyska.pl\/index.php?rest_route=\/wp\/v2\/posts"}],"about":[{"href":"https:\/\/lezajsk.przemyska.pl\/index.php?rest_route=\/wp\/v2\/types\/post"}],"author":[{"embeddable":true,"href":"https:\/\/lezajsk.przemyska.pl\/index.php?rest_route=\/wp\/v2\/users\/5"}],"replies":[{"embeddable":true,"href":"https:\/\/lezajsk.przemyska.pl\/index.php?rest_route=%2Fwp%2Fv2%2Fcomments&post=9139"}],"version-history":[{"count":2,"href":"https:\/\/lezajsk.przemyska.pl\/index.php?rest_route=\/wp\/v2\/posts\/9139\/revisions"}],"predecessor-version":[{"id":9142,"href":"https:\/\/lezajsk.przemyska.pl\/index.php?rest_route=\/wp\/v2\/posts\/9139\/revisions\/9142"}],"wp:featuredmedia":[{"embeddable":true,"href":"https:\/\/lezajsk.przemyska.pl\/index.php?rest_route=\/wp\/v2\/media\/9140"}],"wp:attachment":[{"href":"https:\/\/lezajsk.przemyska.pl\/index.php?rest_route=%2Fwp%2Fv2%2Fmedia&parent=9139"}],"wp:term":[{"taxonomy":"category","embeddable":true,"href":"https:\/\/lezajsk.przemyska.pl\/index.php?rest_route=%2Fwp%2Fv2%2Fcategories&post=9139"},{"taxonomy":"post_tag","embeddable":true,"href":"https:\/\/lezajsk.przemyska.pl\/index.php?rest_route=%2Fwp%2Fv2%2Ftags&post=9139"}],"curies":[{"name":"wp","href":"https:\/\/api.w.org\/{rel}","templated":true}]}}