
{"id":9130,"date":"2019-07-13T22:35:25","date_gmt":"2019-07-13T20:35:25","guid":{"rendered":"http:\/\/lezajsk.przemyska.pl\/?p=9130"},"modified":"2019-07-13T22:35:25","modified_gmt":"2019-07-13T20:35:25","slug":"xv-niedziela-zw-14-07-2019-r","status":"publish","type":"post","link":"https:\/\/lezajsk.przemyska.pl\/?p=9130","title":{"rendered":"XV Niedziela zw. (14.07.2019 r.)"},"content":{"rendered":"<ol>\n<li>Dzi\u015b i jutro ostatnie dwa dni <strong>nowenny przed \u015bwi\u0119tem MB Szkaplerznej<\/strong>. Zapraszamy na godz. 17.00 na \u015bpiew Godzinek do MB Szkaplerznej, o godz. 17.30 wystawienie naj\u015bwi\u0119tszego Sakramentu i nowenna a po niej Msza \u015bw. wieczorna.<\/li>\n<li>Jutro dotrze na <strong>Jasn\u0105 G\u00f3r\u0119<\/strong> <strong>XXXIX Przemyska Piesza Pielgrzymka.<\/strong> Dzi\u0119kujemy zatem wszystkim dobrodziejom pielgrzymki i duchowym pielgrzymom, kt\u00f3rzy swoj\u0105 ofiar\u0105 i modlitw\u0105 wsparli to pi\u0119kne dzie\u0142o. Szczeg\u00f3lne s\u0142owa wdzi\u0119czno\u015bci kierujemy do <strong> Grzegorza Sochy<\/strong>, przewodnika grupy le\u017cajskiej, jak i\u00a0wszystkich wolontariuszy wspieraj\u0105cych i\u00a0obs\u0142uguj\u0105cych pielgrzym\u00f3w.<\/li>\n<li>Wyjazd autokaru <strong>na czuwanie i\u00a0powitanie naszych pielgrzym\u00f3w na Jasn\u0105 G\u00f3r\u0119 dzi\u015b o\u00a0godz. 14.00<\/strong> z parkingu przy ko\u015bciele. <strong>Archidiecezjalne Radio FARA<\/strong> b\u0119dzie relacjonowa\u0107 na \u017cywo zar\u00f3wno nocne czuwanie jak i powitanie pielgrzym\u00f3w. Zapraszany do s\u0142uchania.<\/li>\n<li>We wtorek 16 lipca przypada <strong>wspomnienie NMP z G\u00f3ry Karmel<\/strong>, <strong>czyli MB Szkaplerznej<\/strong>. Jest to \u015bwi\u0119to patronalne naszego Bractwa Szkaplerza \u015awi\u0119tego i z tej okazji w czasie Mszy \u015bw. o\u00a0godz. 18.00, b\u0119dzie mo\u017cliwo\u015b\u0107 na\u0142o\u017cenia szkaplerza nowym czcicielom Matki Bo\u017cej Szkaplerznej. Zainteresowani zg\u0142aszaj\u0105 si\u0119 wcze\u015bniej do zakrystii lub zelatora.<\/li>\n<li>S\u0105 jeszcze wolne miejsca na <strong>pielgrzymk\u0119 do Czernej, kt\u00f3r\u0105 <\/strong>organizuje Bractwo Szkaplerza \u015awi\u0119tego w sobot\u0119 20 lipca br. Wyjazd z dworca PKS o godz. 4.50 i\u00a0z\u00a0parkingu przy Farze o godz. 5.00. Zapisy w zakrystii a szczeg\u00f3\u0142y na tablicy og\u0142osze\u0144.<\/li>\n<li>W najbli\u017csz\u0105 niedziel\u0119 w czasie Mszy \u015bw. o godz. 11.30, <strong>E. Bp Ignacy Dec<\/strong>, b\u0119dzie razem z nami dzi\u0119kowa\u0142 Bogu za <strong>50 lat swojego kap\u0142a\u0144stwa<\/strong>. Jak zapewne starsi pami\u0119taj\u0105, 50 lat temu gdy ks. Biskup zostawa\u0142 kap\u0142anem, by\u0142 naszym parafianinem.<\/li>\n<li>W zwi\u0105zku ze zbli\u017caj\u0105cym si\u0119 wspomnieniem <strong>\u015bw. Krzysztofa, patrona kierowc\u00f3w<\/strong>, w\u00a0najbli\u017csz\u0105 niedziel\u0119 21 lipca b\u0119dzie mo\u017cliwo\u015b\u0107 <strong>po\u015bwi\u0119cenia pojazd\u00f3w mechanicznych po ka\u017cdej Mszy \u015bw.<\/strong> Tradycyjnie tego dnia b\u0119d\u0105 te\u017c przed ko\u015bcio\u0142em i\u00a0na parkingu zbierane ofiary na specjalny fundusz <strong>MIVA Polska<\/strong>, kt\u00f3ry z\u00a0zebranych ofiar kupuje r\u00f3\u017cnego rodzaju \u015brodki transportu dla misjonarzy. O\u00a0przeprowadzenie tej\u017ce zbi\u00f3rki prosimy Stra\u017c Honorow\u0105 NSPJ.<\/li>\n<li>Dzisiejsza taca mszalna, jest przeznaczona na <strong>trwaj\u0105ce prace remontowe <\/strong>przy naszej parafii. Za wszystkie z\u0142o\u017cone dzi\u015b ofiary sk\u0142adamy serdeczne B\u00f3g zap\u0142a\u0107.<\/li>\n<li><strong>W Siewcy<\/strong> do nabycia prasa i publikacje katolickie.<\/li>\n<\/ol>\n<p><strong><u>Intencje zbiorowe: <\/u><\/strong><\/p>\n<ul>\n<li>Z intencji Bractwa Szkaplerza \u015awi\u0119tego \u2013 wtorek i sobota, godz. 18.00.<\/li>\n<li>W intencji nowennowych pr\u00f3\u015bb i podzi\u0119kowa\u0144 do MB Pocieszenia \u2013 \u015broda, godz. 18.00.<\/li>\n<li>Za \u015bp. Danut\u0119 Samu\u0142a \u2013 intencja od nauczycieli emeryt\u00f3w ze SP nr 2 \u2013 czwartek, godz. 7.00.<\/li>\n<li>W intencji Rodziny Terech\u00f3w \u2013 intencja od koleg\u00f3w i kole\u017canek z pracy z Powiatowego O\u015brodka Doradztwa Rolniczego w\u00a0Le\u017cajsku \u2013 pi\u0105tek, godz. 6.30.<\/li>\n<\/ul>\n<p>W ostatnim tygodniu odszed\u0142 od nas do wieczno\u015bci <strong>\u015bp. W\u0142adys\u0142aw Bana\u015b <\/strong>z ul. Braci \u015aniadeckich \u2013 wieczny odpoczynek\u2026<\/p>\n","protected":false},"excerpt":{"rendered":"<p>Dzi\u015b i jutro ostatnie dwa dni nowenny przed \u015bwi\u0119tem MB Szkaplerznej. Zapraszamy na godz. 17.00 na \u015bpiew Godzinek do MB Szkaplerznej, o godz. 17.30 wystawienie naj\u015bwi\u0119tszego Sakramentu i nowenna a po niej Msza \u015bw. wieczorna. Jutro dotrze na Jasn\u0105 G\u00f3r\u0119 XXXIX Przemyska Piesza Pielgrzymka. Dzi\u0119kujemy zatem wszystkim dobrodziejom pielgrzymki i duchowym pielgrzymom, kt\u00f3rzy swoj\u0105 ofiar\u0105 [&hellip;]<\/p>\n","protected":false},"author":4,"featured_media":0,"comment_status":"closed","ping_status":"open","sticky":false,"template":"","format":"standard","meta":[],"categories":[5],"tags":[],"_links":{"self":[{"href":"https:\/\/lezajsk.przemyska.pl\/index.php?rest_route=\/wp\/v2\/posts\/9130"}],"collection":[{"href":"https:\/\/lezajsk.przemyska.pl\/index.php?rest_route=\/wp\/v2\/posts"}],"about":[{"href":"https:\/\/lezajsk.przemyska.pl\/index.php?rest_route=\/wp\/v2\/types\/post"}],"author":[{"embeddable":true,"href":"https:\/\/lezajsk.przemyska.pl\/index.php?rest_route=\/wp\/v2\/users\/4"}],"replies":[{"embeddable":true,"href":"https:\/\/lezajsk.przemyska.pl\/index.php?rest_route=%2Fwp%2Fv2%2Fcomments&post=9130"}],"version-history":[{"count":1,"href":"https:\/\/lezajsk.przemyska.pl\/index.php?rest_route=\/wp\/v2\/posts\/9130\/revisions"}],"predecessor-version":[{"id":9131,"href":"https:\/\/lezajsk.przemyska.pl\/index.php?rest_route=\/wp\/v2\/posts\/9130\/revisions\/9131"}],"wp:attachment":[{"href":"https:\/\/lezajsk.przemyska.pl\/index.php?rest_route=%2Fwp%2Fv2%2Fmedia&parent=9130"}],"wp:term":[{"taxonomy":"category","embeddable":true,"href":"https:\/\/lezajsk.przemyska.pl\/index.php?rest_route=%2Fwp%2Fv2%2Fcategories&post=9130"},{"taxonomy":"post_tag","embeddable":true,"href":"https:\/\/lezajsk.przemyska.pl\/index.php?rest_route=%2Fwp%2Fv2%2Ftags&post=9130"}],"curies":[{"name":"wp","href":"https:\/\/api.w.org\/{rel}","templated":true}]}}