
{"id":8762,"date":"2019-06-08T22:02:02","date_gmt":"2019-06-08T20:02:02","guid":{"rendered":"http:\/\/lezajsk.przemyska.pl\/?p=8762"},"modified":"2019-06-08T22:02:02","modified_gmt":"2019-06-08T20:02:02","slug":"uroczystosc-zeslania-ducha-swietego-09-06-2019-r","status":"publish","type":"post","link":"https:\/\/lezajsk.przemyska.pl\/?p=8762","title":{"rendered":"Uroczysto\u015b\u0107 Zes\u0142ania Ducha \u015awi\u0119tego (09.06.2019 r.)"},"content":{"rendered":"<ol>\n<li>Z racji dzisiejszej uroczysto\u015bci, ka\u017cdy kto pobo\u017cnie i publicznie odm\u00f3wi dzi\u015b hymn <strong>\u201eO\u00a0Stworzycielu Duchu przyjd\u017a\u2026\u201d, mo\u017ce zyska\u0107 odpust zupe\u0142ny<\/strong> pod zwyk\u0142ymi warunkami.<\/li>\n<li>Dzi\u015b zapraszamy jeszcze na <strong>nabo\u017ce\u0144stw do Naj\u015bwi\u0119tszego Serca Pana Jezusa na godz. 17.30<\/strong>.<\/li>\n<li>Jutro w poniedzia\u0142ek <strong>\u015awi\u0119to NMP Matki Ko\u015bcio\u0142a<\/strong>. Msze \u015bw. w ko\u015bciele Farnym o\u00a0godz. <strong>30, 7.00, 8.30, 10.00, 16.00 i 18.00<\/strong>. Mimo, \u017ce jest to dzie\u0144 pracy, zapraszamy do jak najliczniejszego udzia\u0142u we Mszy \u015bw. i uczczenia Matki Naj\u015bwi\u0119tszej.<\/li>\n<li>W tym tygodniu zapraszamy m\u0142odzie\u017c <strong>na kolejne spotkania formacyjne w ramach przygotowania do przyj\u0119cia sakramentu bierzmowania. <\/strong>I tak w \u015brod\u0119 zapraszamy uczni\u00f3w klas VI A i B a w czwartek VI C i VI ze SP nr 1. Spotkania b\u0119d\u0105 si\u0119 rozpoczyna\u0107 <strong>w salce o godz. 17.00<\/strong>. Kandydaci zabieraj\u0105 ze sob\u0105 indeks i pami\u0119tnik<\/li>\n<li>W czwartek <strong>\u015bwi\u0119to Jezusa Chrystusa Najwy\u017cszego i Wiecznego Kap\u0142ana<\/strong>, b\u0119d\u0105ce okazj\u0105 do szczeg\u00f3lnej modlitwy za kap\u0142an\u00f3w i o nowe, \u015bwi\u0119te powo\u0142ania do s\u0142u\u017cby kap\u0142a\u0144skiej.<\/li>\n<li>Tak\u017ce w czwartek 13 czerwca,\u00a0wszystkich czcicieli Matki Bo\u017cej zapraszamy na kolejne\u00a0<strong>Nabo\u017ce\u0144stwo Fatimskie z procesj\u0105 r\u00f3\u017ca\u0144cow\u0105 na\u00a0godz. 18.00<\/strong>.<\/li>\n<li>Wyjazd Stra\u017cy Honorowej NSPJ na pielgrzymk\u0119 <strong>na Jasn\u0105 G\u00f3r\u0119 w sobot\u0119 15 czerwca br<\/strong>. b\u0119dzie <strong>o godz. 5.00<\/strong> z dworca PKS i parkingu przy ko\u015bciele.<\/li>\n<li>W przysz\u0142\u0105 niedziel\u0119 <strong>Uroczysto\u015b\u0107 Tr\u00f3jcy Przenaj\u015bwi\u0119tszej &#8211; dzie\u0144 naszego Odpustu Parafialnego.<\/strong> Wszystkich Parafian jak i Go\u015bci zapraszamy do udzia\u0142u w tej dorocznej uroczysto\u015bci. <strong>Suma odpustowa, zostanie odprawiona o godz. 11.30 a przewodniczy\u0142 jej b\u0119dzie nasz rodak ks. Bogus\u0142aw Gut. On te\u017c b\u0119dzie g\u0142osi\u0142 S\u0142owo Bo\u017ce na wszystkich Mszach \u015bw. <\/strong>Zadbajmy, aby uroczysto\u015b\u0107 odpustowa by\u0142a po\u0142\u0105czona z\u00a0przyj\u0119ciem Komunii \u015bw. i zyskaniem odpustu po uprzedniej spowiedzi \u015bw., z\u00a0kt\u00f3rej b\u0119dzie mo\u017cna skorzysta\u0107 w\u00a0ci\u0105gu tygodnia b\u0105d\u017a w\u00a0sobot\u0119 od godz. 17.30. Szczeg\u00f3lne zaproszenie do udzia\u0142u w\u00a0sumie odpustowej kierujemy do wszystkich grup apostolskich i\u00a0modlitewnych a\u00a0tak\u017ce do dzieci, kt\u00f3re w\u00a0strojach komunijnych u\u015bwietni\u0105 procesj\u0119 eucharystyczn\u0105 sypaniem kwiat\u00f3w i\u00a0dzwonieniem.<\/li>\n<li>Tak\u017ce w Uroczysto\u015b\u0107 Tr\u00f3jcy Przenaj\u015bwi\u0119tszej, zapraszamy wszystkich parafian na kolejny <strong>Wiecz\u00f3r Uwielbienia po Mszy \u015bw. wieczornej<\/strong>, po\u015bwi\u0119cony modlitwie do Naj\u015bwi\u0119tszego Imienia Jezus i Maryi.\u00a0Nabo\u017ce\u0144stwu b\u0119dzie towarzyszy\u0142 \u015bpiew pie\u015bni w wykonaniu diakoni muzycznej pieszych i duchowych pielgrzym\u00f3w na Jasn\u0105 G\u00f3r\u0119.<\/li>\n<li>Za tydzie\u0144 <strong>ko\u0144czy si\u0119 okres wielkanocny<\/strong> i czas spowiedzi wielkanocnej.<\/li>\n<li>Dzisiejsza taca mszalna jest przeznaczona na trwaj\u0105ce <strong>prace remontowe przy naszej parafii<\/strong>. Za wszystkie z\u0142o\u017cone dzi\u015b ofiary sk\u0142adamy serdeczne B\u00f3g zap\u0142a\u0107, za\u015b za tydzie\u0144 po wszystkich Msza \u015bw. <strong>zbi\u00f3rka do puszek Caritas<\/strong> z przeznaczeniem na pomoc osobom poszkodowanym w czasie ostatnich powodzi. O przeprowadzenie tej\u017ce zbi\u00f3rki prosimy Akcj\u0119 Katolick\u0105.<\/li>\n<li>Na parkingu obok Domu Si\u00f3str przy ul. Furgalskiego, jest wystawiony <strong>kontener na makulatur\u0119<\/strong>. Mo\u017cna j\u0105 sk\u0142ada\u0107 do czwartku w\u0142\u0105cznie.<\/li>\n<li><strong>W Siewcy<\/strong> do nabycia prasa i wiele nowych publikacji katolickich.<\/li>\n<\/ol>\n<p><strong><u>Intencje zbiorowe: <\/u><\/strong><\/p>\n<ul>\n<li>Za \u015bp. Ryszarda Sudo\u0142a \u2013 intencja od Akcji Katolickiej \u2013 poniedzia\u0142ek, godz. 7.00 i pi\u0105tek, godz. 6.30.<\/li>\n<li>Z intencji Bractwa Szkaplerza \u015awi\u0119tego \u2013 poniedzia\u0142ek, godz. 16.00.<\/li>\n<li>Za \u015bp. Tadeusza Dziducha \u2013 intencja od przyjaci\u00f3\u0142 c\u00f3rki Joli \u2013 wtorek, godz. 6.30.<\/li>\n<li>Za dusze w czy\u015b\u0107cu cierpi\u0105ce \u2013 intencja od Apostolskiego Dzie\u0142a Pomocy dla Czy\u015b\u0107ca \u2013 wtorek, godz. 7.00.<\/li>\n<li>W intencji zmar\u0142ych mieszka\u0144c\u00f3w ul. Moniuszki i ul. przyleg\u0142ych \u2013 \u015broda, godz. 6.30.<\/li>\n<li>W intencji nowennowych pr\u00f3\u015bb i podzi\u0119kowa\u0144 do MB Pocieszenia \u2013 \u015broda, godz. 18.00.<\/li>\n<li>W intencji Si\u00f3str i wszystkich pracownik\u00f3w Przedszkola SS. S\u0142u\u017cebniczek \u2013 intencja od rodzic\u00f3w i dzieci \u2013 \u015broda, godz. 18.00.<\/li>\n<li>Z R\u00f3\u017cy \u015bw. Antoniego \u2013 czwartek, godz. 18.00.<\/li>\n<li>W intencji wszystkich R\u00f3\u017c R\u00f3\u017ca\u0144cowych \u2013 czwartek, godz. 18.00.<\/li>\n<li>Z intencji Ko\u0142a Przyjaci\u00f3\u0142 Radia Maryja \u2013 pi\u0105tek, godz. 18.00.<\/li>\n<li>Za \u015bp. Lucyn\u0119 D\u0105browsk\u0105 \u2013 intencja od koleg\u00f3w i kole\u017canek z Gimnazjum i dawnej SP nr 3 w Le\u017cajsku \u2013 sobota, godz. 18.00.<\/li>\n<\/ul>\n<p>W ostatnim tygodniu odszed\u0142 od nas do wieczno\u015bci <strong>\u015bp. Zbigniew Wilk<\/strong> z ul. Kopernika \u2013 wieczny odpoczynek\u2026<\/p>\n","protected":false},"excerpt":{"rendered":"<p>Z racji dzisiejszej uroczysto\u015bci, ka\u017cdy kto pobo\u017cnie i publicznie odm\u00f3wi dzi\u015b hymn \u201eO\u00a0Stworzycielu Duchu przyjd\u017a\u2026\u201d, mo\u017ce zyska\u0107 odpust zupe\u0142ny pod zwyk\u0142ymi warunkami. Dzi\u015b zapraszamy jeszcze na nabo\u017ce\u0144stw do Naj\u015bwi\u0119tszego Serca Pana Jezusa na godz. 17.30. Jutro w poniedzia\u0142ek \u015awi\u0119to NMP Matki Ko\u015bcio\u0142a. Msze \u015bw. w ko\u015bciele Farnym o\u00a0godz. 30, 7.00, 8.30, 10.00, 16.00 i 18.00. [&hellip;]<\/p>\n","protected":false},"author":4,"featured_media":0,"comment_status":"closed","ping_status":"open","sticky":false,"template":"","format":"standard","meta":[],"categories":[5],"tags":[],"_links":{"self":[{"href":"https:\/\/lezajsk.przemyska.pl\/index.php?rest_route=\/wp\/v2\/posts\/8762"}],"collection":[{"href":"https:\/\/lezajsk.przemyska.pl\/index.php?rest_route=\/wp\/v2\/posts"}],"about":[{"href":"https:\/\/lezajsk.przemyska.pl\/index.php?rest_route=\/wp\/v2\/types\/post"}],"author":[{"embeddable":true,"href":"https:\/\/lezajsk.przemyska.pl\/index.php?rest_route=\/wp\/v2\/users\/4"}],"replies":[{"embeddable":true,"href":"https:\/\/lezajsk.przemyska.pl\/index.php?rest_route=%2Fwp%2Fv2%2Fcomments&post=8762"}],"version-history":[{"count":1,"href":"https:\/\/lezajsk.przemyska.pl\/index.php?rest_route=\/wp\/v2\/posts\/8762\/revisions"}],"predecessor-version":[{"id":8763,"href":"https:\/\/lezajsk.przemyska.pl\/index.php?rest_route=\/wp\/v2\/posts\/8762\/revisions\/8763"}],"wp:attachment":[{"href":"https:\/\/lezajsk.przemyska.pl\/index.php?rest_route=%2Fwp%2Fv2%2Fmedia&parent=8762"}],"wp:term":[{"taxonomy":"category","embeddable":true,"href":"https:\/\/lezajsk.przemyska.pl\/index.php?rest_route=%2Fwp%2Fv2%2Fcategories&post=8762"},{"taxonomy":"post_tag","embeddable":true,"href":"https:\/\/lezajsk.przemyska.pl\/index.php?rest_route=%2Fwp%2Fv2%2Ftags&post=8762"}],"curies":[{"name":"wp","href":"https:\/\/api.w.org\/{rel}","templated":true}]}}