
{"id":8752,"date":"2019-05-18T20:43:28","date_gmt":"2019-05-18T18:43:28","guid":{"rendered":"http:\/\/lezajsk.przemyska.pl\/?p=8752"},"modified":"2019-05-18T21:06:47","modified_gmt":"2019-05-18T19:06:47","slug":"v-niedziela-wielkanocna-19-05-2019-r","status":"publish","type":"post","link":"https:\/\/lezajsk.przemyska.pl\/?p=8752","title":{"rendered":"V Niedziela Wielkanocna (19.05.2019 r.)"},"content":{"rendered":"<ol>\n<li>Dzi\u015b zapraszamy jeszcze na <strong>nabo\u017ce\u0144stwo majowe o godz. 17.30<\/strong>. W ci\u0105gu tygodnia nabo\u017ce\u0144stwa rozpoczynaj\u0105 si\u0119 o godz. 18.00 litani\u0105 do Matki Bo\u017cej a po niej Msza \u015bw. wieczorna.<\/li>\n<li>W poniedzia\u0142ek po Mszy \u015awi\u0119tej wieczornej spotkanie Akcji Katolickiej. Serdecznie zapraszamy.<\/li>\n<li>We wtorek na nabo\u017ce\u0144stwo majowe (18.00) w intencji nauczycieli i wychowawc\u00f3w oraz\u00a0 Msz\u0119 \u015awi\u0119t\u0105 i spotkanie formacyjne na plebani &#8222;Maryja &#8211; Matka i wychowawczyni&#8221; zapraszamy wszystkich nauczycieli, wychowawc\u00f3w i pracownik\u00f3w o\u015bwiaty.<\/li>\n<li>W pi\u0105tek po Mszy \u015bw. wieczornej, kolejne <strong>spotkanie dla ma\u0142\u017conk\u00f3w<\/strong>, nie tylko m\u0142odych. Wszystkich zainteresowanych serdecznie zapraszamy do wsp\u00f3lnoty.<\/li>\n<li>W sobot\u0119 mieszka\u0144cy ul. Moniuszki i s\u0105siednich zapraszaj\u0105 na <strong>maj\u00f3wk\u0119 przy kapliczce<\/strong> na\u00a0godz. 19.00.<\/li>\n<li>Za tydzie\u0144 w niedziel\u0119, na Mszy \u015bw. o godz. 11.30, nasz rodak <strong>ks.<\/strong>\u00a0<strong>pra\u0142. Bartosz Rajnowski \u2013 Kanclerz Kurii Metropolitalnej w Przemy\u015blu<\/strong>, b\u0119dzie \u015bwi\u0119towa\u0142 sw\u00f3j <strong>Srebrny Jubileusz Kap\u0142a\u0144stwa<\/strong>. W imieniu Jubilata serdecznie wszystkich zapraszamy do wsp\u00f3lnej modlitwy i dzi\u0119kczynienia Bogu za dar kap\u0142a\u0144stwa.<\/li>\n<li>W <strong>Siewcy<\/strong> do nabycia prasa i publikacje katolickie.<\/li>\n<li>\u00a0W Bazylice OO. Bernardyn\u00f3w kolejny Przegl\u0105d Pie\u015bni Maryjnej. Szczeg\u00f3\u0142y na plakacie.<\/li>\n<\/ol>\n<p><strong><u>Intencje zbiorowe: <\/u><\/strong><\/p>\n<ul>\n<li>Z R\u00f3\u017cy \u015bw. Jana Paw\u0142a II \u2013 poniedzia\u0142ek, godz. 18.00.<\/li>\n<li>Za \u015bp. Zofi\u0119 Samolewicz \u2013 intencja od s\u0105siad\u00f3w z klatki \u2013 wtorek, godz. 6.30.<\/li>\n<li>Za dusze w czy\u015b\u0107cu cierpi\u0105ce \u2013 intencja od Apostolskiego Dzie\u0142a Pomocy Duszom Czy\u015b\u0107cowym \u2013 wtorek, godz. 7.00.<\/li>\n<li>W intencji nowennowych pr\u00f3\u015bb i podzi\u0119kowa\u0144 do MB Pocieszenia \u2013 \u015broda, godz. 18.00.<\/li>\n<li>Za \u015bp. Zofi\u0119 Z\u0105bczyk \u2013 intencja od kole\u017canek i koleg\u00f3w z pracy Ma\u0142gorzaty \u2013 pi\u0105tek, godz. 6.30.<\/li>\n<li>Z intencji Bractwa Szkaplerza \u015awi\u0119tego \u2013 pi\u0105tek, godz. 18.00.<\/li>\n<li>Msze \u015awi\u0119te gregoria\u0144skie za \u015bp . Stanis\u0142aw\u0119 Kozyra &#8211; pocz\u0105tek 20 maja, godz. 18.00 (poza parafi\u0105)<\/li>\n<\/ul>\n<p>W ostatnim tygodniu odesz\u0142a od nas do wieczno\u015bci <strong>\u015bp. W\u0142adys\u0142awa J\u00f3zefko\u00a0<\/strong>z ul.\u00a0Sk\u0142odowskiej \u2013 wieczny odpoczynek \u2026<\/p>\n","protected":false},"excerpt":{"rendered":"<p>Dzi\u015b zapraszamy jeszcze na nabo\u017ce\u0144stwo majowe o godz. 17.30. W ci\u0105gu tygodnia nabo\u017ce\u0144stwa rozpoczynaj\u0105 si\u0119 o godz. 18.00 litani\u0105 do Matki Bo\u017cej a po niej Msza \u015bw. wieczorna. W poniedzia\u0142ek po Mszy \u015awi\u0119tej wieczornej spotkanie Akcji Katolickiej. Serdecznie zapraszamy. We wtorek na nabo\u017ce\u0144stwo majowe (18.00) w intencji nauczycieli i wychowawc\u00f3w oraz\u00a0 Msz\u0119 \u015awi\u0119t\u0105 i spotkanie [&hellip;]<\/p>\n","protected":false},"author":5,"featured_media":0,"comment_status":"closed","ping_status":"open","sticky":false,"template":"","format":"standard","meta":[],"categories":[5],"tags":[],"_links":{"self":[{"href":"https:\/\/lezajsk.przemyska.pl\/index.php?rest_route=\/wp\/v2\/posts\/8752"}],"collection":[{"href":"https:\/\/lezajsk.przemyska.pl\/index.php?rest_route=\/wp\/v2\/posts"}],"about":[{"href":"https:\/\/lezajsk.przemyska.pl\/index.php?rest_route=\/wp\/v2\/types\/post"}],"author":[{"embeddable":true,"href":"https:\/\/lezajsk.przemyska.pl\/index.php?rest_route=\/wp\/v2\/users\/5"}],"replies":[{"embeddable":true,"href":"https:\/\/lezajsk.przemyska.pl\/index.php?rest_route=%2Fwp%2Fv2%2Fcomments&post=8752"}],"version-history":[{"count":3,"href":"https:\/\/lezajsk.przemyska.pl\/index.php?rest_route=\/wp\/v2\/posts\/8752\/revisions"}],"predecessor-version":[{"id":8755,"href":"https:\/\/lezajsk.przemyska.pl\/index.php?rest_route=\/wp\/v2\/posts\/8752\/revisions\/8755"}],"wp:attachment":[{"href":"https:\/\/lezajsk.przemyska.pl\/index.php?rest_route=%2Fwp%2Fv2%2Fmedia&parent=8752"}],"wp:term":[{"taxonomy":"category","embeddable":true,"href":"https:\/\/lezajsk.przemyska.pl\/index.php?rest_route=%2Fwp%2Fv2%2Fcategories&post=8752"},{"taxonomy":"post_tag","embeddable":true,"href":"https:\/\/lezajsk.przemyska.pl\/index.php?rest_route=%2Fwp%2Fv2%2Ftags&post=8752"}],"curies":[{"name":"wp","href":"https:\/\/api.w.org\/{rel}","templated":true}]}}