
{"id":8746,"date":"2019-05-14T10:03:21","date_gmt":"2019-05-14T08:03:21","guid":{"rendered":"http:\/\/lezajsk.przemyska.pl\/?p=8746"},"modified":"2019-06-11T12:14:23","modified_gmt":"2019-06-11T10:14:23","slug":"13-maja-13-pazdziernika-nabozenstwa-fatimskie","status":"publish","type":"post","link":"https:\/\/lezajsk.przemyska.pl\/?p=8746","title":{"rendered":"13 czerwca &#8211; Nabo\u017ce\u0144stwo Fatimskie w naszej parafii. ZAPRASZAMY."},"content":{"rendered":"<p>13 maja rozpocz\u0119li\u015bmy\u00a0nabo\u017ce\u0144stwa fatimskie, kt\u00f3re s\u0105 wype\u0142nieniem woli Maryi i odpowiedzi\u0105 na Jej objawienie si\u0119 i s\u0142owa w Fatimie wypowiedziane do tr\u00f3jki dzieci w 1917 roku w Portugalii. Przez modlitw\u0119 r\u00f3\u017ca\u0144cow\u0105 rozwa\u017camy \u017cycie i postaw\u0119 Matki Bo\u017cej oraz Jej Syna, Wcielonego Jednorodzonego Syna Bo\u017cego, kt\u00f3ry dla naszego zbawienia sta\u0142 si\u0119 cz\u0142owiekiem i ofiarowa\u0142 swoje \u017cycie za nas na krzy\u017cu. Nabo\u017ce\u0144stwa Fatimskie w naszym parafii odprawiamy 13-ego dnia miesi\u0105ca od maja do pa\u017adziernika w\u0142\u0105cznie! Rozpoczynamy o godz. 18.000 Msz\u0105 \u015bw. z tematycznym kazaniem a po Mszy procesja fatimska z figur\u0105 Matki Bo\u017cej wok\u00f3\u0142 ko\u015bcio\u0142a!<\/p>\n<p style=\"text-align: center;\">Matko Bo\u017ca Fatimska<br \/>\nwdzi\u0119czni na\u00a0nowo<br \/>\nza Twoj\u0105 macierzy\u0144sk\u0105 obecno\u015b\u0107<br \/>\ndo\u0142\u0105czamy nasz g\u0142os<br \/>\ndo wszystkich pokole\u0144,<br \/>\nkt\u00f3re nazywaj\u0105 Ciebie b\u0142ogos\u0142awion\u0105.<\/p>\n<p style=\"text-align: center;\">\u015awi\u0119tujemy w\u00a0Tobie<br \/>\nwielkie dzie\u0142a Boga,<br \/>\nkt\u00f3ry nigdy nie\u00a0przestaje<br \/>\nmi\u0142osiernie pochyla\u0107 si\u0119<br \/>\nnad ludzko\u015bci\u0105, n\u0119kan\u0105 przez\u00a0z\u0142o<br \/>\ni zranion\u0105 przez\u00a0grzech,<br \/>\naby j\u0105 uzdrowi\u0107 i\u00a0zbawi\u0107.<\/p>\n<p style=\"text-align: center;\">Przyjmij z\u00a0macierzy\u0144sk\u0105 \u0142askawo\u015bci\u0105<br \/>\nakt zawierzenia,<br \/>\ndokonywany przez\u00a0nas dzisiaj z\u00a0ufno\u015bci\u0105,<br \/>\nw obliczu tak\u00a0nam drogiego Twego wizerunku.<\/p>\n<p style=\"text-align: center;\">Jeste\u015bmy pewni, \u017ce\u00a0ka\u017cdy z\u00a0nas<br \/>\njest cenny w\u00a0Twoich\u00a0oczach<br \/>\ni \u017ce\u00a0nie\u00a0jest Ci obce nic z\u00a0tego,<br \/>\nco mieszka w\u00a0naszych sercach.<\/p>\n<p style=\"text-align: center;\">Chcemy, by\u00a0dotar\u0142o do\u00a0nas<br \/>\nTwoje najs\u0142odsze spojrzenie,<br \/>\ni by\u015bmy zyskali<br \/>\npocieszaj\u0105c\u0105 serdeczno\u015b\u0107<br \/>\nTwojego u\u015bmiechu.<\/p>\n<p style=\"text-align: center;\">Chro\u0144 nasze \u017cycie<br \/>\nw Twoich\u00a0ramionach:<br \/>\nb\u0142ogos\u0142aw i\u00a0umacniaj<br \/>\nka\u017cde pragnienie dobra;<br \/>\no\u017cywiaj i\u00a0posilaj wiar\u0119;<br \/>\nwspieraj i\u00a0rozja\u015bniaj nadziej\u0119;<br \/>\nrozbudzaj i\u00a0o\u017cywiaj mi\u0142osierdzie:<br \/>\nprowad\u017a nas wszystkich<br \/>\nna drodze \u015bwi\u0119to\u015bci.<\/p>\n<p style=\"text-align: center;\">Naucz nas swojej mi\u0142o\u015bci<br \/>\ni szczeg\u00f3lnego upodobania<br \/>\ndla maluczkich i\u00a0ubogich,<br \/>\ndla wykluczonych i\u00a0cierpi\u0105cych,<br \/>\ndla grzesznik\u00f3w i\u00a0serc zagubionych:<br \/>\nwszystkich otocz Twoj\u0105 ochron\u0105<br \/>\ni wszystkich przeka\u017c<br \/>\nTwojemu umi\u0142owanemu Synowi,<br \/>\na Panu naszemu Jezusowi. Amen.<\/p>\n","protected":false},"excerpt":{"rendered":"<p>13 maja rozpocz\u0119li\u015bmy\u00a0nabo\u017ce\u0144stwa fatimskie, kt\u00f3re s\u0105 wype\u0142nieniem woli Maryi i odpowiedzi\u0105 na Jej objawienie si\u0119 i s\u0142owa w Fatimie wypowiedziane do tr\u00f3jki dzieci w 1917 roku w Portugalii. Przez modlitw\u0119 r\u00f3\u017ca\u0144cow\u0105 rozwa\u017camy \u017cycie i postaw\u0119 Matki Bo\u017cej oraz Jej Syna, Wcielonego Jednorodzonego Syna Bo\u017cego, kt\u00f3ry dla naszego zbawienia sta\u0142 si\u0119 cz\u0142owiekiem i ofiarowa\u0142 swoje \u017cycie [&hellip;]<\/p>\n","protected":false},"author":5,"featured_media":8747,"comment_status":"closed","ping_status":"open","sticky":false,"template":"","format":"standard","meta":[],"categories":[4],"tags":[],"_links":{"self":[{"href":"https:\/\/lezajsk.przemyska.pl\/index.php?rest_route=\/wp\/v2\/posts\/8746"}],"collection":[{"href":"https:\/\/lezajsk.przemyska.pl\/index.php?rest_route=\/wp\/v2\/posts"}],"about":[{"href":"https:\/\/lezajsk.przemyska.pl\/index.php?rest_route=\/wp\/v2\/types\/post"}],"author":[{"embeddable":true,"href":"https:\/\/lezajsk.przemyska.pl\/index.php?rest_route=\/wp\/v2\/users\/5"}],"replies":[{"embeddable":true,"href":"https:\/\/lezajsk.przemyska.pl\/index.php?rest_route=%2Fwp%2Fv2%2Fcomments&post=8746"}],"version-history":[{"count":5,"href":"https:\/\/lezajsk.przemyska.pl\/index.php?rest_route=\/wp\/v2\/posts\/8746\/revisions"}],"predecessor-version":[{"id":8766,"href":"https:\/\/lezajsk.przemyska.pl\/index.php?rest_route=\/wp\/v2\/posts\/8746\/revisions\/8766"}],"wp:featuredmedia":[{"embeddable":true,"href":"https:\/\/lezajsk.przemyska.pl\/index.php?rest_route=\/wp\/v2\/media\/8747"}],"wp:attachment":[{"href":"https:\/\/lezajsk.przemyska.pl\/index.php?rest_route=%2Fwp%2Fv2%2Fmedia&parent=8746"}],"wp:term":[{"taxonomy":"category","embeddable":true,"href":"https:\/\/lezajsk.przemyska.pl\/index.php?rest_route=%2Fwp%2Fv2%2Fcategories&post=8746"},{"taxonomy":"post_tag","embeddable":true,"href":"https:\/\/lezajsk.przemyska.pl\/index.php?rest_route=%2Fwp%2Fv2%2Ftags&post=8746"}],"curies":[{"name":"wp","href":"https:\/\/api.w.org\/{rel}","templated":true}]}}