
{"id":8417,"date":"2019-04-29T09:22:53","date_gmt":"2019-04-29T07:22:53","guid":{"rendered":"http:\/\/lezajsk.przemyska.pl\/?p=8417"},"modified":"2019-05-01T17:09:21","modified_gmt":"2019-05-01T15:09:21","slug":"35-lat-strazy-honorowej-nspj-w-lezajsku","status":"publish","type":"post","link":"https:\/\/lezajsk.przemyska.pl\/?p=8417","title":{"rendered":"35 lat Stra\u017cy Honorowej Naj\u015bwi\u0119tszego Serca Pana Jezusa w Le\u017cajsku&#8230;"},"content":{"rendered":"<p style=\"text-align: center;\"><strong>Stra\u017c Honorowa NSPJ\u00a0<\/strong><strong>w parafii pw.\u00a0\u015awi\u0119tej Tr\u00f3jcy w Le\u017cajsku<\/strong><strong>\u00a0<\/strong><\/p>\n<p>Stra\u017c Honorowa Naj\u015bwi\u0119tszego Serca Pana Jezusa powsta\u0142a w Le\u017cajskiej Farze z inicjatywy Pani Anny Jaszowskiej przy ca\u0142kowitym poparciu \u00f3wczesnego proboszcza \u015bp. ks. J\u00f3zefa W\u00f3jcika, kt\u00f3ry by\u0142 jej duchowym opiekunem. Dnia 29 kwietnia 1984 roku przyby\u0142 do parafii ks. Biskup Tadeusz B\u0142aszkiewicz i uroczy\u015bcie przyj\u0105\u0142 do Bractwa dwudziestu cz\u0142onk\u00f3w. Nazwiska wszystkich cz\u0142onk\u00f3w i ich godziny modlitewnego czuwania wpisane s\u0105 w Zegarze Stra\u017cy Honorowej umieszczonym w kaplicy bocznej ko\u015bcio\u0142a. Naszymi opiekunami byli:<br \/>\nks. Zbigniew Bucior,<br \/>\nks. Grzegorz Kowalczyk \u2013 od 2004 roku,<br \/>\nks. Mariusz Pelc \u2013 od 2007 do 2010 roku,<br \/>\nks. Pawe\u0142 Polasz \u2013 od 2010 do 2013 roku,<br \/>\nks. Jacek \u0141uc \u2013 od 2013 do 2014 roku,<br \/>\nks. Wac\u0142aw Zygarowicz\u00a0\u2013 od 2014 do 2017 roku<br \/>\ndk. Pawe\u0142 Wo\u0142oszyn.<br \/>\nOd wrze\u015bnia 2018 roku opiekunem naszego Bractwa Stra\u017cy Honorowej jest <strong>ks. Grzegorz Rogoz<\/strong>. Obecnie nasza wsp\u00f3lnota liczy 74 cz\u0142onk\u00f3w. W ka\u017cdy wtorek po pierwszym pi\u0105tku miesi\u0105ca odbywa si\u0119 spotkanie formacyjne prowadzone przez ks. Opiekuna. Na spotkanie przychodzi oko\u0142o 30 cz\u0142onk\u00f3w.\u00a0W ka\u017cdy pierwszy pi\u0105tek miesi\u0105ca o godz. 18<sup>00<\/sup> uczestniczymy we Mszy \u015aw. wynagradzaj\u0105cej NSPJ za grzechy nasze i ca\u0142ego \u015bwiata. Po Mszy \u015aw. Mamy godzinn\u0105 adoracj\u0119 Naj\u015bwi\u0119tszego Sakramentu i wymieniamy &#8222;bilety stra\u017cowe&#8221;. Stra\u017c\u00a0 Honorowa adoruje Pana Jezusa w ka\u017cdy pi\u0105tek przed Msz\u0105 \u015bw. Od godz 17<sup>00<\/sup>do 18<sup>00<\/sup> , odmawiamy R\u00f3\u017caniec \u015bw. Z rozwa\u017caniami tajemnic. Bierzemy udzia\u0142 w \u017cyciu parafii uczestnicz\u0105c we wszystkich uroczysto\u015bciach ko\u015bcielnych, szczeg\u00f3lnie podczas rezurekcji i procesji Bo\u017cego Cia\u0142a. W procesji niesiemy sztandar i figur\u0119 Serca Pana Jezusa. Ka\u017cdego roku uroczysty charakter maj\u0105 dwa \u015bwi\u0119ta patronalne Stra\u017cy Honorowej NSPJ:\u00a0 Uroczysto\u015b\u0107 Naj\u015bwi\u0119tszego Serca Pana Jezusa i wspomnienie \u015bw. Ma\u0142gorzaty Marii Alacogue. Cz\u0142onkowie naszego Bractwa co roku bior\u0105 udzia\u0142 w Og\u00f3lnopolskiej Pielgrzymce na Jasn\u0105 G\u00f3r\u0119. Bierzemy udzia\u0142 w rekolekcjach dla Stra\u017cy Honorowej w Opactwie w Jaros\u0142awiu. Uczestniczymy w corocznych diecezjalnych spotkaniach cz\u0142onk\u00f3w Stra\u017cy Honorowej w r\u00f3\u017cnych parafiach diecezji.<br \/>\nW niedziel\u0119 Mi\u0142osierdzia Bo\u017cego 28 kwietnia 2019 r. podczas Mszy \u015awi\u0119tej o godzinie 11.30\u00a0 \u015bwi\u0119towali\u015bmy 35-lecie powstania Stra\u017cy Honorowej NSPJ w naszej parafii.\u00a0<span style=\"color: #ff0000;\"><strong>Zdj\u0119cia z tego wydarzenia w GALERII.<\/strong><\/span><\/p>\n<p>Dalsz\u0105 dzia\u0142alno\u015b\u0107 zawierzamy Naj\u015bwi\u0119tszemu Sercu Jezusa i Maryi, prosz\u0105c o rozw\u00f3j duchowy i liczebny.<\/p>\n<p style=\"text-align: right;\">\u00a0 \u00a0\u00a0\u00a0\u00a0\u00a0\u00a0\u00a0\u00a0\u00a0\u00a0\u00a0\u00a0\u00a0\u00a0\u00a0\u00a0\u00a0\u00a0\u00a0\u00a0\u00a0\u00a0\u00a0\u00a0\u00a0\u00a0\u00a0Lucyna Baj<\/p>\n","protected":false},"excerpt":{"rendered":"<p>Stra\u017c Honorowa NSPJ\u00a0w parafii pw.\u00a0\u015awi\u0119tej Tr\u00f3jcy w Le\u017cajsku\u00a0 Stra\u017c Honorowa Naj\u015bwi\u0119tszego Serca Pana Jezusa powsta\u0142a w Le\u017cajskiej Farze z inicjatywy Pani Anny Jaszowskiej przy ca\u0142kowitym poparciu \u00f3wczesnego proboszcza \u015bp. ks. J\u00f3zefa W\u00f3jcika, kt\u00f3ry by\u0142 jej duchowym opiekunem. Dnia 29 kwietnia 1984 roku przyby\u0142 do parafii ks. Biskup Tadeusz B\u0142aszkiewicz i uroczy\u015bcie przyj\u0105\u0142 do Bractwa dwudziestu [&hellip;]<\/p>\n","protected":false},"author":5,"featured_media":8418,"comment_status":"closed","ping_status":"open","sticky":false,"template":"","format":"standard","meta":[],"categories":[4],"tags":[],"_links":{"self":[{"href":"https:\/\/lezajsk.przemyska.pl\/index.php?rest_route=\/wp\/v2\/posts\/8417"}],"collection":[{"href":"https:\/\/lezajsk.przemyska.pl\/index.php?rest_route=\/wp\/v2\/posts"}],"about":[{"href":"https:\/\/lezajsk.przemyska.pl\/index.php?rest_route=\/wp\/v2\/types\/post"}],"author":[{"embeddable":true,"href":"https:\/\/lezajsk.przemyska.pl\/index.php?rest_route=\/wp\/v2\/users\/5"}],"replies":[{"embeddable":true,"href":"https:\/\/lezajsk.przemyska.pl\/index.php?rest_route=%2Fwp%2Fv2%2Fcomments&post=8417"}],"version-history":[{"count":4,"href":"https:\/\/lezajsk.przemyska.pl\/index.php?rest_route=\/wp\/v2\/posts\/8417\/revisions"}],"predecessor-version":[{"id":8463,"href":"https:\/\/lezajsk.przemyska.pl\/index.php?rest_route=\/wp\/v2\/posts\/8417\/revisions\/8463"}],"wp:featuredmedia":[{"embeddable":true,"href":"https:\/\/lezajsk.przemyska.pl\/index.php?rest_route=\/wp\/v2\/media\/8418"}],"wp:attachment":[{"href":"https:\/\/lezajsk.przemyska.pl\/index.php?rest_route=%2Fwp%2Fv2%2Fmedia&parent=8417"}],"wp:term":[{"taxonomy":"category","embeddable":true,"href":"https:\/\/lezajsk.przemyska.pl\/index.php?rest_route=%2Fwp%2Fv2%2Fcategories&post=8417"},{"taxonomy":"post_tag","embeddable":true,"href":"https:\/\/lezajsk.przemyska.pl\/index.php?rest_route=%2Fwp%2Fv2%2Ftags&post=8417"}],"curies":[{"name":"wp","href":"https:\/\/api.w.org\/{rel}","templated":true}]}}