
{"id":8322,"date":"2019-04-21T20:12:09","date_gmt":"2019-04-21T18:12:09","guid":{"rendered":"http:\/\/lezajsk.przemyska.pl\/?p=8322"},"modified":"2019-04-21T20:12:09","modified_gmt":"2019-04-21T18:12:09","slug":"poniedzialek-wielkanocny-22-04-2019-r","status":"publish","type":"post","link":"https:\/\/lezajsk.przemyska.pl\/?p=8322","title":{"rendered":"Poniedzia\u0142ek Wielkanocny (22.04.2019 r.)"},"content":{"rendered":"<ol>\n<li>Rozpoczynamy tzw. <strong>\u201eBia\u0142y Tydzie\u0144\u201d \u2013 oktaw\u0119 Wielkanocy<\/strong>, kt\u00f3ra jest przed\u0142u\u017ceniem \u015bwi\u0119towania pami\u0105tki Zmartwychwstania Pana Jezusa na ca\u0142y tydzie\u0144, dlatego <strong>w\u00a0najbli\u017cszy pi\u0105tek nie obowi\u0105zuje wstrzemi\u0119\u017aliwo\u015b\u0107 od pokarm\u00f3w mi\u0119snych<\/strong>.<\/li>\n<li>W \u015brod\u0119 <strong>dzie\u0144 imienin naszego wikariusza ks. Grzegorza Rogoza<\/strong>.<\/li>\n<li>W czwartek przypada <strong>\u015bwi\u0119to \u015bw. Marka<\/strong> \u2013 Ewangelisty. <strong>Dzie\u0144 imienin naszego ks. Proboszcza<\/strong>. Tak\u017ce o Nim pami\u0119tajmy z tej okazji w naszych modlitwach.<\/li>\n<li>Tak\u017ce w czwartek o godz. 16.00 w ko\u015bciele pr\u00f3ba <strong>dzieci z klas III<\/strong>, przygotowuj\u0105cych si\u0119 do przyj\u0119cia I Komunii \u015bw.<\/li>\n<li>Najbli\u017csza niedziela, to <strong>Niedziela Mi\u0142osierdzia Bo\u017cego<\/strong> i z tej okazji za tydzie\u0144 po ka\u017cdej Mszy \u015bw. odm\u00f3wimy <strong>Koronk\u0119 do Bo\u017cego Mi\u0142osierdzia<\/strong>. Ponadto, w\u00a0ko\u015bciele Jezusa Mi\u0142osiernego, odm\u00f3wimy Koronk\u0119 do Bo\u017cego Mi\u0142osierdzia o\u00a0godz. 15.00. <strong>Przypominamy, \u017ce nowenna przed \u015bwi\u0119tem Mi\u0142osierdzia Bo\u017cego jest odprawiana codziennie o godz. 17.30.<\/strong><\/li>\n<li>Tak\u017ce w Niedziel\u0119 Bo\u017cego Mi\u0142osierdzia rozpocznie si\u0119 kolejny <strong>Tydzie\u0144 Mi\u0142osierdzia<\/strong>. Z tej okazji za tydzie\u0144 po ka\u017cdej Mszy \u015bw. <strong>zbi\u00f3rka do puszek z przeznaczeniem na potrzeby Caritas. <\/strong>O przeprowadzenie tej\u017ce zbi\u00f3rki prosimy R\u00f3\u017ce R\u00f3\u017ca\u0144cowe.<\/li>\n<li>Wszyscy Ci, kt\u00f3rzy przez okres Wielkiego Postu oszcz\u0119dzali pieni\u0105\u017cki do specjalnych <strong>skarbonek Caritas, <\/strong>prosimy, aby przynie\u015bli je w najbli\u017csz\u0105 niedziel\u0119 i z\u0142o\u017cyli jako dar ofiarny w czasie dowolnej Mszy \u015bw.<\/li>\n<li>W imieniu obdarowanych rodzin, sk\u0142adamy serdeczne <strong>podzi\u0119kowanie<\/strong> tym wszystkim, kt\u00f3rzy podzielili si\u0119 <strong>darami na st\u00f3\u0142 wielkanocny<\/strong>.<\/li>\n<li><strong>W Siewcy<\/strong> przed po\u0142udniem do nabycia prasa i publikacje katolickie.<\/li>\n<\/ol>\n<p><strong><u>Intencje zbiorowe: <\/u><\/strong><\/p>\n<ul>\n<li>Za \u015bp. Katarzyn\u0119 Nahajsk\u0105 \u2013 intencja od najbli\u017cszych s\u0105siad\u00f3w z klatki \u2013 wtorek, godz. 6.30.<\/li>\n<li>Za \u015bp. Lucyn\u0119 D\u0105browsk\u0105 \u2013 intencja od s\u0105siad\u00f3w \u2013 \u015broda, godz. 6.30.<\/li>\n<li>W intencji nowennowych pr\u00f3\u015bb i podzi\u0119kowa\u0144 do MB Pocieszenia \u2013 \u015broda, godz. 18.00.<\/li>\n<li>W intencji ks. Grzegorza Rogoza z okazji imienin \u2013 intencja od Stra\u017cy Honorowej NSPJ \u2013 \u015broda, godz. 18.00.<\/li>\n<li>W intencji ks. Proboszcza z okazji imienin \u2013 Msze \u015bw. od Akcji Katolickiej, Stra\u017cy Honorowej NSPJ,\u00a0 R\u00f3\u017c R\u00f3\u017ca\u0144cowych i Bractwa Szkaplerza \u015awi\u0119tego \u2013 czwartek, godz. 18.00.<\/li>\n<li>Za dusze w czy\u015b\u0107cu cierpi\u0105ce \u2013 intencja od Apostolskiego Dzie\u0142a Pomocy Duszom Czy\u015b\u0107cowym \u2013 pi\u0105tek, godz. 6.30.<\/li>\n<li>Z intencji Bractwa Szkaplerza \u015awi\u0119tego \u2013 pi\u0105tek, godz. 18.00.<\/li>\n<li>Za \u015bp. W\u0142adys\u0142aw\u0119 Latawiec \u2013 intencja od kole\u017canek mi koleg\u00f3w z Poradni Zdrowia Psychicznego i Poradni Odwykowej \u2013 sobota, godz. 7.00.<\/li>\n<li>Z R\u00f3\u017cy \u015aw. Jana Paw\u0142a II \u2013 sobota, godz. 18.00.<\/li>\n<li>W intencji ks. Kamila i wolontariuszy Szlachetnej Paczki \u2013 niedziela, godz. 7.00.<\/li>\n<li>W intencji Stra\u017cy Honorowej NSPJ w 35 rocznic\u0119 jej istnienia \u2013 niedziela, godz. 11.30.<\/li>\n<\/ul>\n<p>W ostatnim tygodniu odesz\u0142a od nas do wieczno\u015bci <strong>\u015bp. Antonina Kwiatek <\/strong>zam. ul. Rynek \u2013 wieczny odpoczynek \u2026..<\/p>\n","protected":false},"excerpt":{"rendered":"<p>Rozpoczynamy tzw. \u201eBia\u0142y Tydzie\u0144\u201d \u2013 oktaw\u0119 Wielkanocy, kt\u00f3ra jest przed\u0142u\u017ceniem \u015bwi\u0119towania pami\u0105tki Zmartwychwstania Pana Jezusa na ca\u0142y tydzie\u0144, dlatego w\u00a0najbli\u017cszy pi\u0105tek nie obowi\u0105zuje wstrzemi\u0119\u017aliwo\u015b\u0107 od pokarm\u00f3w mi\u0119snych. W \u015brod\u0119 dzie\u0144 imienin naszego wikariusza ks. Grzegorza Rogoza. W czwartek przypada \u015bwi\u0119to \u015bw. Marka \u2013 Ewangelisty. Dzie\u0144 imienin naszego ks. Proboszcza. Tak\u017ce o Nim pami\u0119tajmy z tej [&hellip;]<\/p>\n","protected":false},"author":4,"featured_media":0,"comment_status":"closed","ping_status":"open","sticky":false,"template":"","format":"standard","meta":[],"categories":[5],"tags":[],"_links":{"self":[{"href":"https:\/\/lezajsk.przemyska.pl\/index.php?rest_route=\/wp\/v2\/posts\/8322"}],"collection":[{"href":"https:\/\/lezajsk.przemyska.pl\/index.php?rest_route=\/wp\/v2\/posts"}],"about":[{"href":"https:\/\/lezajsk.przemyska.pl\/index.php?rest_route=\/wp\/v2\/types\/post"}],"author":[{"embeddable":true,"href":"https:\/\/lezajsk.przemyska.pl\/index.php?rest_route=\/wp\/v2\/users\/4"}],"replies":[{"embeddable":true,"href":"https:\/\/lezajsk.przemyska.pl\/index.php?rest_route=%2Fwp%2Fv2%2Fcomments&post=8322"}],"version-history":[{"count":1,"href":"https:\/\/lezajsk.przemyska.pl\/index.php?rest_route=\/wp\/v2\/posts\/8322\/revisions"}],"predecessor-version":[{"id":8323,"href":"https:\/\/lezajsk.przemyska.pl\/index.php?rest_route=\/wp\/v2\/posts\/8322\/revisions\/8323"}],"wp:attachment":[{"href":"https:\/\/lezajsk.przemyska.pl\/index.php?rest_route=%2Fwp%2Fv2%2Fmedia&parent=8322"}],"wp:term":[{"taxonomy":"category","embeddable":true,"href":"https:\/\/lezajsk.przemyska.pl\/index.php?rest_route=%2Fwp%2Fv2%2Fcategories&post=8322"},{"taxonomy":"post_tag","embeddable":true,"href":"https:\/\/lezajsk.przemyska.pl\/index.php?rest_route=%2Fwp%2Fv2%2Ftags&post=8322"}],"curies":[{"name":"wp","href":"https:\/\/api.w.org\/{rel}","templated":true}]}}