
{"id":8215,"date":"2019-04-20T16:43:11","date_gmt":"2019-04-20T14:43:11","guid":{"rendered":"http:\/\/lezajsk.przemyska.pl\/?p=8215"},"modified":"2019-04-20T16:44:00","modified_gmt":"2019-04-20T14:44:00","slug":"wszystkim-parafianom-i-gosciom-zyczymy","status":"publish","type":"post","link":"https:\/\/lezajsk.przemyska.pl\/?p=8215","title":{"rendered":"Wszystkim Parafianom i Go\u015bciom &#8211; \u017bYCZYMY !!!"},"content":{"rendered":"<p><img loading=\"lazy\" class=\"alignnone size-medium wp-image-8216\" src=\"https:\/\/lezajsk.przemyska.pl\/wp-content\/uploads\/2019\/04\/FB_IMG_1555700216868005-571x640.jpg\" alt=\"\" width=\"571\" height=\"640\" srcset=\"https:\/\/lezajsk.przemyska.pl\/wp-content\/uploads\/2019\/04\/FB_IMG_1555700216868005-571x640.jpg 571w, https:\/\/lezajsk.przemyska.pl\/wp-content\/uploads\/2019\/04\/FB_IMG_1555700216868005-535x600.jpg 535w, https:\/\/lezajsk.przemyska.pl\/wp-content\/uploads\/2019\/04\/FB_IMG_1555700216868005.jpg 584w\" sizes=\"(max-width: 571px) 100vw, 571px\" \/><\/p>\n<p style=\"text-align: center;\"><strong>Z okazji \u015awi\u0105t Wielkanocnych, kiedy s\u0142yszymy radosne \u015bwiadectwo: \u201eChrystus Zmartwychwsta\u0142, prawdziwie zmartwychwsta\u0142. Alleluja!\u201d, wszystkim, do\u00a0kt\u00f3rych docieraj\u0105 te\u00a0s\u0142owa wraz z\u00a0g\u0142osem rezurekcyjnych dzwon\u00f3w, przekazujemy serdeczne \u017cyczenia pomy\u015blno\u015bci, by\u00a0Zmartwychwsta\u0142y Chrystus nape\u0142nia\u0142 Was pokojem. Niech daje Wam si\u0142\u0119 do\u00a0pokonywania trudno\u015bci, obdarzaj\u0105c wszelkimi potrzebnymi \u0142askami i\u00a0b\u0142ogos\u0142awie\u0144stwem. Niech spotkanie z\u00a0Nim w\u00a0Poranek Wielkanocny umacnia wasz\u0105 wiar\u0119 w\u00a0Jego \u017cyw\u0105 obecno\u015b\u0107 w\u00a0S\u0142owie Bo\u017cym i\u00a0Sakramentach \u015bwi\u0119tych. Niech zawsze prowadzi Was do\u00a0spotkania z\u00a0Nim w\u00a0Eucharystii i\u00a0w drugim cz\u0142owieku.<\/strong><\/p>\n<p style=\"text-align: center;\"><strong>\u00a0 \u00a0 \u00a0Jako Kap\u0142ani modlimy si\u0119, by\u00a0moc\u0105 Chrystusowego Zwyci\u0119stwa ka\u017cdy z\u00a0Was odnosi\u0142 zwyci\u0119stwo nad tym, co\u00a0jest s\u0142abe w\u00a0jego \u017cyciu i\u00a0pod\u0105\u017ca\u0142 naprz\u00f3d z\u00a0nadziej\u0105 w\u00a0blasku Zmartwychwstania.\u00a0<\/strong><\/p>\n<p style=\"text-align: right;\"><span style=\"color: #000000;\"><strong>B\u0142ogos\u0142awionych \u015awi\u0105t!<\/strong><\/span><\/p>\n<p style=\"text-align: right;\"><span style=\"color: #ff0000;\"><strong>Z modlitw\u0105<\/strong> <strong>i kap\u0142a\u0144skim b\u0142ogos\u0142awie\u0144stwem<\/strong><\/span><\/p>\n<p style=\"text-align: right;\"><span style=\"color: #ff0000;\"><strong>Wasi Duszpasterze<\/strong><\/span><\/p>\n","protected":false},"excerpt":{"rendered":"<p>Z okazji \u015awi\u0105t Wielkanocnych, kiedy s\u0142yszymy radosne \u015bwiadectwo: \u201eChrystus Zmartwychwsta\u0142, prawdziwie zmartwychwsta\u0142. Alleluja!\u201d, wszystkim, do\u00a0kt\u00f3rych docieraj\u0105 te\u00a0s\u0142owa wraz z\u00a0g\u0142osem rezurekcyjnych dzwon\u00f3w, przekazujemy serdeczne \u017cyczenia pomy\u015blno\u015bci, by\u00a0Zmartwychwsta\u0142y Chrystus nape\u0142nia\u0142 Was pokojem. Niech daje Wam si\u0142\u0119 do\u00a0pokonywania trudno\u015bci, obdarzaj\u0105c wszelkimi potrzebnymi \u0142askami i\u00a0b\u0142ogos\u0142awie\u0144stwem. Niech spotkanie z\u00a0Nim w\u00a0Poranek Wielkanocny umacnia wasz\u0105 wiar\u0119 w\u00a0Jego \u017cyw\u0105 obecno\u015b\u0107 w\u00a0S\u0142owie Bo\u017cym i\u00a0Sakramentach [&hellip;]<\/p>\n","protected":false},"author":5,"featured_media":8217,"comment_status":"closed","ping_status":"open","sticky":false,"template":"","format":"standard","meta":[],"categories":[4],"tags":[],"_links":{"self":[{"href":"https:\/\/lezajsk.przemyska.pl\/index.php?rest_route=\/wp\/v2\/posts\/8215"}],"collection":[{"href":"https:\/\/lezajsk.przemyska.pl\/index.php?rest_route=\/wp\/v2\/posts"}],"about":[{"href":"https:\/\/lezajsk.przemyska.pl\/index.php?rest_route=\/wp\/v2\/types\/post"}],"author":[{"embeddable":true,"href":"https:\/\/lezajsk.przemyska.pl\/index.php?rest_route=\/wp\/v2\/users\/5"}],"replies":[{"embeddable":true,"href":"https:\/\/lezajsk.przemyska.pl\/index.php?rest_route=%2Fwp%2Fv2%2Fcomments&post=8215"}],"version-history":[{"count":1,"href":"https:\/\/lezajsk.przemyska.pl\/index.php?rest_route=\/wp\/v2\/posts\/8215\/revisions"}],"predecessor-version":[{"id":8218,"href":"https:\/\/lezajsk.przemyska.pl\/index.php?rest_route=\/wp\/v2\/posts\/8215\/revisions\/8218"}],"wp:featuredmedia":[{"embeddable":true,"href":"https:\/\/lezajsk.przemyska.pl\/index.php?rest_route=\/wp\/v2\/media\/8217"}],"wp:attachment":[{"href":"https:\/\/lezajsk.przemyska.pl\/index.php?rest_route=%2Fwp%2Fv2%2Fmedia&parent=8215"}],"wp:term":[{"taxonomy":"category","embeddable":true,"href":"https:\/\/lezajsk.przemyska.pl\/index.php?rest_route=%2Fwp%2Fv2%2Fcategories&post=8215"},{"taxonomy":"post_tag","embeddable":true,"href":"https:\/\/lezajsk.przemyska.pl\/index.php?rest_route=%2Fwp%2Fv2%2Ftags&post=8215"}],"curies":[{"name":"wp","href":"https:\/\/api.w.org\/{rel}","templated":true}]}}