
{"id":8015,"date":"2019-04-13T11:12:05","date_gmt":"2019-04-13T09:12:05","guid":{"rendered":"http:\/\/lezajsk.przemyska.pl\/?p=8015"},"modified":"2019-04-13T11:12:52","modified_gmt":"2019-04-13T09:12:52","slug":"droga-krzyzowa-2019-lezajsk-wyszedl-na-ulice-by-sie-modlic-i-rozwazac-kolejne-stacje-drogi-krzyzowej","status":"publish","type":"post","link":"https:\/\/lezajsk.przemyska.pl\/?p=8015","title":{"rendered":"Droga Krzy\u017cowa 2019. Le\u017cajsk wyszed\u0142 na ulice, by si\u0119 modli\u0107 i rozwa\u017ca\u0107 kolejne stacje Drogi Krzy\u017cowej."},"content":{"rendered":"<p>W podnios\u0142ej atmosferze zbli\u017caj\u0105cych si\u0119 \u015bwi\u0105t wielkanocnych, mieszka\u0144cy Le\u017cajska uczestniczyli w drodze krzy\u017cowej, kt\u00f3ra rozpocz\u0119\u0142a si\u0119 pierwsz\u0105 stacj\u0105 pod Ko\u015bcio\u0142em\u00a0p.w. \u015awi\u0119tej Tr\u00f3jcy (le\u017cajska fara), a zako\u0144czy\u0142a przy Pomniku \u015aw. Jana Paw\u0142a II przy Bazylice oo. Bernardyn\u00f3w. W rozwa\u017caniach po\u015bwi\u0119conych modlitwie za Ojczyzn\u0119 i niesieniu krzy\u017ca wzi\u0119li udzia\u0142 kap\u0142ani, siostry zakonne, ministranci, klerycy oraz bardzo licznie zgromadzeni mieszka\u0144cy z obydwu le\u017cajskich parafii.<\/p>\n<p>Wsp\u00f3lna modlitwa pozwoli\u0142a mieszka\u0144com na chwil\u0119 refleksji nad wag\u0105 rozpoczynaj\u0105cego si\u0119 ju\u017c nied\u0142ugo Wielkiego Tygodnia, a atmosfera zadumy pomog\u0142a w duchowym przygotowaniu si\u0119 do \u015bwi\u0105t.<\/p>\n","protected":false},"excerpt":{"rendered":"<p>W podnios\u0142ej atmosferze zbli\u017caj\u0105cych si\u0119 \u015bwi\u0105t wielkanocnych, mieszka\u0144cy Le\u017cajska uczestniczyli w drodze krzy\u017cowej, kt\u00f3ra rozpocz\u0119\u0142a si\u0119 pierwsz\u0105 stacj\u0105 pod Ko\u015bcio\u0142em\u00a0p.w. \u015awi\u0119tej Tr\u00f3jcy (le\u017cajska fara), a zako\u0144czy\u0142a przy Pomniku \u015aw. Jana Paw\u0142a II przy Bazylice oo. Bernardyn\u00f3w. W rozwa\u017caniach po\u015bwi\u0119conych modlitwie za Ojczyzn\u0119 i niesieniu krzy\u017ca wzi\u0119li udzia\u0142 kap\u0142ani, siostry zakonne, ministranci, klerycy oraz bardzo licznie [&hellip;]<\/p>\n","protected":false},"author":5,"featured_media":7908,"comment_status":"closed","ping_status":"open","sticky":false,"template":"","format":"standard","meta":[],"categories":[4],"tags":[],"_links":{"self":[{"href":"https:\/\/lezajsk.przemyska.pl\/index.php?rest_route=\/wp\/v2\/posts\/8015"}],"collection":[{"href":"https:\/\/lezajsk.przemyska.pl\/index.php?rest_route=\/wp\/v2\/posts"}],"about":[{"href":"https:\/\/lezajsk.przemyska.pl\/index.php?rest_route=\/wp\/v2\/types\/post"}],"author":[{"embeddable":true,"href":"https:\/\/lezajsk.przemyska.pl\/index.php?rest_route=\/wp\/v2\/users\/5"}],"replies":[{"embeddable":true,"href":"https:\/\/lezajsk.przemyska.pl\/index.php?rest_route=%2Fwp%2Fv2%2Fcomments&post=8015"}],"version-history":[{"count":1,"href":"https:\/\/lezajsk.przemyska.pl\/index.php?rest_route=\/wp\/v2\/posts\/8015\/revisions"}],"predecessor-version":[{"id":8016,"href":"https:\/\/lezajsk.przemyska.pl\/index.php?rest_route=\/wp\/v2\/posts\/8015\/revisions\/8016"}],"wp:featuredmedia":[{"embeddable":true,"href":"https:\/\/lezajsk.przemyska.pl\/index.php?rest_route=\/wp\/v2\/media\/7908"}],"wp:attachment":[{"href":"https:\/\/lezajsk.przemyska.pl\/index.php?rest_route=%2Fwp%2Fv2%2Fmedia&parent=8015"}],"wp:term":[{"taxonomy":"category","embeddable":true,"href":"https:\/\/lezajsk.przemyska.pl\/index.php?rest_route=%2Fwp%2Fv2%2Fcategories&post=8015"},{"taxonomy":"post_tag","embeddable":true,"href":"https:\/\/lezajsk.przemyska.pl\/index.php?rest_route=%2Fwp%2Fv2%2Ftags&post=8015"}],"curies":[{"name":"wp","href":"https:\/\/api.w.org\/{rel}","templated":true}]}}