
{"id":7880,"date":"2019-04-09T13:04:42","date_gmt":"2019-04-09T11:04:42","guid":{"rendered":"http:\/\/lezajsk.przemyska.pl\/?p=7880"},"modified":"2019-04-09T13:05:36","modified_gmt":"2019-04-09T11:05:36","slug":"ekstremalna-droga-krzyzowa-edk-2019","status":"publish","type":"post","link":"https:\/\/lezajsk.przemyska.pl\/?p=7880","title":{"rendered":"Ekstremalna Droga Krzy\u017cowa (EDK) 2019."},"content":{"rendered":"<p style=\"text-align: left;\">5 kwietnia 2019r. odby\u0142a si\u0119 po raz pierwszy w Le\u017cajsku, Ekstremalna Droga Krzy\u017cowa. To wielkie duchowe prze\u017cycie uda\u0142o nam si\u0119 doprowadzi\u0107 do fina\u0142u dzi\u0119ki pomocy \u017cyczliwych os\u00f3b. Podzi\u0119kowania kierujemy w stron\u0119 Ks. Proboszcza \u2013 Marka Ciska, Pana Burmistrza \u2013 Ireneusza Stefa\u0144skiego i szeregu os\u00f3b, bez wk\u0142adu kt\u00f3rych, nie by\u0142oby EDK w Le\u017cajsku. Dzi\u0119kujemy dla Mirka, kt\u00f3ry wytyczy\u0142 obie trasy, wraz z El\u0105, Bogusiem i Marcinem. Dzi\u0119kujemy osobom, kt\u00f3re od pocz\u0105tku do samego ko\u0144ca sprawdza\u0142y trasy i wnosi\u0142y cenne uwagi. Dzi\u0119kujemy ks. Grzegorzowi, za\u00a0 Msz\u0119 \u015awi\u0119t\u0105, ch\u00f3rowi, kt\u00f3ry stworzy\u0142 do niej pi\u0119kn\u0105 opraw\u0119, stra\u017cakom z OSP w Giedlarowej, wszystkim kt\u00f3rzy w jakikolwiek spos\u00f3b nam pomogli !\u00a0 \u00a0 \u00a0 \u00a0 \u00a0 \u00a0 \u00a0 \u00a0 \u00a0 \u00a0 \u00a0 \u00a0 \u00a0 \u00a0 \u00a0 \u00a0 \u00a0 \u00a0 \u00a0 \u00a0 \u00a0 \u00a0 Dzi\u0119ki stronie <a href=\"http:\/\/www.edk.org.pl\">www.edk.org.pl<\/a> wiemy, \u017ce oficjalnie zarejestrowanych by\u0142o 213 os\u00f3b na obie trasy, wyrejestrowa\u0142o si\u0119 11 os\u00f3b, wydano 208 pakiet\u00f3w (czasami 1 pakiet s\u0142u\u017cy\u0142 grupce kilku osobowej), samych opis\u00f3w tras wydano du\u017co wi\u0119cej, by\u0142y tak\u017ce osoby, korzystaj\u0105ce ze \u015bci\u0105gni\u0119tej na telefon aplikacji EDK. W trasy wyruszy\u0142o grubo ponad 250 os\u00f3b. Na d\u0142ug\u0105 tras\u0119 ponad 50 os\u00f3b, a na kr\u00f3tk\u0105 ponad 200 uczestnik\u00f3w. Rozpi\u0119to\u015b\u0107 wiekowa uczestnik\u00f3w: 11 lat \u2013 66 lat. Warto wspomnie\u0107, \u017ce w tym samym dniu, w naszych okolicach, EDK przechodzili ludzie z Niska do Le\u017cajska i z Sieniawy do Le\u017cajska.<\/p>\n<p><span style=\"color: #ff0000;\"><strong>Poprosili\u015bmy kilka os\u00f3b o podzielenie si\u0119 odczuciami i napisanie kilku s\u0142\u00f3w. \u015awiadectwa oraz zdj\u0119cia przedstawiamy w najnowszym numerze Parafialnego Czasopisma &#8222;SIEWCA&#8221;, kt\u00f3ry ju\u017c w najbli\u017csz\u0105 niedziel\u0119 (NIEDZIELA PALMOWA), b\u0119dzie mo\u017cna zabra\u0107 z Ko\u015bcio\u0142a. Przeczytajcie i zastan\u00f3wcie si\u0119 czy warto wybra\u0107 si\u0119 na Ekstremaln\u0105 Drog\u0119 Krzy\u017cow\u0105 za rok\u2026 ?<\/strong><\/span><\/p>\n<p style=\"text-align: right;\"><strong>Sztab EDK \u2013 Le\u017cajsk<\/strong><\/p>\n","protected":false},"excerpt":{"rendered":"<p>5 kwietnia 2019r. odby\u0142a si\u0119 po raz pierwszy w Le\u017cajsku, Ekstremalna Droga Krzy\u017cowa. To wielkie duchowe prze\u017cycie uda\u0142o nam si\u0119 doprowadzi\u0107 do fina\u0142u dzi\u0119ki pomocy \u017cyczliwych os\u00f3b. Podzi\u0119kowania kierujemy w stron\u0119 Ks. Proboszcza \u2013 Marka Ciska, Pana Burmistrza \u2013 Ireneusza Stefa\u0144skiego i szeregu os\u00f3b, bez wk\u0142adu kt\u00f3rych, nie by\u0142oby EDK w Le\u017cajsku. Dzi\u0119kujemy dla Mirka, [&hellip;]<\/p>\n","protected":false},"author":5,"featured_media":7883,"comment_status":"closed","ping_status":"open","sticky":false,"template":"","format":"standard","meta":[],"categories":[4],"tags":[],"_links":{"self":[{"href":"https:\/\/lezajsk.przemyska.pl\/index.php?rest_route=\/wp\/v2\/posts\/7880"}],"collection":[{"href":"https:\/\/lezajsk.przemyska.pl\/index.php?rest_route=\/wp\/v2\/posts"}],"about":[{"href":"https:\/\/lezajsk.przemyska.pl\/index.php?rest_route=\/wp\/v2\/types\/post"}],"author":[{"embeddable":true,"href":"https:\/\/lezajsk.przemyska.pl\/index.php?rest_route=\/wp\/v2\/users\/5"}],"replies":[{"embeddable":true,"href":"https:\/\/lezajsk.przemyska.pl\/index.php?rest_route=%2Fwp%2Fv2%2Fcomments&post=7880"}],"version-history":[{"count":2,"href":"https:\/\/lezajsk.przemyska.pl\/index.php?rest_route=\/wp\/v2\/posts\/7880\/revisions"}],"predecessor-version":[{"id":7897,"href":"https:\/\/lezajsk.przemyska.pl\/index.php?rest_route=\/wp\/v2\/posts\/7880\/revisions\/7897"}],"wp:featuredmedia":[{"embeddable":true,"href":"https:\/\/lezajsk.przemyska.pl\/index.php?rest_route=\/wp\/v2\/media\/7883"}],"wp:attachment":[{"href":"https:\/\/lezajsk.przemyska.pl\/index.php?rest_route=%2Fwp%2Fv2%2Fmedia&parent=7880"}],"wp:term":[{"taxonomy":"category","embeddable":true,"href":"https:\/\/lezajsk.przemyska.pl\/index.php?rest_route=%2Fwp%2Fv2%2Fcategories&post=7880"},{"taxonomy":"post_tag","embeddable":true,"href":"https:\/\/lezajsk.przemyska.pl\/index.php?rest_route=%2Fwp%2Fv2%2Ftags&post=7880"}],"curies":[{"name":"wp","href":"https:\/\/api.w.org\/{rel}","templated":true}]}}