
{"id":7799,"date":"2019-03-09T22:50:27","date_gmt":"2019-03-09T21:50:27","guid":{"rendered":"http:\/\/lezajsk.przemyska.pl\/?p=7799"},"modified":"2019-03-09T22:50:27","modified_gmt":"2019-03-09T21:50:27","slug":"i-niedziela-wielkiego-postu-10-03-2019-r","status":"publish","type":"post","link":"https:\/\/lezajsk.przemyska.pl\/?p=7799","title":{"rendered":"I Niedziela Wielkiego Postu (10.03.2019 r.)"},"content":{"rendered":"<ol>\n<li>Dzi\u015b na <strong> godz. 17.00, <\/strong>zapraszamy wszystkich na pierwsze nabo\u017ce\u0144stwo <strong>Gorzkich \u017bali z kazaniem pasyjnym.<\/strong> Gorzkie \u017bale b\u0119d\u0105 odprawiane w obu ko\u015bcio\u0142ach. Ofiary zbierane w\u00a0czasie nabo\u017ce\u0144stwa Gorzkich \u017bali s\u0105 przeznaczone na kwiaty do Bo\u017cego Grobu. Po Gorzkich \u017balach Msza \u015bw. wieczorna o godz. 18.00.<\/li>\n<li>Dzi\u015b tak\u017ce rozpoczynamy <strong>nowenn\u0119 przed Uroczysto\u015bci\u0105 \u015bw. J\u00f3zefa. <\/strong>W niedziel\u0119 dzi\u015b i za tydzie\u0144, b\u0119dzie ona po\u0142\u0105czona z\u00a0nabo\u017ce\u0144stwem Gorzkich \u017bali a w tygodniu z\u00a0wieczorn\u0105 Msz\u0105 \u015bw.<\/li>\n<li>Dzi\u015b <strong>ko\u0144czymy nasze doroczne \u0107wiczenia rekolekcyjne<\/strong>. Z ca\u0142ego serca dzi\u0119kujemy <strong> Micha\u0142owi Czelnemu, wyk\u0142adowcy na KUL-u,<\/strong> za g\u0142oszone S\u0142owo Bo\u017ce i\u00a0wprowadzenie nas w prze\u017cywanie Wielkiego Postu. Niech Dobry B\u00f3g ks. Micha\u0142owi hojnie b\u0142ogos\u0142awi a\u00a0MB Pocieszenia, Pani Le\u017cajska ma w\u00a0swojej przemo\u017cnej opiece.<\/li>\n<li>Jutro na Msz\u0119 \u015bw. o godz. 18.00 i spotkanie, zapraszamy rodzic\u00f3w <strong>m\u0142odzie\u017cy z klas III gimnazjum i VIII SP, przygotowuj\u0105cych si\u0119 do wyjazdu na rekolekcje przed przyj\u0119ciem sakramentu bierzmowania.<\/strong> Bardzo prosimy o niezawodne przybycie.<\/li>\n<li>R\u00f3wnocze\u015bnie z inicjatywy Parafialnego Oddzia\u0142u Akcji Katolickiej, <strong>chcieliby\u015bmy jako wsp\u00f3lnota parafialna wesprze\u0107 wszystkich kandydat\u00f3w do bierzmowania indywidualn\u0105 modlitw\u0105<\/strong>. I tak wzorem niegdysiejszej modlitwy za kap\u0142an\u00f3w, tym razem prosimy zabra\u0107 z o\u0142tarzy wy\u0142o\u017cone tam obrazki z imieniem konkretnego m\u0142odego kandydata (kandydatki) do bierzmowania i wspiera\u0107 go osobist\u0105 modlitw\u0105 do czasu przyj\u0119cia tego\u017c sakramentu czyli do 11 maja br.<\/li>\n<li>We wtorek <strong>nowenna do \u015bw. Antoniego<\/strong>. Pro\u015bby i podzi\u0119kowania sk\u0142adamy przy figurze \u015bwi\u0119tego a po nowennie b\u0142ogos\u0142awie\u0144stwo dzieci.<\/li>\n<li>Tak\u017ce we wtorek przypada dzie\u0144 imienin naszego <strong>katechety<\/strong> <strong> Grzegorza Sochy<\/strong>. Z\u00a0tej okazji pami\u0119tajmy o Nim w naszych modlitwach.<\/li>\n<li>W \u015brod\u0119 spotkanie <strong>Bractwa Szkaplerza \u015awi\u0119tego<\/strong>.<\/li>\n<li>Tak\u017ce w \u015brod\u0119 <strong>dzie\u0144 imienin naszej s. Bo\u017ceny<\/strong> \u2013 prze\u0142o\u017conej i dyrektorki przedszkola. Zatem Siostrze jak i\u00a0licznym wtedy solenizantkom, sk\u0142adamy najlepsze \u017cyczenia i\u00a0obiecujemy modlitw\u0119.<\/li>\n<li>W pi\u0105tek nabo\u017ce\u0144stwo <strong>Drogi Krzy\u017cowej<\/strong> rano o godz.<strong>30<\/strong>, popo\u0142udniu <strong>o godz.16.00 dla dzieci a nast\u0119pnie, o godz. 17.30 i 20.00.<\/strong><\/li>\n<li>Tak\u017ce w pi\u0105tek rozpocznie si\u0119 tzw. <strong>kurs przedma\u0142\u017ce\u0144ski czyli<\/strong> <strong>katechezy<\/strong> <strong>przedma\u0142\u017ce\u0144skie <\/strong>i\u00a0b\u0119dzie trwa\u0142 3 dni. Przy okazji kolejny raz przypominamy wszystkim zainteresowanym, \u017ce przygotowanie do ma\u0142\u017ce\u0144stwa to dwa etapy. Pierwszy to wspomniany wy\u017cej tzw. \u201ekurs przedma\u0142\u017ce\u0144ski\u201d, kt\u00f3ry mo\u017ce by\u0107 zrealizowany znacznie wcze\u015bniej nawet 2-3 lata przed planowanym \u015blubem a drugi etap &#8211; ju\u017c bezpo\u015brednio przed \u015blubem &#8211; to poradnia rodzinna dla narzeczonych, kt\u00f3r\u0105 rozpoczynaj\u0105 narzeczeni 3-4 miesi\u0105ce przed \u015blubem. <strong>Poradnia dla narzeczonych<\/strong> zaprasza w ka\u017cdy II czwartek miesi\u0105ca po Mszy \u015bw. wieczornej.<\/li>\n<li>M\u0142odzie\u017c zainteresowan\u0105 wyjazdem na <strong>Spotkanie M\u0142odych Archidiecezji Przemyskiej<\/strong> <strong>z\u00a0okazji Niedzieli Palmowej<\/strong>, kt\u00f3re tym razem odb\u0119dzie si\u0119 w Dukli, prosimy o\u00a0kontakt z\u00a0ks. Grzegorzem.<\/li>\n<li>W <strong>Siewcy<\/strong> do nabycia prasa i publikacje katolickie. S\u0105 te\u017c baranki wielkanocne (6 z\u0142.) i\u00a0paschaliki Caritas (7 z\u0142.). Tam te\u017c, oraz na o\u0142tarzach w\u00a0ko\u015bciele, s\u0105 wy\u0142o\u017cone skarbonki na <strong>ja\u0142mu\u017cn\u0119 wielkopostn\u0105.<\/strong> <strong>[Pragnieniem Caritas jest, aby w\u00a0chrze\u015bcija\u0144skich rodzinach zago\u015bci\u0142a ta symboliczna skarbonka, w kt\u00f3rej wszyscy domownicy, przez ca\u0142y okres Wielkiego Postu, b\u0119d\u0105 sk\u0142ada\u0107 swoje drobne ofiary. Tym samym, rezygnuj\u0105c z\u00a0rzeczy niekoniecznych czy drobnych przyjemno\u015bci podziel\u0105 si\u0119 z\u00a0bardziej potrzebuj\u0105cymi. Dla wszystkich a szczeg\u00f3lnie m\u0142odych i dzieci b\u0119dzie to praktyczna lekcja wyrzeczenia i mi\u0142osierdzia].<\/strong><\/li>\n<li>Dzisiejsza taca mszalna jest przeznaczona na dalsze, planowane prace remontowe przy naszej parafii a za tydzie\u0144 og\u00f3lnopolska <strong>zbi\u00f3rka do puszek z\u00a0przeznaczeniem na pomoc misjom.<\/strong> O przeprowadzenie tej\u017ce zbi\u00f3rki prosimy Bractwo Szkaplerza \u015awi\u0119tego.<\/li>\n<li>Dyrektorzy naszych przedszkoli informuj\u0105, \u017ce w najbli\u017cszym tygodniu w dniach 11-14 marca (od poniedzia\u0142ku do czwartku) odb\u0119d\u0105 si\u0119 <strong>zapisy dzieci do przedszkoli miejskich<\/strong> w Le\u017cajsku.<\/li>\n<\/ol>\n<p><u><\/u><strong><u>Intencje zbiorowe: <\/u><\/strong><\/p>\n<ul>\n<li>Za \u015bp. Janin\u0119 Mazan \u2013 intencja od pracownik\u00f3w Urz\u0119du Miejskiego \u2013 poniedzia\u0142ek i\u00a0wtorek, godz. 6.30.<\/li>\n<li>W intencji ks. Grzegorza Sochy z okazji imienin \u2013 wtorek, godz. 18.00.<\/li>\n<li>W intencji nowennowych pr\u00f3\u015bb i podzi\u0119kowa\u0144 do MB Pocieszenia i R\u00f3\u017c R\u00f3\u017ca\u0144cowych \u2013 \u015broda, godz. 18.00.<\/li>\n<li>W intencji s. Bo\u017ceny z okazji imienin \u2013 \u015broda, godz. 18.00.<\/li>\n<li>Za \u015bp. W\u0142adys\u0142aw\u0119 Kowal \u2013 intencja od pracownik\u00f3w Biura Powiatowego ARiMR w\u00a0Le\u017cajsku \u2013 czwartek, godz. 6.30.<\/li>\n<li>Za \u015bp. W\u0142adys\u0142aw\u0119 Latawiec \u2013 intencja od wsp\u00f3\u0142pracownik\u00f3w c\u00f3rki z przedszkola \u2013 czwartek, godz. 7.00.<\/li>\n<li>Za \u015bp. Halin\u0119 \u015awi\u0119ck\u0105 \u2013 intencja od kole\u017canek \u2013 pi\u0105tek, godz. 6.30<\/li>\n<li>Za \u015bp. Krystyn\u0119 Danilkiewicz \u2013 intencja od s\u0105siad\u00f3w z ul. Jaros\u0142awskiej i kpt. Kuczka \u2013 pi\u0105tek, godz. 6.30.<\/li>\n<li>Za \u015bp. Zofi\u0119 Z\u0105bczyk \u2013 intencja od s\u0105siad\u00f3w z ul. Staszica 2 \u2013 pi\u0105tek, godz. 6.30.<\/li>\n<li>Za \u015bp. Kazimier\u0119 Salwach \u2013 intencja od koleg\u00f3w syna \u2013 niedziela, godz. 11.00 w MK.<\/li>\n<\/ul>\n<p>W ostatnim tygodniu odeszli od nas do wieczno\u015bci <strong>\u015bp. Katarzyna Nahajska <\/strong>z ul. M.C. Sk\u0142odowskiej<strong>, Jerzy Gw\u00f3\u017ad\u017a <\/strong>z ul. Mickiewicza i<strong> Ryszard Sudo\u0142 <\/strong>z\u00a0ul. Szkolnej \u2013 wieczny odpoczynek \u2026..<\/p>\n","protected":false},"excerpt":{"rendered":"<p>Dzi\u015b na godz. 17.00, zapraszamy wszystkich na pierwsze nabo\u017ce\u0144stwo Gorzkich \u017bali z kazaniem pasyjnym. Gorzkie \u017bale b\u0119d\u0105 odprawiane w obu ko\u015bcio\u0142ach. Ofiary zbierane w\u00a0czasie nabo\u017ce\u0144stwa Gorzkich \u017bali s\u0105 przeznaczone na kwiaty do Bo\u017cego Grobu. Po Gorzkich \u017balach Msza \u015bw. wieczorna o godz. 18.00. Dzi\u015b tak\u017ce rozpoczynamy nowenn\u0119 przed Uroczysto\u015bci\u0105 \u015bw. J\u00f3zefa. W niedziel\u0119 dzi\u015b i [&hellip;]<\/p>\n","protected":false},"author":4,"featured_media":0,"comment_status":"closed","ping_status":"open","sticky":false,"template":"","format":"standard","meta":[],"categories":[5],"tags":[],"_links":{"self":[{"href":"https:\/\/lezajsk.przemyska.pl\/index.php?rest_route=\/wp\/v2\/posts\/7799"}],"collection":[{"href":"https:\/\/lezajsk.przemyska.pl\/index.php?rest_route=\/wp\/v2\/posts"}],"about":[{"href":"https:\/\/lezajsk.przemyska.pl\/index.php?rest_route=\/wp\/v2\/types\/post"}],"author":[{"embeddable":true,"href":"https:\/\/lezajsk.przemyska.pl\/index.php?rest_route=\/wp\/v2\/users\/4"}],"replies":[{"embeddable":true,"href":"https:\/\/lezajsk.przemyska.pl\/index.php?rest_route=%2Fwp%2Fv2%2Fcomments&post=7799"}],"version-history":[{"count":1,"href":"https:\/\/lezajsk.przemyska.pl\/index.php?rest_route=\/wp\/v2\/posts\/7799\/revisions"}],"predecessor-version":[{"id":7800,"href":"https:\/\/lezajsk.przemyska.pl\/index.php?rest_route=\/wp\/v2\/posts\/7799\/revisions\/7800"}],"wp:attachment":[{"href":"https:\/\/lezajsk.przemyska.pl\/index.php?rest_route=%2Fwp%2Fv2%2Fmedia&parent=7799"}],"wp:term":[{"taxonomy":"category","embeddable":true,"href":"https:\/\/lezajsk.przemyska.pl\/index.php?rest_route=%2Fwp%2Fv2%2Fcategories&post=7799"},{"taxonomy":"post_tag","embeddable":true,"href":"https:\/\/lezajsk.przemyska.pl\/index.php?rest_route=%2Fwp%2Fv2%2Ftags&post=7799"}],"curies":[{"name":"wp","href":"https:\/\/api.w.org\/{rel}","templated":true}]}}