
{"id":7794,"date":"2019-03-02T22:45:11","date_gmt":"2019-03-02T21:45:11","guid":{"rendered":"http:\/\/lezajsk.przemyska.pl\/?p=7794"},"modified":"2019-03-02T22:46:05","modified_gmt":"2019-03-02T21:46:05","slug":"plan-rekolekcji-wielkopostnych-w-naszej-parafii-6-10-marca-2019","status":"publish","type":"post","link":"https:\/\/lezajsk.przemyska.pl\/?p=7794","title":{"rendered":"Plan Rekolekcji wielkopostnych w naszej parafii 6-10 marca 2019"},"content":{"rendered":"<p>Drodzy Parafianie<br \/>\nProsimy o zapoznanie si\u0119 z programem Rekolekcji Wielkopostnych.<br \/>\nSpr\u00f3bujcie tak zaplanowa\u0107 w\u0142asn\u0105 aktywno\u015b\u0107 w dniach 6 do 10 marca, aby przyby\u0107 do naszej \u015bwi\u0105tyni w tym czasie spotkania ze S\u0142owem Bo\u017cym. Jako Duszpasterzom zale\u017cy nam na tym, aby\u015bcie skorzystali z tego daru \u0142aski, danej naszej parafii, ka\u017cdej rodzinie i ka\u017cdemu z osobna. Prze\u017cyjmy spotkanie z \u017cywym i dzia\u0142aj\u0105cym w nas Zbawicielem, Jezusem Chrystusem. Chciejmy odnowi\u0107 w sobie pe\u0142ni\u0119 Dar\u00f3w Ducha \u015awi\u0119tego, kt\u00f3rego obecno\u015bci i asystencji przyzywamy w tym roku ko\u015bcielnym. Z pokor\u0105 stajemy przed wami ze s\u0142owem zach\u0119ty i wielkiej pro\u015bby: Niech nikogo nie zabraknie. Otw\u00f3rzmy si\u0119 na dzia\u0142anie Boga, kt\u00f3ry chce aby\u015bmy osi\u0105gn\u0119li zbawienie.<\/p>\n<p style=\"text-align: right;\">Z serdecznym zaproszeniem i darem modlitwy<br \/>\n<strong>Wasi Duszpasterze<\/strong><\/p>\n<h3 style=\"text-align: center;\"><span style=\"color: #ff0000;\">PLAN REKOLEKCJI<\/span><\/h3>\n<h3 style=\"text-align: center;\"><strong>\u201eW mocy Bo\u017cego Ducha\u201d<\/strong><\/h3>\n<p><span style=\"color: #ff0000;\"><strong><u>6 marca 2019 <\/u><\/strong><strong><u>\u015aroda Popielcowa<\/u><\/strong><\/span><\/p>\n<p>7<sup>00<\/sup>\u00a0\u00a0 \u00a0Msza \u015bwi\u0119ta z nauk\u0105 dla WSZYSTKICH<\/p>\n<p>8<sup>30<\/sup>\u00a0\u00a0 \u00a0Msza \u015bwi\u0119ta z nauk\u0105 dla WSZYSTKICH<\/p>\n<p>10<sup>00<\/sup>\u00a0 Msza \u015bwi\u0119ta z nauk\u0105 dla WSZYSTKICH<\/p>\n<p>16<sup>00<\/sup>\u00a0 Msza \u015bwi\u0119ta z nauk\u0105 dla WSZYSTKICH<\/p>\n<p>18<sup>00<\/sup>\u00a0\u00a0 Msza \u015bwi\u0119ta z nauk\u0105 dla WSZYSTKICH<\/p>\n<p><span style=\"color: #ff0000;\"><strong><u>7 marca 2019 Czwartek<\/u><\/strong><\/span><\/p>\n<p>8<sup>00 <\/sup>\u00a0\u00a0\u00a0Msza \u015bwi\u0119ta z nauk\u0105 og\u00f3ln\u0105 dla WSZYSTKICH<\/p>\n<p>18<sup>00<\/sup> \u00a0\u00a0Msza \u015bwi\u0119ta z nauk\u0105 og\u00f3ln\u0105 dla WSZYSTKICH<\/p>\n<p><strong>Po Mszy \u015bw. spotkanie dla nauczycieli i wychowawc\u00f3w <\/strong><\/p>\n<p><span style=\"color: #ff0000;\"><strong><u>8 marca\u00a0 2019 <\/u><\/strong><strong><u>Pi\u0105tek<\/u><\/strong><\/span><\/p>\n<p>8<sup>00<\/sup>\u00a0\u00a0 Droga Krzy\u017cowa i Msza \u015bwi\u0119ta z nauk\u0105 dla CHORYCH I\u00a0\u00a0 STARSZYCH \u00a0<strong>(od godziny 7<sup>30<\/sup> spowied\u017a dla chorych<\/strong><strong>)<\/strong><\/p>\n<p>16<sup>00\u00a0 <\/sup>Droga Krzy\u017cowa dla dzieci <strong>(od godziny 15<sup>30<\/sup> spowied\u017a dla dzieci<\/strong><strong>)<\/strong><\/p>\n<p>17<sup>30 <\/sup>\u00a0\u00a0Droga Krzy\u017cowa <strong>(od godziny 17<sup>00<\/sup> spowied\u017a og\u00f3lna<\/strong><strong>)<\/strong><\/p>\n<p>18<sup>00\u00a0\u00a0\u00a0 <\/sup>Msza \u015bwi\u0119ta z nauk\u0105 og\u00f3ln\u0105 dla WSZYSTKICH<\/p>\n<p>20<sup>00 <\/sup>\u00a0\u00a0Droga Krzy\u017cowa z nauk\u0105 rekolekcyjn\u0105 dla M\u0142odzie\u017cy<\/p>\n<p><span style=\"color: #ff0000;\"><strong><u>9 marca\u00a0 2019 Sobota<\/u><\/strong><\/span><\/p>\n<p><del><\/del>8<sup>00<\/sup>\u00a0 Msza \u015bwi\u0119ta z nauk\u0105 dla WSZYSTKICH<\/p>\n<p>18<sup>00<\/sup>\u00a0\u00a0 Msza \u015bwi\u0119ta z nauk\u0105 dla WSZYSTKICH<\/p>\n<p><strong>(Po Mszy \u015bw. nauka rekolekcyjna dla ma\u0142\u017conk\u00f3w i rodzic\u00f3w)<\/strong><\/p>\n<p><span style=\"color: #ff0000;\"><strong><u>10 marca\u00a0 2019\u00a0 <\/u><\/strong><strong><u>Niedziela <\/u><\/strong><\/span><\/p>\n<p>7<sup>00<\/sup>\u00a0\u00a0 \u00a0Msza \u015bwi\u0119ta z nauk\u0105 dla WSZYSTKICH<\/p>\n<p>8<sup>30<\/sup>\u00a0\u00a0 \u00a0Msza \u015bwi\u0119ta z nauk\u0105 dla WSZYSTKICH<\/p>\n<p>10<sup>00<\/sup>\u00a0 Msza \u015bwi\u0119ta z nauk\u0105 dla WSZYSTKICH<\/p>\n<p>11<sup>30<\/sup>\u00a0 Msza \u015bwi\u0119ta z nauk\u0105 dla WSZYSTKICH<\/p>\n<p>16<sup>00<\/sup>\u00a0 Msza \u015bwi\u0119ta z nauk\u0105 dla WSZYSTKICH<\/p>\n<p>17<sup>00<\/sup>\u00a0 Gorzkie \u017bale z nauk\u0105 og\u00f3ln\u0105 dla WSZYSTKICH<\/p>\n<p>18<sup>00<\/sup>\u00a0\u00a0 Msza \u015bwi\u0119ta z nauk\u0105 og\u00f3ln\u0105 dla WSZYSTKICH<\/p>\n","protected":false},"excerpt":{"rendered":"<p>Drodzy Parafianie Prosimy o zapoznanie si\u0119 z programem Rekolekcji Wielkopostnych. Spr\u00f3bujcie tak zaplanowa\u0107 w\u0142asn\u0105 aktywno\u015b\u0107 w dniach 6 do 10 marca, aby przyby\u0107 do naszej \u015bwi\u0105tyni w tym czasie spotkania ze S\u0142owem Bo\u017cym. Jako Duszpasterzom zale\u017cy nam na tym, aby\u015bcie skorzystali z tego daru \u0142aski, danej naszej parafii, ka\u017cdej rodzinie i ka\u017cdemu z osobna. Prze\u017cyjmy [&hellip;]<\/p>\n","protected":false},"author":5,"featured_media":7795,"comment_status":"closed","ping_status":"open","sticky":false,"template":"","format":"standard","meta":[],"categories":[4],"tags":[],"_links":{"self":[{"href":"https:\/\/lezajsk.przemyska.pl\/index.php?rest_route=\/wp\/v2\/posts\/7794"}],"collection":[{"href":"https:\/\/lezajsk.przemyska.pl\/index.php?rest_route=\/wp\/v2\/posts"}],"about":[{"href":"https:\/\/lezajsk.przemyska.pl\/index.php?rest_route=\/wp\/v2\/types\/post"}],"author":[{"embeddable":true,"href":"https:\/\/lezajsk.przemyska.pl\/index.php?rest_route=\/wp\/v2\/users\/5"}],"replies":[{"embeddable":true,"href":"https:\/\/lezajsk.przemyska.pl\/index.php?rest_route=%2Fwp%2Fv2%2Fcomments&post=7794"}],"version-history":[{"count":1,"href":"https:\/\/lezajsk.przemyska.pl\/index.php?rest_route=\/wp\/v2\/posts\/7794\/revisions"}],"predecessor-version":[{"id":7796,"href":"https:\/\/lezajsk.przemyska.pl\/index.php?rest_route=\/wp\/v2\/posts\/7794\/revisions\/7796"}],"wp:featuredmedia":[{"embeddable":true,"href":"https:\/\/lezajsk.przemyska.pl\/index.php?rest_route=\/wp\/v2\/media\/7795"}],"wp:attachment":[{"href":"https:\/\/lezajsk.przemyska.pl\/index.php?rest_route=%2Fwp%2Fv2%2Fmedia&parent=7794"}],"wp:term":[{"taxonomy":"category","embeddable":true,"href":"https:\/\/lezajsk.przemyska.pl\/index.php?rest_route=%2Fwp%2Fv2%2Fcategories&post=7794"},{"taxonomy":"post_tag","embeddable":true,"href":"https:\/\/lezajsk.przemyska.pl\/index.php?rest_route=%2Fwp%2Fv2%2Ftags&post=7794"}],"curies":[{"name":"wp","href":"https:\/\/api.w.org\/{rel}","templated":true}]}}