
{"id":7786,"date":"2019-02-25T08:08:48","date_gmt":"2019-02-25T07:08:48","guid":{"rendered":"http:\/\/lezajsk.przemyska.pl\/?p=7786"},"modified":"2019-02-25T08:33:25","modified_gmt":"2019-02-25T07:33:25","slug":"kolejne-spotkanie-z-biblia-katecheza-biblijna-w-naszej-parafii","status":"publish","type":"post","link":"https:\/\/lezajsk.przemyska.pl\/?p=7786","title":{"rendered":"Kolejne Spotkanie z Bibli\u0105&#8230; katecheza biblijna w naszej parafii."},"content":{"rendered":"<p style=\"text-align: center;\"><strong>We wtorek po Mszy \u015bw. wieczornej kolejna\u00a0katecheza biblijna na temat o\u015bmiu b\u0142ogos\u0142awie\u0144stw.\u00a0Serdecznie zapraszamy, nie tylko zaanga\u017cowanych we wsp\u00f3lnoty czy grupy, ale tak\u017ce <span style=\"color: #ff0000;\">wszystkich parafian<\/span>, kt\u00f3rzy chcieliby pog\u0142\u0119bi\u0107 swoj\u0105 wiar\u0119 i wiedz\u0119 na temat Pisma \u015awi\u0119tego i jego codziennego rozwa\u017cania. Spotkanie potrwa do godz. 19.30. <\/strong><\/p>\n<p style=\"text-align: center;\">W sobot\u0119 2 marca w parafii Farnej w \u0141a\u0144cucie\u00a0odb\u0119d\u0105 si\u0119 Warsztaty Biblijne. Prowadzi\u0107 je b\u0119dzie ks. prof. Stanis\u0142aw Har\u0119zga &#8211; biblista. Szczeg\u00f3\u0142owy program warsztat\u00f3w dla zainteresowanych na\u00a0ko\u0144cu<br \/>\na zapisy u ks. Kamila.<\/p>\n<p style=\"text-align: center;\"><span style=\"color: #ff0000;\"><strong>PROGRAM SPOTKANIA<\/strong><\/span><\/p>\n<h3 style=\"text-align: center;\"><em>S\u0142owa Boga s\u0105 Duchem i \u017byciem<\/em><\/h3>\n<h4 style=\"text-align: center;\"><strong>10.00 \u2013 11.00 \u2013 KONFERENCJA 1<br \/>\n<\/strong><strong>Jak owocnie czyta\u0107 Bibli\u0119?<\/strong><\/h4>\n<ul style=\"text-align: center;\">\n<li style=\"text-align: left;\">Wierzy\u0107, \u017ce jest s\u0142owem Bo\u017cym<\/li>\n<li style=\"text-align: left;\">Czyta\u0107 j\u0105 ze zrozumieniem<\/li>\n<li style=\"text-align: left;\">Szuka\u0107 w niej sensu duchowego<\/li>\n<li style=\"text-align: left;\">Modli\u0107 si\u0119 i \u017cy\u0107 jej duchowym pokarmem<\/li>\n<\/ul>\n<h4 style=\"text-align: center;\"><strong>11.15 \u2013 12.15 \u2013 KONFERENCJA 2<br \/>\n<\/strong><strong>Jak by\u0107 \u015bwiadkiem i aposto\u0142em s\u0142owa Bo\u017cego?<\/strong><\/h4>\n<ul style=\"text-align: center;\">\n<li style=\"text-align: left;\">Potwierdza\u0107 w swoim \u017cyciu wierno\u015b\u0107 Boga danemu S\u0142owu<\/li>\n<li style=\"text-align: left;\">Zadba\u0107 o lektur\u0119 Biblii w swojej rodzinie<\/li>\n<li style=\"text-align: left;\">Uczestniczy\u0107 w parafialnych inicjatywach apostolatu biblijnego<\/li>\n<li style=\"text-align: left;\">Nale\u017ce\u0107 do kr\u0119gu biblijnego lub grupy modlitewno-biblijnej<\/li>\n<li style=\"text-align: left;\">Diecezjalny projekt \u201eOdnowa biblijna parafii\u201d<\/li>\n<\/ul>\n<h4 style=\"text-align: center;\"><strong>12.15 \u2013 12.45 PRZERWA<\/strong><\/h4>\n<h4 style=\"text-align: center;\"><strong>12.45 \u2013 Wsp\u00f3lnotowa lectio divina J 6, 60-71<\/strong><\/h4>\n<ul style=\"text-align: center;\">\n<li style=\"text-align: left;\">12.45 \u2013 13.30 \u2013 Wprowadzenie w lectio<\/li>\n<li style=\"text-align: left;\">13.30 \u2013 14.00 \u2013 Czas na osobist\u0105 medytacj\u0119, modlitw\u0119 i kontemplacj\u0119<\/li>\n<\/ul>\n<h4 style=\"text-align: center;\"><strong>14.00 \u2013 Ko\u0144cowe b\u0142ogos\u0142awie\u0144stwo Naj\u015bwi\u0119tszym Sakramentem.<\/strong><\/h4>\n","protected":false},"excerpt":{"rendered":"<p>We wtorek po Mszy \u015bw. wieczornej kolejna\u00a0katecheza biblijna na temat o\u015bmiu b\u0142ogos\u0142awie\u0144stw.\u00a0Serdecznie zapraszamy, nie tylko zaanga\u017cowanych we wsp\u00f3lnoty czy grupy, ale tak\u017ce wszystkich parafian, kt\u00f3rzy chcieliby pog\u0142\u0119bi\u0107 swoj\u0105 wiar\u0119 i wiedz\u0119 na temat Pisma \u015awi\u0119tego i jego codziennego rozwa\u017cania. Spotkanie potrwa do godz. 19.30. W sobot\u0119 2 marca w parafii Farnej w \u0141a\u0144cucie\u00a0odb\u0119d\u0105 si\u0119 Warsztaty [&hellip;]<\/p>\n","protected":false},"author":5,"featured_media":7787,"comment_status":"closed","ping_status":"open","sticky":false,"template":"","format":"standard","meta":[],"categories":[4],"tags":[],"_links":{"self":[{"href":"https:\/\/lezajsk.przemyska.pl\/index.php?rest_route=\/wp\/v2\/posts\/7786"}],"collection":[{"href":"https:\/\/lezajsk.przemyska.pl\/index.php?rest_route=\/wp\/v2\/posts"}],"about":[{"href":"https:\/\/lezajsk.przemyska.pl\/index.php?rest_route=\/wp\/v2\/types\/post"}],"author":[{"embeddable":true,"href":"https:\/\/lezajsk.przemyska.pl\/index.php?rest_route=\/wp\/v2\/users\/5"}],"replies":[{"embeddable":true,"href":"https:\/\/lezajsk.przemyska.pl\/index.php?rest_route=%2Fwp%2Fv2%2Fcomments&post=7786"}],"version-history":[{"count":3,"href":"https:\/\/lezajsk.przemyska.pl\/index.php?rest_route=\/wp\/v2\/posts\/7786\/revisions"}],"predecessor-version":[{"id":7790,"href":"https:\/\/lezajsk.przemyska.pl\/index.php?rest_route=\/wp\/v2\/posts\/7786\/revisions\/7790"}],"wp:featuredmedia":[{"embeddable":true,"href":"https:\/\/lezajsk.przemyska.pl\/index.php?rest_route=\/wp\/v2\/media\/7787"}],"wp:attachment":[{"href":"https:\/\/lezajsk.przemyska.pl\/index.php?rest_route=%2Fwp%2Fv2%2Fmedia&parent=7786"}],"wp:term":[{"taxonomy":"category","embeddable":true,"href":"https:\/\/lezajsk.przemyska.pl\/index.php?rest_route=%2Fwp%2Fv2%2Fcategories&post=7786"},{"taxonomy":"post_tag","embeddable":true,"href":"https:\/\/lezajsk.przemyska.pl\/index.php?rest_route=%2Fwp%2Fv2%2Ftags&post=7786"}],"curies":[{"name":"wp","href":"https:\/\/api.w.org\/{rel}","templated":true}]}}