
{"id":7783,"date":"2019-02-23T22:16:51","date_gmt":"2019-02-23T21:16:51","guid":{"rendered":"http:\/\/lezajsk.przemyska.pl\/?p=7783"},"modified":"2019-02-23T22:16:51","modified_gmt":"2019-02-23T21:16:51","slug":"vii-niedziela-zwykla-24-02-2019-r","status":"publish","type":"post","link":"https:\/\/lezajsk.przemyska.pl\/?p=7783","title":{"rendered":"VII Niedziela zwyk\u0142a (24.02.2019 r.)"},"content":{"rendered":"<ol>\n<li>Dzi\u015b zapraszamy jeszcze na nabo\u017ce\u0144stwo eucharystyczne z <strong>Koronk\u0105 do Bo\u017cego Mi\u0142osierdzia<\/strong> o\u00a0godz. 17.30.<\/li>\n<li>We wtorek po Mszy \u015bw. wieczornej kolejna\u00a0<strong>katecheza biblijna na temat o\u015bmiu b\u0142ogos\u0142awie\u0144stw<\/strong>dla wszystkich parafian.\u00a0Serdecznie zapraszamy, nie tylko zaanga\u017cowanych we wsp\u00f3lnoty czy grupy, ale tak\u017ce tych, kt\u00f3rzy chcieliby pog\u0142\u0119bi\u0107 swoj\u0105 wiar\u0119 i wiedz\u0119 na temat Pisma \u015awi\u0119tego i jego codziennego rozwa\u017cania. Spotkanie potrwa do godz. 19.30. Otrzymali\u015bmy te\u017c zaproszenie do udzia\u0142u w <strong>warsztatach biblijnych<\/strong>, kt\u00f3re odb\u0119d\u0105 si\u0119 w parafii Farnej w \u0141a\u0144cucie w sobot\u0119 2 marca. Szczeg\u00f3\u0142owy program warsztat\u00f3w dla zainteresowanych na tablicy og\u0142osze\u0144 a zapisy u ks. Kamila.<\/li>\n<li>W czwartek na Msz\u0119 \u015bw. o godzinie 18.00 zapraszamy <strong>dzieci z klas trzecich<\/strong> <strong>przygotowuj\u0105ce si\u0119 do Pierwszej Komunii \u015awi\u0119tej i ich rodzic\u00f3w<\/strong>. Podczas tej Mszy \u015bw. zostan\u0105 po\u015bwi\u0119cone i wr\u0119czone dzieciom ksi\u0105\u017ceczki do modlitwy. Po Mszy \u015bw. kr\u00f3tkie spotkanie organizacyjne dla rodzic\u00f3w i dzieci.<\/li>\n<li>W tym tygodniu przypada <strong>I pi\u0105tek i I sobota miesi\u0105ca<\/strong>. Adoracja Naj\u015bwi\u0119tszego Sakramentu po Mszy \u015bw. w pi\u0105tek do godz. 20.00. Spowied\u017a w pi\u0105tek od godz. 16.30.<\/li>\n<li>W pi\u0105tek od godz. 9.00,<strong> odwiedziny chorych w domach z Komuni\u0105 \u015bw<\/strong>.<\/li>\n<li>W sobot\u0119 na godz. 17.00 zapraszamy na kolejne <strong>nabo\u017ce\u0144stwo I soboty<\/strong>, wynagradzaj\u0105ce Niepokalanemu Sercu NMP, po\u0142\u0105czone z modlitw\u0105 r\u00f3\u017ca\u0144cow\u0105.<\/li>\n<li>Przypominamy, \u017ce dzi\u015b po wszystkich Mszach \u015bw. zbi\u00f3rka do puszek z przeznaczeniem na <strong>pomoc w zakupie przeno\u015bnego koncentratora tlenu dla naszej parafianki El\u017cbiety Str\u00f3zik<\/strong>, chorej m.in. na Zesp\u00f3\u0142 Downa i Zesp\u00f3\u0142 Eisenmengera i wiele jeszcze innych powa\u017cnych dolegliwo\u015bci. Z g\u00f3ry serdecznie dzi\u0119kujemy za ka\u017cd\u0105 ofiarowan\u0105 z\u0142ot\u00f3wk\u0119.<\/li>\n<li>W Siewcy przedpo\u0142udniem do nabycia <strong>prasa i publikacje katolickie <\/strong>a z r\u0105k ministrant\u00f3w, mo\u017cna przed ko\u015bcio\u0142em odebra\u0107 kolejny darmowy numer<strong> Dobrych Nowin.<\/strong><\/li>\n<\/ol>\n<p><strong>\u00a0<\/strong><strong><u>Intencje zbiorowe: <\/u><\/strong><\/p>\n<ul>\n<li>Za \u015bp. Jadwig\u0119 Szcz\u0119sny \u2013 intencja od pracownik\u00f3w Rejonu Energetycznego w Le\u017cajsku \u2013 wtorek, godz. 18.00.<\/li>\n<li>W intencji nowennowych pr\u00f3\u015bb i podzi\u0119kowa\u0144 do MB Pocieszenia \u2013 \u015broda, godz. 18.00.<\/li>\n<li>Za \u015bp. Filipa Siuzdaka \u2013 intencja od s\u0105siad\u00f3w \u2013 \u015broda, godz. 18.00.<\/li>\n<li>Za \u015bp. Henryka Barana \u2013 intencja od mieszka\u0144c\u00f3w ul. \u015aw. Kr\u00f3lowej Jadwigi \u2013 czwartek, godz. 18.00 i sobota, godz. 7.00.<\/li>\n<li>Msze \u015bw. gregoria\u0144skie za \u015bp. Stanis\u0142awa Babisia \u2013 pocz\u0105tek, pi\u0105tek, godz. 6.30.<\/li>\n<li>Z intencji Stra\u017cy Honorowej NSPJ \u2013 pi\u0105tek, godz. 18.00.<\/li>\n<li>Za \u015bp. Janin\u0119 Mazan \u2013 intencja od kole\u017canek i koleg\u00f3w syna \u2013 sobota, godz. 6.30.<\/li>\n<li>Z intencji Bractwa Szkaplerza \u015awi\u0119tego \u2013 sobota, godz. 18.00.<\/li>\n<li>Z R\u00f3\u017cy b\u0142. Anieli Salawy \u2013 niedziela, godz. 8.30.<\/li>\n<li>Z R\u00f3\u017cy \u015bw. Kazimierza \u2013 niedziela, godz. 10.00.<\/li>\n<\/ul>\n","protected":false},"excerpt":{"rendered":"<p>Dzi\u015b zapraszamy jeszcze na nabo\u017ce\u0144stwo eucharystyczne z Koronk\u0105 do Bo\u017cego Mi\u0142osierdzia o\u00a0godz. 17.30. We wtorek po Mszy \u015bw. wieczornej kolejna\u00a0katecheza biblijna na temat o\u015bmiu b\u0142ogos\u0142awie\u0144stwdla wszystkich parafian.\u00a0Serdecznie zapraszamy, nie tylko zaanga\u017cowanych we wsp\u00f3lnoty czy grupy, ale tak\u017ce tych, kt\u00f3rzy chcieliby pog\u0142\u0119bi\u0107 swoj\u0105 wiar\u0119 i wiedz\u0119 na temat Pisma \u015awi\u0119tego i jego codziennego rozwa\u017cania. Spotkanie potrwa [&hellip;]<\/p>\n","protected":false},"author":4,"featured_media":0,"comment_status":"closed","ping_status":"open","sticky":false,"template":"","format":"standard","meta":[],"categories":[5],"tags":[],"_links":{"self":[{"href":"https:\/\/lezajsk.przemyska.pl\/index.php?rest_route=\/wp\/v2\/posts\/7783"}],"collection":[{"href":"https:\/\/lezajsk.przemyska.pl\/index.php?rest_route=\/wp\/v2\/posts"}],"about":[{"href":"https:\/\/lezajsk.przemyska.pl\/index.php?rest_route=\/wp\/v2\/types\/post"}],"author":[{"embeddable":true,"href":"https:\/\/lezajsk.przemyska.pl\/index.php?rest_route=\/wp\/v2\/users\/4"}],"replies":[{"embeddable":true,"href":"https:\/\/lezajsk.przemyska.pl\/index.php?rest_route=%2Fwp%2Fv2%2Fcomments&post=7783"}],"version-history":[{"count":1,"href":"https:\/\/lezajsk.przemyska.pl\/index.php?rest_route=\/wp\/v2\/posts\/7783\/revisions"}],"predecessor-version":[{"id":7784,"href":"https:\/\/lezajsk.przemyska.pl\/index.php?rest_route=\/wp\/v2\/posts\/7783\/revisions\/7784"}],"wp:attachment":[{"href":"https:\/\/lezajsk.przemyska.pl\/index.php?rest_route=%2Fwp%2Fv2%2Fmedia&parent=7783"}],"wp:term":[{"taxonomy":"category","embeddable":true,"href":"https:\/\/lezajsk.przemyska.pl\/index.php?rest_route=%2Fwp%2Fv2%2Fcategories&post=7783"},{"taxonomy":"post_tag","embeddable":true,"href":"https:\/\/lezajsk.przemyska.pl\/index.php?rest_route=%2Fwp%2Fv2%2Ftags&post=7783"}],"curies":[{"name":"wp","href":"https:\/\/api.w.org\/{rel}","templated":true}]}}