
{"id":7752,"date":"2019-01-29T09:49:46","date_gmt":"2019-01-29T08:49:46","guid":{"rendered":"http:\/\/lezajsk.przemyska.pl\/?p=7752"},"modified":"2019-01-29T09:55:39","modified_gmt":"2019-01-29T08:55:39","slug":"misja-panama-oczami-uczestnikow-sdm-dzien-pietnasty","status":"publish","type":"post","link":"https:\/\/lezajsk.przemyska.pl\/?p=7752","title":{"rendered":"Misja PANAMA\u201d oczami uczestnik\u00f3w \u015aDM. Dzie\u0144 pi\u0119tnasty."},"content":{"rendered":"<p style=\"text-align: center;\"><span style=\"color: #ff0000;\"><strong>Dzie\u0144 pi\u0119tnasty<\/strong><\/span><\/p>\n<p>\u00a0Od strony duchowej wigilia czuwania przed dniem dzisiejszym by\u0142a czym\u015b pi\u0119knym. Same rozwa\u017cania, potem procesja maryjna, oraz nocne \u015bpiewy i ta\u0144ce\u00a0 m\u0142odych z r\u00f3\u017cnych kraj\u00f3w i j\u0119zyk\u00f3w. Kto nie by\u0142 bardzo zm\u0119czony, m\u00f3g\u0142 chwali\u0107 Pana w tych wyj\u0105tkowych wsp\u00f3lnotach wyros\u0142ych nagle na ulicy obok sektor\u00f3w.\u00a0Straszono nas komarami, lecz \u017caden nie odwa\u017cy\u0142 si\u0119 zbli\u017cy\u0107 do nas po ca\u0142ym dniu pielgrzymowania&#x1f600; We \u015bnie nie przeszkadza\u0142 \u015bpiew ani chodzenie pielgrzym\u00f3w tu\u017c przy g\u0142owie. Szybko nast\u0105pi\u0142a pobudka\u00a0 &#8211; o 6.00 rano. Pr\u0119dko do \u201e\u0142azienki\u201d, poranna toaleta i przygotowanie do Eucharystii. Dobrze, \u017ce rozpocz\u0119\u0142a si\u0119 o 8.00 poniewa\u017c z ka\u017cd\u0105 minut\u0105 ta by\u0142o coraz cieplej.\u00a0 Po Mszy \u015bwi\u0119tej pakowanie i w drog\u0119 powrotn\u0105. Trzeba by\u0142o odpoczywa\u0107, bo si\u0142 w tym gor\u0105cu i du\u017cej wilgotno\u015bci brakowa\u0142o. Dotarli\u015bmy do autobusu, jednego i drugiego metra i byli\u015bmy prawie w domu. Poobiedni odpoczynek po trudzie nocy i drogi i wieczorowe spotkanie naszej wspanialej grupy przy kolacji i ustalanie kolejnych dni&#8230; Do\u015bwiadczenie tak wielkiej wsp\u00f3lnoty ukaza\u0142o nam, \u017ce chrze\u015bcija\u0144stwo jest naprawd\u0119 pi\u0119kne, je\u015bli tylko cz\u0142owiek ca\u0142ym \u00a0sercem si\u0119 zaanga\u017cuje i w pe\u0142ni zakocha si\u0119 w Bogu. Chcemy opowiada\u0107 teraz o tym wszystkim co widzia\u0142y nasze oczy i co us\u0142ysza\u0142y nasze uszy.<\/p>\n<p style=\"text-align: right;\">B\u0105d\u017a pochwalony Bo\u017ce w Twoim \u015bwi\u0119tym Ko\u015bciele \u2013 Ludzie Bo\u017cym.<br \/>\nKs. Grzegorz i m\u0142odzie\u017c.<\/p>\n","protected":false},"excerpt":{"rendered":"<p>Dzie\u0144 pi\u0119tnasty \u00a0Od strony duchowej wigilia czuwania przed dniem dzisiejszym by\u0142a czym\u015b pi\u0119knym. Same rozwa\u017cania, potem procesja maryjna, oraz nocne \u015bpiewy i ta\u0144ce\u00a0 m\u0142odych z r\u00f3\u017cnych kraj\u00f3w i j\u0119zyk\u00f3w. Kto nie by\u0142 bardzo zm\u0119czony, m\u00f3g\u0142 chwali\u0107 Pana w tych wyj\u0105tkowych wsp\u00f3lnotach wyros\u0142ych nagle na ulicy obok sektor\u00f3w.\u00a0Straszono nas komarami, lecz \u017caden nie odwa\u017cy\u0142 si\u0119 zbli\u017cy\u0107 [&hellip;]<\/p>\n","protected":false},"author":5,"featured_media":7762,"comment_status":"closed","ping_status":"open","sticky":false,"template":"","format":"standard","meta":[],"categories":[4],"tags":[],"_links":{"self":[{"href":"https:\/\/lezajsk.przemyska.pl\/index.php?rest_route=\/wp\/v2\/posts\/7752"}],"collection":[{"href":"https:\/\/lezajsk.przemyska.pl\/index.php?rest_route=\/wp\/v2\/posts"}],"about":[{"href":"https:\/\/lezajsk.przemyska.pl\/index.php?rest_route=\/wp\/v2\/types\/post"}],"author":[{"embeddable":true,"href":"https:\/\/lezajsk.przemyska.pl\/index.php?rest_route=\/wp\/v2\/users\/5"}],"replies":[{"embeddable":true,"href":"https:\/\/lezajsk.przemyska.pl\/index.php?rest_route=%2Fwp%2Fv2%2Fcomments&post=7752"}],"version-history":[{"count":1,"href":"https:\/\/lezajsk.przemyska.pl\/index.php?rest_route=\/wp\/v2\/posts\/7752\/revisions"}],"predecessor-version":[{"id":7764,"href":"https:\/\/lezajsk.przemyska.pl\/index.php?rest_route=\/wp\/v2\/posts\/7752\/revisions\/7764"}],"wp:featuredmedia":[{"embeddable":true,"href":"https:\/\/lezajsk.przemyska.pl\/index.php?rest_route=\/wp\/v2\/media\/7762"}],"wp:attachment":[{"href":"https:\/\/lezajsk.przemyska.pl\/index.php?rest_route=%2Fwp%2Fv2%2Fmedia&parent=7752"}],"wp:term":[{"taxonomy":"category","embeddable":true,"href":"https:\/\/lezajsk.przemyska.pl\/index.php?rest_route=%2Fwp%2Fv2%2Fcategories&post=7752"},{"taxonomy":"post_tag","embeddable":true,"href":"https:\/\/lezajsk.przemyska.pl\/index.php?rest_route=%2Fwp%2Fv2%2Ftags&post=7752"}],"curies":[{"name":"wp","href":"https:\/\/api.w.org\/{rel}","templated":true}]}}