
{"id":7744,"date":"2019-01-27T13:47:23","date_gmt":"2019-01-27T12:47:23","guid":{"rendered":"http:\/\/lezajsk.przemyska.pl\/?p=7744"},"modified":"2019-01-27T13:47:23","modified_gmt":"2019-01-27T12:47:23","slug":"misja-panama-oczami-uczestnikow-sdm-dzien-czternasty","status":"publish","type":"post","link":"https:\/\/lezajsk.przemyska.pl\/?p=7744","title":{"rendered":"Misja PANAMA\u201d oczami uczestnik\u00f3w \u015aDM. Dzie\u0144 czternasty."},"content":{"rendered":"<p style=\"text-align: center;\"><span style=\"color: #ff0000;\"><strong>Dzie\u0144 czternasty<\/strong><\/span><\/p>\n<p>Dzisiaj by\u0142o wcze\u015bniejsze wstawianie a to za spraw\u0105 Mszy \u015bwi\u0119tej o 8.00 godzinie odprawianej. Przewodniczy\u0142 jej Prymas Polski ks. Abp Wojciech Polak. Przedstawi\u0142 na pocz\u0105tku dwie postacie, biskupi Tymoteusza i Tytusa. Pawe\u0142 przez nich napomina gmin\u0119 chrze\u015bcija\u0144sk\u0105. Dalej nawi\u0105za\u0142 do s\u0142\u00f3w Papie\u017ca Franciszka, kt\u00f3ry m\u00f3wi\u0142, \u017ce chrze\u015bcija\u0144stwo to nie prawo, nakazy i zakazy ale to Chrystus, za kt\u00f3rym mamy i\u015b\u0107. Chrystus wysy\u0142a po dw\u00f3ch by na ich \u015bwiadectwie by\u0142a oparta prawda. W Panamie mamy chodzi\u0107 po dw\u00f3ch lub wi\u0119cej. Mamy \u015bwiadczy\u0107 o Chrystusie. Pro\u015bcie \u2013 zwr\u00f3ci\u0142 si\u0119 Prymas do m\u0142odych &#8211; \u00a0aby\u015bcie potrafili kocha\u0107 jak Chrystus, dawali mi\u0142o\u015b\u0107 jak on. Kto chce i\u015b\u0107 za Jezusem, musi by\u0107 zewn\u0119trznie wolny. \u015awiadek mi\u0142o\u015bci jest \u015bwiadkiem pokoju. Ko\u015bci\u00f3\u0142 potrzebuje \u015aDM by m\u00f3g\u0142 zaczerpn\u0105\u0107 Ducha i si\u0119 odm\u0142adza\u0142 oraz by\u015bmy g\u0142osili \u017cyciem rado\u015b\u0107 spotkania we wsp\u00f3lnocie. Umocnieni s\u0142owem i duchowym pokarmem, ruszyli\u015bmy na \u015bniadanie a potem szybko do dom\u00f3w zabra\u0107 potrzebne rzeczy i dalej w drog\u0119 na Campus \u015bw. Jana Paw\u0142a II. Od po\u0142udnia drog\u0119 te przemierza\u0142o bardzo wielu pielgrzym\u00f3w. Chcieli\u015bmy by\u0107 jak najszybciej, by zaj\u0105\u0107 dobre, le\u017c\u0105ce miejsce. Po drodze wst\u0105pili\u015bmy po obiadokolacj\u0119 i prosto do sektora. By\u0142 dosy\u0107 daleko, ale blisko sceny. Blisko tzn. 3 km&#x1f600;. Miejsc\u00f3wk\u0119 mamy do\u015b\u0107 dobr\u0105. Ka\u017cdy swobodnie roz\u0142o\u017cy\u0142 karimat\u0119 do spania. Niekt\u00f3rym osobom zn\u00f3w uda\u0142o si\u0119 by\u0107 bardzo blisko przeje\u017cd\u017caj\u0105cego Papie\u017ca Franciszka. Prze\u017cyli\u015bmy bardzo pi\u0119kn\u0105 adoracj\u0119 Naj\u015bwi\u0119tszego Sakramentu. M\u0142odzi uczestniczyli w niej w wielkim skupieniu i ciszy. Po adoracji wyst\u0119powali arty\u015bci graj\u0105c chrze\u015bcija\u0144sk\u0105 muzyk\u0119 a wok\u00f3\u0142 ca\u0142ego Campusa pielgrzymowa\u0142a w procesji figura Matki Bo\u017cej z Fatimy. Dzi\u0119kujemy Ci, Maryjo, \u017ce jeste\u015b z nami. Teraz pora na odpoczynek.<\/p>\n<p>\u017byczymy wszystkim b\u0142ogos\u0142awionej niedzieli. B\u0105d\u017acie z nami o 14.00 Msza \u015bwi\u0119ta na zako\u0144czenie \u015awiatowych Dni\u00a0 M\u0142odzie\u017cy.<\/p>\n<p style=\"text-align: right;\">Mo\u017ce nas poka\u017c\u0105&#x1f600;<br \/>\nKs. Grzegorz i M\u0142odzie\u017c.<\/p>\n","protected":false},"excerpt":{"rendered":"<p>Dzie\u0144 czternasty Dzisiaj by\u0142o wcze\u015bniejsze wstawianie a to za spraw\u0105 Mszy \u015bwi\u0119tej o 8.00 godzinie odprawianej. Przewodniczy\u0142 jej Prymas Polski ks. Abp Wojciech Polak. Przedstawi\u0142 na pocz\u0105tku dwie postacie, biskupi Tymoteusza i Tytusa. Pawe\u0142 przez nich napomina gmin\u0119 chrze\u015bcija\u0144sk\u0105. Dalej nawi\u0105za\u0142 do s\u0142\u00f3w Papie\u017ca Franciszka, kt\u00f3ry m\u00f3wi\u0142, \u017ce chrze\u015bcija\u0144stwo to nie prawo, nakazy i zakazy [&hellip;]<\/p>\n","protected":false},"author":5,"featured_media":7745,"comment_status":"closed","ping_status":"open","sticky":false,"template":"","format":"standard","meta":[],"categories":[4],"tags":[],"_links":{"self":[{"href":"https:\/\/lezajsk.przemyska.pl\/index.php?rest_route=\/wp\/v2\/posts\/7744"}],"collection":[{"href":"https:\/\/lezajsk.przemyska.pl\/index.php?rest_route=\/wp\/v2\/posts"}],"about":[{"href":"https:\/\/lezajsk.przemyska.pl\/index.php?rest_route=\/wp\/v2\/types\/post"}],"author":[{"embeddable":true,"href":"https:\/\/lezajsk.przemyska.pl\/index.php?rest_route=\/wp\/v2\/users\/5"}],"replies":[{"embeddable":true,"href":"https:\/\/lezajsk.przemyska.pl\/index.php?rest_route=%2Fwp%2Fv2%2Fcomments&post=7744"}],"version-history":[{"count":1,"href":"https:\/\/lezajsk.przemyska.pl\/index.php?rest_route=\/wp\/v2\/posts\/7744\/revisions"}],"predecessor-version":[{"id":7749,"href":"https:\/\/lezajsk.przemyska.pl\/index.php?rest_route=\/wp\/v2\/posts\/7744\/revisions\/7749"}],"wp:featuredmedia":[{"embeddable":true,"href":"https:\/\/lezajsk.przemyska.pl\/index.php?rest_route=\/wp\/v2\/media\/7745"}],"wp:attachment":[{"href":"https:\/\/lezajsk.przemyska.pl\/index.php?rest_route=%2Fwp%2Fv2%2Fmedia&parent=7744"}],"wp:term":[{"taxonomy":"category","embeddable":true,"href":"https:\/\/lezajsk.przemyska.pl\/index.php?rest_route=%2Fwp%2Fv2%2Fcategories&post=7744"},{"taxonomy":"post_tag","embeddable":true,"href":"https:\/\/lezajsk.przemyska.pl\/index.php?rest_route=%2Fwp%2Fv2%2Ftags&post=7744"}],"curies":[{"name":"wp","href":"https:\/\/api.w.org\/{rel}","templated":true}]}}