
{"id":7698,"date":"2019-01-25T13:03:32","date_gmt":"2019-01-25T12:03:32","guid":{"rendered":"http:\/\/lezajsk.przemyska.pl\/?p=7698"},"modified":"2019-01-25T13:03:32","modified_gmt":"2019-01-25T12:03:32","slug":"misja-panama-oczami-uczestnikow-sdm-dzien-dwunasty","status":"publish","type":"post","link":"https:\/\/lezajsk.przemyska.pl\/?p=7698","title":{"rendered":"Misja PANAMA\u201d oczami uczestnik\u00f3w \u015aDM. Dzie\u0144 dwunasty."},"content":{"rendered":"<p style=\"text-align: center;\"><span style=\"color: #ff0000;\"><strong>Dzie\u0144 dwunasty<\/strong><\/span><\/p>\n<p>Wczorajszy dzie\u0144 by\u0142 rzeczywi\u015bcie bardzo m\u0119cz\u0105cy. Kilka os\u00f3b z grupy odczuwa\u0142o ju\u017c og\u00f3lne przem\u0119czenia, lub ukryt\u0105 w kraju wra\u017cliwo\u015b\u0107 na alergi\u0119&#8230; Noc min\u0119\u0142a i sytuacja si\u0119 znacznie poprawi\u0142a. Samopoczucie i ch\u0119\u0107 do zabawy powr\u00f3ci\u0142a. Na ca\u0142e szcz\u0119\u015bcie. Dzisiaj na katechezach ks. abp Marek J\u0119draszewski swoje rozwa\u017cania opar\u0142 o fragment Pasma: \u201eOto ja s\u0142u\u017cebnica Pa\u0144ska,\u00a0 niech mi si\u0119 stanie wed\u0142ug s\u0142owa Twego&#8221;. Wskaza\u0142 Maryj\u0119\u00a0i Jej otwarto\u015b\u0107 na Bo\u017c\u0105 mi\u0142o\u015b\u0107. M\u00f3wi\u0142, \u017ce mi\u0142o\u015bci nie da si\u0119 wymusi\u0107, mi\u0142o\u015b\u0107 albo si\u0119 otrzymuje, albo si\u0119 daje. Maryja przyj\u0119\u0142a Bo\u017c\u0105 mi\u0142o\u015b\u0107 i teraz pragnie j\u0105 wszystkim dawa\u0107. Po katechezach rozpocz\u0119\u0142a si\u0119 Eucharystia. Tutaj abp J\u0119draszewski nawi\u0105zuj\u0105c do fragmentu ewangelii z Kany Galilejskiej ukaza\u0142 wz\u00f3r Maryi jako nauczycielki. G\u0142osi\u0142 m\u0142odym, \u017ce sam Pan Jezus wiele si\u0119 nauczy\u0142 od swojej Matki, \u017ce aposto\u0142owie przychodzili do niej w r\u00f3\u017cnych potrzebach a ona zawsze ch\u0119tnie pomaga\u0142a i uczy\u0142a. Nast\u0119pnym punktem mia\u0142o by\u0107 zwiedzanie starego miasta, jednak perspektywa kolejki po jedzenie a potem drugiej, by doj\u015b\u0107 do wyznaczonego sektora, skutecznie pokrzy\u017cowa\u0142a nam plany. Po d\u0142u\u017cszej chwili zjedli\u015bmy pizz\u0119 i poszli\u015bmy w stron\u0119 spotkania z Ojcem \u015awi\u0119tym. Niestety tutaj te\u017c by\u0142a przeszkoda. T\u0142um niepoliczony szed\u0142 przed nami i ka\u017cdy musia\u0142 dawa\u0107 plecak do prze\u015bwietlenia. Jednak po kr\u00f3tkiej chwili zrezygnowano z tej procedury i kolejka szybko si\u0119 zmniejszy\u0142a. Przyjazd papie\u017ca wywo\u0142ywa\u0142 u m\u0142odych wielki entuzjazm. A sam przejazd ulicami okrzyki i \u015bpiewy. Liturgia rozpocz\u0119\u0142a si\u0119 punktualnie. Papie\u017c Franciszek wskaza\u0142, by m\u0142odzi zwr\u00f3cili uwag\u0119 na tych, kt\u00f3rzy buduj\u0105 pok\u00f3j i tych, kt\u00f3rzy dziel\u0105 i powoduj\u0105 roz\u0142amy. M\u00f3wi\u0142, \u017ce diabe\u0142 chce ludzi por\u00f3\u017cni\u0107, by nie \u017cyli w jedno\u015bci i si\u0119 nie mi\u0142owali. Samym wieczorem wybrali\u015bmy si\u0119 na festiwal m\u0142odych. Tutaj nasi przyjaciele z Meksyku mieli sw\u00f3j koncert. Pod scen\u0105 po raz kolejny spotkali\u015bmy m\u0142odzie\u017c z parafii La Arena. Bawili\u015bmy si\u0119 razem ponad godzin\u0119. Tak rado\u015bni w Panu wr\u00f3cili\u015bmy do naszych dom\u00f3w wyst\u0119puj\u0105c po drodze na kolacj\u0119.<\/p>\n<p style=\"text-align: right;\">Dzi\u0119kujemy dzisiaj za dar naszych rodzin, kt\u00f3re szczerze i serdecznie pozdrawiamy.<\/p>\n<p style=\"text-align: right;\"><strong>Ks. Grzegorz i m\u0142odzie\u017c.<\/strong><\/p>\n","protected":false},"excerpt":{"rendered":"<p>Dzie\u0144 dwunasty Wczorajszy dzie\u0144 by\u0142 rzeczywi\u015bcie bardzo m\u0119cz\u0105cy. Kilka os\u00f3b z grupy odczuwa\u0142o ju\u017c og\u00f3lne przem\u0119czenia, lub ukryt\u0105 w kraju wra\u017cliwo\u015b\u0107 na alergi\u0119&#8230; Noc min\u0119\u0142a i sytuacja si\u0119 znacznie poprawi\u0142a. Samopoczucie i ch\u0119\u0107 do zabawy powr\u00f3ci\u0142a. Na ca\u0142e szcz\u0119\u015bcie. Dzisiaj na katechezach ks. abp Marek J\u0119draszewski swoje rozwa\u017cania opar\u0142 o fragment Pasma: \u201eOto ja s\u0142u\u017cebnica [&hellip;]<\/p>\n","protected":false},"author":5,"featured_media":7713,"comment_status":"closed","ping_status":"open","sticky":false,"template":"","format":"standard","meta":[],"categories":[4],"tags":[],"_links":{"self":[{"href":"https:\/\/lezajsk.przemyska.pl\/index.php?rest_route=\/wp\/v2\/posts\/7698"}],"collection":[{"href":"https:\/\/lezajsk.przemyska.pl\/index.php?rest_route=\/wp\/v2\/posts"}],"about":[{"href":"https:\/\/lezajsk.przemyska.pl\/index.php?rest_route=\/wp\/v2\/types\/post"}],"author":[{"embeddable":true,"href":"https:\/\/lezajsk.przemyska.pl\/index.php?rest_route=\/wp\/v2\/users\/5"}],"replies":[{"embeddable":true,"href":"https:\/\/lezajsk.przemyska.pl\/index.php?rest_route=%2Fwp%2Fv2%2Fcomments&post=7698"}],"version-history":[{"count":1,"href":"https:\/\/lezajsk.przemyska.pl\/index.php?rest_route=\/wp\/v2\/posts\/7698\/revisions"}],"predecessor-version":[{"id":7720,"href":"https:\/\/lezajsk.przemyska.pl\/index.php?rest_route=\/wp\/v2\/posts\/7698\/revisions\/7720"}],"wp:featuredmedia":[{"embeddable":true,"href":"https:\/\/lezajsk.przemyska.pl\/index.php?rest_route=\/wp\/v2\/media\/7713"}],"wp:attachment":[{"href":"https:\/\/lezajsk.przemyska.pl\/index.php?rest_route=%2Fwp%2Fv2%2Fmedia&parent=7698"}],"wp:term":[{"taxonomy":"category","embeddable":true,"href":"https:\/\/lezajsk.przemyska.pl\/index.php?rest_route=%2Fwp%2Fv2%2Fcategories&post=7698"},{"taxonomy":"post_tag","embeddable":true,"href":"https:\/\/lezajsk.przemyska.pl\/index.php?rest_route=%2Fwp%2Fv2%2Ftags&post=7698"}],"curies":[{"name":"wp","href":"https:\/\/api.w.org\/{rel}","templated":true}]}}