
{"id":7432,"date":"2019-01-14T08:16:40","date_gmt":"2019-01-14T07:16:40","guid":{"rendered":"http:\/\/lezajsk.przemyska.pl\/?p=7432"},"modified":"2019-01-21T10:06:23","modified_gmt":"2019-01-21T09:06:23","slug":"misja-panama-oczami-uczestnikow-sdm-dzien-pierwszy","status":"publish","type":"post","link":"https:\/\/lezajsk.przemyska.pl\/?p=7432","title":{"rendered":"&#8222;Misja PANAMA&#8221; oczami uczestnik\u00f3w \u015aDM. Dzie\u0144 Pierwszy."},"content":{"rendered":"<div style=\"text-align: center;\"><span style=\"color: #ff0000;\"><strong>DZIE\u0143 PIERWSZY: wyjazd.<\/strong><\/span><\/div>\n<div>Atmosfera podekscytowania towarzyszy\u0142a nam od niedzielnego poranka. Sprawdzanie wcze\u015bniej spakowanych walizek, dok\u0142adanie i odk\u0142adanie rzeczy, wa\u017cenie, znowu sprawdzanie czy wszystko jest na swoim miejscu i czy waga si\u0119 zgadza.<\/div>\n<div>Nasta\u0142 niedzielny wiecz\u00f3r. W Farze o 19.00 rozpocz\u0105\u0142 si\u0119 kolejny ju\u017c Wiecz\u00f3r Uwielbienie. Pi\u0119kny \u015bpiew kol\u0119d i kanon\u00f3w Taize powodowa\u0142 i\u015bcie modlitewny nastr\u00f3j. Po wezwaniu wstawiennictwa Ducha \u015awi\u0119tego, pielgrzymi do Panamy ukl\u0119kn\u0119li przed Naj\u015bwi\u0119tszym Sakramentem wystawionym na o\u0142tarzu. Ks. Grzegorz wraz z m\u0142odzie\u017c\u0105 odczytali akt zawierzenia i pos\u0142ania. Ks. Kamil udzieli\u0142 ka\u017cdemu p\u0105tnikowi indywidualnego b\u0142ogos\u0142awie\u0144stwa. W tym czasie diakonia zaintonowa\u0142a \u201eNiech wam Pan b\u0142ogos\u0142awi i strze\u017ce,\u00a0 niech wam Pan sw\u00f3j pok\u00f3j da&#8221;. By\u0142o wielkie wzruszenie m\u0142odych i ich rodzic\u00f3w. Ale to nie jedyny znak. kt\u00f3ry towarzyszy\u0142 nam tego dnia.\u00a0 Tym znakiem by\u0142o umycie d\u0142oni i towarzysz\u0105ce temu obrz\u0119dowi s\u0142owa \u201eobmyj mnie, Panie z mojej winy i oczy\u015b\u0107 mnie z grzechu mojego&#8221;. Po przyj\u0119ciu tego znaku wszyscy udali si\u0119 do autokaru. Przyjecha\u0142 punktualnie. Sprawdzono obecno\u015b\u0107 i o 20.10 po\u017cegnali\u015bmy Le\u017cajsk. W autokarze poprosili\u015bmy na modlitwie o szcz\u0119\u015bliw\u0105 podr\u00f3\u017c. Wida\u0107 w oczach rado\u015b\u0107 ale i zm\u0119czenie. Wsp\u00f3lnie odm\u00f3wili\u015bmy ca\u0142y r\u00f3\u017caniec w intencji: spotkania m\u0142odych, za nasze rodziny, za naszych dobroczy\u0144c\u00f3w, za tych, kt\u00f3rzy prosili nas o modlitw\u0119 i kt\u00f3rym j\u0105 obiecali\u015bmy. Potem chwila odpoczynku, post\u00f3j na zjedzenie kanapki a tak\u017ce rozdzielenie kart ubezpieczenia oraz pakiet\u00f3w polskich. Pakiety zawiera\u0142y: kapelusz (bia\u0142y lub czerwony), koszulk\u0119, flag\u0119 Polski, worek, plecak, wachlarzyk, nerk\u0119\u00a0 na dokumenty, chust\u0119, ikon\u0119 Matki Boskiej Cz\u0119stochowskiej.<\/div>\n<div>Na lotnisku byli\u015bmy po 2 w nocy. O 3.20 zosta\u0142a odprawiona Msza \u015bw. pos\u0142ania pod przewodnictwem Prymasa Polski &#8211; Arcybiskupa Wojciecha Polaka. Ksi\u0105dz Prymas w czasie homilii przypomnia\u0142 uczestnikom wyjazdu, co znaczy by\u0107 w drodze. Wskaza\u0142 na Maryj\u0119, kt\u00f3ra wybra\u0142a si\u0119 w dalek\u0105 drog\u0119. Podczas niej mia\u0142a du\u017co czasu, by wiele spraw przemy\u015ble\u0107. Arcybiskup Polak m\u00f3wi\u0142 tak\u017ce o postawie aposto\u0142\u00f3w, kt\u00f3rzy szli przy Jezusie a On dodawa\u0142 im odwagi, rozwiewa\u0142 wiele w\u0105tpliwo\u015bci i niepokoj\u00f3w.<\/div>\n<div>Zaraz po Mszy nast\u0105pi\u0142a odprawa paszportowa i wej\u015bcie na pok\u0142ad pi\u0119knego, wielkiego, nowego samolotu. Dreamliner liczy\u0142 prawie 300 miejsc. Wszystkie zape\u0142nione. Niekt\u00f3rym osobom uda\u0142o si\u0119 lecie\u0107 w klasie Premium i Biznes. 12 godzin lotu przed nami. 5.55 startujemy. Dzi\u0119kujemy za modlitw\u0119 w naszej intencji.<\/div>\n<div><a href=\"https:\/\/lezajsk.przemyska.pl\/?post_type=post&amp;p=7447\">P.S. 1. Kilka zdj\u0119\u0107 w zak\u0142adce GALERIA&#8230;<\/a><\/div>\n<div>P.S.2. Jak b\u0119dzie mo\u017cliwo\u015b\u0107, to b\u0119dziemy informowa\u0107 o tym co u nas na bie\u017c\u0105co&#8230;<\/div>\n<div style=\"text-align: right;\">Ks. Grzegorz<\/div>\n","protected":false},"excerpt":{"rendered":"<p>DZIE\u0143 PIERWSZY: wyjazd. Atmosfera podekscytowania towarzyszy\u0142a nam od niedzielnego poranka. Sprawdzanie wcze\u015bniej spakowanych walizek, dok\u0142adanie i odk\u0142adanie rzeczy, wa\u017cenie, znowu sprawdzanie czy wszystko jest na swoim miejscu i czy waga si\u0119 zgadza. Nasta\u0142 niedzielny wiecz\u00f3r. W Farze o 19.00 rozpocz\u0105\u0142 si\u0119 kolejny ju\u017c Wiecz\u00f3r Uwielbienie. Pi\u0119kny \u015bpiew kol\u0119d i kanon\u00f3w Taize powodowa\u0142 i\u015bcie modlitewny nastr\u00f3j. [&hellip;]<\/p>\n","protected":false},"author":5,"featured_media":7436,"comment_status":"closed","ping_status":"open","sticky":false,"template":"","format":"standard","meta":[],"categories":[4],"tags":[],"_links":{"self":[{"href":"https:\/\/lezajsk.przemyska.pl\/index.php?rest_route=\/wp\/v2\/posts\/7432"}],"collection":[{"href":"https:\/\/lezajsk.przemyska.pl\/index.php?rest_route=\/wp\/v2\/posts"}],"about":[{"href":"https:\/\/lezajsk.przemyska.pl\/index.php?rest_route=\/wp\/v2\/types\/post"}],"author":[{"embeddable":true,"href":"https:\/\/lezajsk.przemyska.pl\/index.php?rest_route=\/wp\/v2\/users\/5"}],"replies":[{"embeddable":true,"href":"https:\/\/lezajsk.przemyska.pl\/index.php?rest_route=%2Fwp%2Fv2%2Fcomments&post=7432"}],"version-history":[{"count":2,"href":"https:\/\/lezajsk.przemyska.pl\/index.php?rest_route=\/wp\/v2\/posts\/7432\/revisions"}],"predecessor-version":[{"id":7599,"href":"https:\/\/lezajsk.przemyska.pl\/index.php?rest_route=\/wp\/v2\/posts\/7432\/revisions\/7599"}],"wp:featuredmedia":[{"embeddable":true,"href":"https:\/\/lezajsk.przemyska.pl\/index.php?rest_route=\/wp\/v2\/media\/7436"}],"wp:attachment":[{"href":"https:\/\/lezajsk.przemyska.pl\/index.php?rest_route=%2Fwp%2Fv2%2Fmedia&parent=7432"}],"wp:term":[{"taxonomy":"category","embeddable":true,"href":"https:\/\/lezajsk.przemyska.pl\/index.php?rest_route=%2Fwp%2Fv2%2Fcategories&post=7432"},{"taxonomy":"post_tag","embeddable":true,"href":"https:\/\/lezajsk.przemyska.pl\/index.php?rest_route=%2Fwp%2Fv2%2Ftags&post=7432"}],"curies":[{"name":"wp","href":"https:\/\/api.w.org\/{rel}","templated":true}]}}