
{"id":7429,"date":"2019-01-12T22:07:52","date_gmt":"2019-01-12T21:07:52","guid":{"rendered":"http:\/\/lezajsk.przemyska.pl\/?p=7429"},"modified":"2019-01-14T13:38:43","modified_gmt":"2019-01-14T12:38:43","slug":"niedziela-chrztu-panskiego-13-01-2019-r","status":"publish","type":"post","link":"https:\/\/lezajsk.przemyska.pl\/?p=7429","title":{"rendered":"Niedziela Chrztu Pa\u0144skiego (13.01.2019 r.)"},"content":{"rendered":"<ol>\n<li>Wraz z dzisiejsz\u0105 niedziel\u0105 <strong>ko\u0144czymy w liturgii okres Bo\u017cego Narodzenia<\/strong>, chocia\u017c kol\u0119dy, przeplatane pie\u015bniami okresowymi, \u015bpiewamy tradycyjnie do 2\u00a0lutego.<\/li>\n<li>Dzi\u015b zapraszamy na kolejny <strong>Wiecz\u00f3r Uwielbienia z modlitw\u0105 dzi\u0119kczynn\u0105 za dar chrztu \u015bwi\u0119tego<\/strong> oraz z symbolicznym obrz\u0119dem obmycia wod\u0105 z naszych win i\u00a0oczyszczenia z\u00a0grzech\u00f3w. Nabo\u017ce\u0144stwu b\u0119dzie towarzyszy\u0142 pi\u0119kny \u015bpiew kol\u0119d w\u00a0wykonaniu scholii pieszych i duchowych pielgrzym\u00f3w na Jasn\u0105 G\u00f3r\u0119. Nabo\u017ce\u0144stwo rozpocznie si\u0119 po Mszy \u015bw. wieczornej oko\u0142o godz. 19.00. i b\u0119dzie po\u0142\u0105czone \u00a0z\u00a0obrz\u0119dem <strong>pos\u0142ania M\u0142odych wyje\u017cd\u017caj\u0105cych na \u015awiatowe Spotkanie do Panamy<\/strong>. W zwi\u0105zku z tym, dzi\u015b wyj\u0105tkowo nie b\u0119dzie nabo\u017ce\u0144stwa o godz. 17.30.<\/li>\n<li>Do czwartku w\u0142\u0105cznie b\u0119dzie trwa\u0142a jeszcze <strong>wizyta duszpasterska<\/strong> zgodnie z\u00a0harmonogramem, kt\u00f3ry jest wywieszony w\u00a0gablocie jak i\u00a0na stronie internetowej naszej parafii w zak\u0142adce z og\u0142oszeniami. W pi\u0105tek od godz. 16.00, ch\u0119tnie odwiedzimy te rodziny, kt\u00f3re z\u00a0przyczyn obiektywnych nie mia\u0142y kol\u0119dy a chcia\u0142yby takich odwiedzin. Zainteresowanych prosimy o zg\u0142oszenie si\u0119 w\u00a0zakrystii.<\/li>\n<li>W pi\u0105tek 18 stycznia, rozpoczyna si\u0119 doroczny <strong>Tydzie\u0144 Modlitw o Jedno\u015b\u0107 Chrze\u015bcijan<\/strong>, kt\u00f3ry zako\u0144czy si\u0119 25 stycznia \u015bwi\u0119tem Nawr\u00f3cenia \u015aw. Paw\u0142a. Ka\u017cdy, kto w\u00a0czasie trwania tego\u017c tygodnia uczyni co\u015b dla jedno\u015bci Ko\u015bcio\u0142a (modlitwa, post, ja\u0142mu\u017cna itp.) i\u00a0we\u017amie udzia\u0142 w\u00a0jego zako\u0144czeniu, zyskuje odpust zupe\u0142ny po zwyk\u0142ymi warunkami.<\/li>\n<li>W sobot\u0119 przypada liturgiczne <strong>wspomnienie \u015bw. J\u00f3zefa Sebastiana Pelczara<\/strong>. Z tej okazji b\u0119dzie mo\u017cna uczci\u0107 Jego relikwie, kt\u00f3re b\u0119d\u0105 wystawione na o\u0142tarzu Matki Bo\u017cej.<\/li>\n<li>W najbli\u017csz\u0105 sobot\u0119 nasze dzieci ze SP nr 2 i m\u0142odzie\u017c z Gimnazjum b\u0119d\u0105 kol\u0119dowa\u0107 z<strong> Kol\u0119d\u0105 Misyjn\u0105<\/strong> w godz. 10.00 &#8211; 15.00. Prosimy o ich \u017cyczliwe przyj\u0119cie.<\/li>\n<li>Za tydzie\u0144 w niedziel\u0119 zapraszamy do naszej Fary wszystkich <strong>Pszczelarzy z\u00a0Le\u017cajskiego Ko\u0142a<\/strong> na Msz\u0119 \u015bw. o godz. 16.00 sprawowan\u0105 w intencji pszczelarzy i ich rodzin.<\/li>\n<li>Dzisiejsza <strong>taca mszalna<\/strong> jest przeznaczona na planowane w tym roku kolejne prace remontowe przy ko\u015bciele Jezusa Mi\u0142osiernego.<\/li>\n<li>W <strong>Siewcy<\/strong> do nabycia prasa i publikacje katolickie.<\/li>\n<\/ol>\n<p><strong><u>Intencje zbiorowe: <\/u><\/strong><\/p>\n<ul>\n<li>Za \u015bp. J\u00f3zefa Filist \u2013 intencja od s\u0105siad\u00f3w z klatki \u2013 poniedzia\u0142ek i pi\u0105tek, godz. 6.30.<\/li>\n<li>Za \u015bp. Edwarda Paszek \u2013 intencja od s\u0105siad\u00f3w \u2013 wtorek, godz. 7.00.<\/li>\n<li>W intencji nowennowych pr\u00f3\u015bb i podzi\u0119kowa\u0144 do MB Pocieszenia \u2013 \u015broda, godz. 18.00.<\/li>\n<li>Za \u015bp. Ann\u0119 Pawul \u2013 intencja od\u00a0pracownik\u00f3w Sklepu Spo\u0142em nr 10 \u2013 \u015broda, godz. 18.00 i\u00a0od\u00a0s\u0105siad\u00f3w z ul. Lipy \u2013 czwartek, pi\u0105tek, sobota i niedziela, godz. 18.00 (poza parafi\u0105)<\/li>\n<li>Za \u015bp. Jana Bie\u0144kowskiego \u2013 intencja od koleg\u00f3w i kole\u017canek syna z Zespo\u0142u Szk\u00f3\u0142 w Giedlarowej \u2013 niedziela, godz. 16.00.<\/li>\n<\/ul>\n<p>W ostatnim tygodniu odeszli od nas do wieczno\u015bci <strong>\u015bp.<\/strong> <strong>W\u0142adys\u0142awa Kowal <\/strong>z\u00a0ul. Braci \u015aniadeckich i <strong>Erwin Konior<\/strong> zam. ostatnio w S\u0142upsku \u2013 wieczny odpoczynek \u2026..<\/p>\n<p><strong>Plan wizyty duszpasterskiej<\/strong><\/p>\n<p><strong>14-17.01. 2019 r.<\/strong><\/p>\n<p><strong><u>Poniedzia\u0142ek 14.01.2019 \u2013 godz. 15.00<\/u><\/strong><\/p>\n<ol>\n<li>Ksi\u0105dz Dariusz \u2013 ul. Ko\u0142\u0142\u0105taja 3<\/li>\n<li>Ksi\u0105dz Proboszcz \u2013 ul. Ko\u0142\u0142\u0105taja 5 (25) \u2013 Msza \u015bw.<\/li>\n<li>Ksi\u0105dz Piotr \u2013 ul. Ko\u0142\u0142\u0105taja 6 (mieszkania 1-30)<\/li>\n<li>Ksi\u0105dz Kamil \u2013 Ko\u0142\u0142\u0105taja 6 (mieszkania 31-50) oraz Ko\u0142\u0142\u0105taja 7 (1-10)<\/li>\n<li>Ksi\u0105dz Grzegorz R. \u2013 ul. Ko\u0142\u0142\u0105taja 7 (11-45)<\/li>\n<\/ol>\n<p><strong><u>Wtorek 15.01.2019 \u2013 godz. 15.00<\/u><\/strong><\/p>\n<ol>\n<li>Ksi\u0105dz Dariusz &#8211; ul. Ko\u0142\u0142\u0105taja 8 i 10 (mieszkania 1-10)<\/li>\n<li>Ksi\u0105dz Grzegorz R. &#8211; ul. Ko\u0142\u0142\u0105taja 10 (mieszkania 11-45)<\/li>\n<li>Ksi\u0105dz Kamil \u2013 ul. Sanowa (od pocz\u0105tku, potem Polna i Wi\u0119c\u0142awa \u015al\u0105skiego)<\/li>\n<li>Ksi\u0105dz Piotr \u2013 ul. Sanowa (od ko\u0144ca)<\/li>\n<li>Ksi\u0105dz Proboszcz \u2013 ul. Szkolna i Garncarska \u2013 Msza \u015bw.<\/li>\n<\/ol>\n<p><strong><u>\u015aroda 16.01.2019 \u2013 godz. 15.00<\/u><\/strong><\/p>\n<ol>\n<li>Ksi\u0105dz Grzegorz R. \u2013 Plac Dworcowy i ul. Mickiewicza (od dworca)<\/li>\n<li>Ksi\u0105dz Dariusz \u2013 ul. \u017bwirki i Wigury, Plac Jaszowskiego, Furgalskiego i\u00a0Mickiewicza od strony Rynku) \u2013 Msza \u015bw.<\/li>\n<li>Ksi\u0105dz Kamil \u2013 ul. Rynek i Rzeszowska (od Rynku)<\/li>\n<li>Ksi\u0105dz Piotr \u2013 ul. Rzeszowska (od Giedlarowej)<\/li>\n<\/ol>\n<p><u><\/u><strong><u>Czwartek 17.01.2019 \u2013 godz. 15.00 <\/u><\/strong><\/p>\n<ol>\n<li><strong>\u00a0<\/strong>Ksi\u0105dz Grzegorz R. \u2013 G\u00f3rna, Kr\u00f3tka, Piekarska, Plac Targowy i Targowa<\/li>\n<li>Ksi\u0105dz Kamil \u2013 ul. Wa\u0142owa i Kwiatowa \u2013 Msza \u015bw.<\/li>\n<li>Ksi\u0105dz Dariusz \u2013 ul. S\u0142owackiego i Sp\u00f3\u0142dzielcza<\/li>\n<li>Ksi\u0105dz Proboszcz \u2013 ul. Zmuliska<\/li>\n<li>Ksi\u0105dz Piotr \u2013 ul. 28 Maja i Nizinna<\/li>\n<\/ol>\n","protected":false},"excerpt":{"rendered":"<p>Wraz z dzisiejsz\u0105 niedziel\u0105 ko\u0144czymy w liturgii okres Bo\u017cego Narodzenia, chocia\u017c kol\u0119dy, przeplatane pie\u015bniami okresowymi, \u015bpiewamy tradycyjnie do 2\u00a0lutego. Dzi\u015b zapraszamy na kolejny Wiecz\u00f3r Uwielbienia z modlitw\u0105 dzi\u0119kczynn\u0105 za dar chrztu \u015bwi\u0119tego oraz z symbolicznym obrz\u0119dem obmycia wod\u0105 z naszych win i\u00a0oczyszczenia z\u00a0grzech\u00f3w. Nabo\u017ce\u0144stwu b\u0119dzie towarzyszy\u0142 pi\u0119kny \u015bpiew kol\u0119d w\u00a0wykonaniu scholii pieszych i duchowych pielgrzym\u00f3w [&hellip;]<\/p>\n","protected":false},"author":4,"featured_media":0,"comment_status":"closed","ping_status":"open","sticky":false,"template":"","format":"standard","meta":[],"categories":[5],"tags":[],"_links":{"self":[{"href":"https:\/\/lezajsk.przemyska.pl\/index.php?rest_route=\/wp\/v2\/posts\/7429"}],"collection":[{"href":"https:\/\/lezajsk.przemyska.pl\/index.php?rest_route=\/wp\/v2\/posts"}],"about":[{"href":"https:\/\/lezajsk.przemyska.pl\/index.php?rest_route=\/wp\/v2\/types\/post"}],"author":[{"embeddable":true,"href":"https:\/\/lezajsk.przemyska.pl\/index.php?rest_route=\/wp\/v2\/users\/4"}],"replies":[{"embeddable":true,"href":"https:\/\/lezajsk.przemyska.pl\/index.php?rest_route=%2Fwp%2Fv2%2Fcomments&post=7429"}],"version-history":[{"count":3,"href":"https:\/\/lezajsk.przemyska.pl\/index.php?rest_route=\/wp\/v2\/posts\/7429\/revisions"}],"predecessor-version":[{"id":7450,"href":"https:\/\/lezajsk.przemyska.pl\/index.php?rest_route=\/wp\/v2\/posts\/7429\/revisions\/7450"}],"wp:attachment":[{"href":"https:\/\/lezajsk.przemyska.pl\/index.php?rest_route=%2Fwp%2Fv2%2Fmedia&parent=7429"}],"wp:term":[{"taxonomy":"category","embeddable":true,"href":"https:\/\/lezajsk.przemyska.pl\/index.php?rest_route=%2Fwp%2Fv2%2Fcategories&post=7429"},{"taxonomy":"post_tag","embeddable":true,"href":"https:\/\/lezajsk.przemyska.pl\/index.php?rest_route=%2Fwp%2Fv2%2Ftags&post=7429"}],"curies":[{"name":"wp","href":"https:\/\/api.w.org\/{rel}","templated":true}]}}