
{"id":7423,"date":"2019-01-07T12:18:34","date_gmt":"2019-01-07T11:18:34","guid":{"rendered":"http:\/\/lezajsk.przemyska.pl\/?p=7423"},"modified":"2019-01-07T12:22:20","modified_gmt":"2019-01-07T11:22:20","slug":"wieczor-uwielbienia-13-stycznia-2019-zapraszamy-godzina-19-00","status":"publish","type":"post","link":"https:\/\/lezajsk.przemyska.pl\/?p=7423","title":{"rendered":"Wiecz\u00f3r Uwielbienia &#8211; 13 stycznia, godzina 19.00."},"content":{"rendered":"<p><strong>W<\/strong>\u00a0<strong>niedziel\u0119 13 stycznia<\/strong>\u00a0po Mszy \u015bwi\u0119tej wieczornej, zapraszamy wszystkich na\u00a0<strong>Wiecz\u00f3r Uwielbienia z modlitw\u0105 dzi\u0119kczynn\u0105 za dar chrztu \u015bwi\u0119tego<\/strong>\u00a0oraz z symbolicznym obrz\u0119dem obmycia wod\u0105 z naszych win i oczyszczenia z\u00a0grzech\u00f3w. Nabo\u017ce\u0144stwu b\u0119dzie towarzyszy\u0142 \u015bpiew kol\u0119d w wykonaniu scholi pieszych i duchowych pielgrzym\u00f3w na Jasn\u0105 G\u00f3r\u0119. Nabo\u017ce\u0144stwo rozpocznie si\u0119 po Mszy \u015bw. wieczornej oko\u0142o godz. 19.00.<\/p>\n","protected":false},"excerpt":{"rendered":"<p>W\u00a0niedziel\u0119 13 stycznia\u00a0po Mszy \u015bwi\u0119tej wieczornej, zapraszamy wszystkich na\u00a0Wiecz\u00f3r Uwielbienia z modlitw\u0105 dzi\u0119kczynn\u0105 za dar chrztu \u015bwi\u0119tego\u00a0oraz z symbolicznym obrz\u0119dem obmycia wod\u0105 z naszych win i oczyszczenia z\u00a0grzech\u00f3w. Nabo\u017ce\u0144stwu b\u0119dzie towarzyszy\u0142 \u015bpiew kol\u0119d w wykonaniu scholi pieszych i duchowych pielgrzym\u00f3w na Jasn\u0105 G\u00f3r\u0119. Nabo\u017ce\u0144stwo rozpocznie si\u0119 po Mszy \u015bw. wieczornej oko\u0142o godz. 19.00.<\/p>\n","protected":false},"author":5,"featured_media":7422,"comment_status":"closed","ping_status":"open","sticky":false,"template":"","format":"standard","meta":[],"categories":[4],"tags":[],"_links":{"self":[{"href":"https:\/\/lezajsk.przemyska.pl\/index.php?rest_route=\/wp\/v2\/posts\/7423"}],"collection":[{"href":"https:\/\/lezajsk.przemyska.pl\/index.php?rest_route=\/wp\/v2\/posts"}],"about":[{"href":"https:\/\/lezajsk.przemyska.pl\/index.php?rest_route=\/wp\/v2\/types\/post"}],"author":[{"embeddable":true,"href":"https:\/\/lezajsk.przemyska.pl\/index.php?rest_route=\/wp\/v2\/users\/5"}],"replies":[{"embeddable":true,"href":"https:\/\/lezajsk.przemyska.pl\/index.php?rest_route=%2Fwp%2Fv2%2Fcomments&post=7423"}],"version-history":[{"count":4,"href":"https:\/\/lezajsk.przemyska.pl\/index.php?rest_route=\/wp\/v2\/posts\/7423\/revisions"}],"predecessor-version":[{"id":7427,"href":"https:\/\/lezajsk.przemyska.pl\/index.php?rest_route=\/wp\/v2\/posts\/7423\/revisions\/7427"}],"wp:featuredmedia":[{"embeddable":true,"href":"https:\/\/lezajsk.przemyska.pl\/index.php?rest_route=\/wp\/v2\/media\/7422"}],"wp:attachment":[{"href":"https:\/\/lezajsk.przemyska.pl\/index.php?rest_route=%2Fwp%2Fv2%2Fmedia&parent=7423"}],"wp:term":[{"taxonomy":"category","embeddable":true,"href":"https:\/\/lezajsk.przemyska.pl\/index.php?rest_route=%2Fwp%2Fv2%2Fcategories&post=7423"},{"taxonomy":"post_tag","embeddable":true,"href":"https:\/\/lezajsk.przemyska.pl\/index.php?rest_route=%2Fwp%2Fv2%2Ftags&post=7423"}],"curies":[{"name":"wp","href":"https:\/\/api.w.org\/{rel}","templated":true}]}}