
{"id":7401,"date":"2018-12-18T08:15:26","date_gmt":"2018-12-18T07:15:26","guid":{"rendered":"http:\/\/lezajsk.przemyska.pl\/?p=7401"},"modified":"2018-12-18T08:19:27","modified_gmt":"2018-12-18T07:19:27","slug":"spowiedz-parafialna-sobota-22-grudnia","status":"publish","type":"post","link":"https:\/\/lezajsk.przemyska.pl\/?p=7401","title":{"rendered":"Spowied\u017a parafialna (sobota &#8211; 22 grudnia)."},"content":{"rendered":"<p style=\"text-align: center;\">W sobot\u0119\u00a0<strong>22 grudnia<\/strong>\u00a0b\u0119dziemy prze\u017cywa\u0107 nasz\u0105\u00a0<strong>spowied\u017a parafialn\u0105.<\/strong>\u00a0Kap\u0142ani z\u00a0dekanatu b\u0119d\u0105 spowiada\u0107<strong>\u00a0w obu ko\u015bcio\u0142ach w\u00a0godz: 9.00 \u2013 12.00\u00a0<\/strong>(przerwa p\u00f3\u0142godzinna o\u00a0godz. 10.30)<strong>\u00a0i popo\u0142udniu 14.00 \u2013 18.00.\u00a0<\/strong>(przerwa p\u00f3\u0142godzinna o godz. 16.00). Nie zmarnujmy tej okazji aby pojednani z\u00a0Bogiem i\u00a0lud\u017ami zasi\u0105\u015b\u0107 do wigilijnego sto\u0142u i nie odk\u0142adajmy spowiedzi na inny czas.<\/p>\n<div class=\"box_article_categories\">\n<h2 class=\"box_article_title\" style=\"text-align: center;\">Pi\u0119\u0107 warunk\u00f3w dobrej spowiedzi<\/h2>\n<\/div>\n<div class=\"addthis_sharing_toolbox\" style=\"text-align: center;\">\u00a01. Rachunek sumienia<\/div>\n<div class=\"box_article_content\">\n<div class=\"region region-content\">\n<div id=\"block-system-main\" class=\"box block block-system clearfix\">\n<div class=\"box_content\">\n<div id=\"node-7546\" class=\"node node-story node-promoted\">\n<div class=\"content clearfix\">\n<div class=\"field field-name-body field-type-text-with-summary field-label-hidden\">\n<div class=\"field-items\">\n<div class=\"field-item even\">\n<div class=\"dolewej\" style=\"text-align: center;\">2. \u017bal za grzechy<br \/>\n3. Mocne postanowienie poprawy<br \/>\n4. Wyznanie grzech\u00f3w<br \/>\n5. Zado\u015b\u0107uczynienie Bogu i bli\u017anim<\/div>\n<\/div>\n<\/div>\n<\/div>\n<\/div>\n<\/div>\n<\/div>\n<\/div>\n<\/div>\n<\/div>\n","protected":false},"excerpt":{"rendered":"<p>W sobot\u0119\u00a022 grudnia\u00a0b\u0119dziemy prze\u017cywa\u0107 nasz\u0105\u00a0spowied\u017a parafialn\u0105.\u00a0Kap\u0142ani z\u00a0dekanatu b\u0119d\u0105 spowiada\u0107\u00a0w obu ko\u015bcio\u0142ach w\u00a0godz: 9.00 \u2013 12.00\u00a0(przerwa p\u00f3\u0142godzinna o\u00a0godz. 10.30)\u00a0i popo\u0142udniu 14.00 \u2013 18.00.\u00a0(przerwa p\u00f3\u0142godzinna o godz. 16.00). Nie zmarnujmy tej okazji aby pojednani z\u00a0Bogiem i\u00a0lud\u017ami zasi\u0105\u015b\u0107 do wigilijnego sto\u0142u i nie odk\u0142adajmy spowiedzi na inny czas. Pi\u0119\u0107 warunk\u00f3w dobrej spowiedzi \u00a01. Rachunek sumienia 2. \u017bal za [&hellip;]<\/p>\n","protected":false},"author":5,"featured_media":7402,"comment_status":"closed","ping_status":"open","sticky":false,"template":"","format":"standard","meta":[],"categories":[4],"tags":[],"_links":{"self":[{"href":"https:\/\/lezajsk.przemyska.pl\/index.php?rest_route=\/wp\/v2\/posts\/7401"}],"collection":[{"href":"https:\/\/lezajsk.przemyska.pl\/index.php?rest_route=\/wp\/v2\/posts"}],"about":[{"href":"https:\/\/lezajsk.przemyska.pl\/index.php?rest_route=\/wp\/v2\/types\/post"}],"author":[{"embeddable":true,"href":"https:\/\/lezajsk.przemyska.pl\/index.php?rest_route=\/wp\/v2\/users\/5"}],"replies":[{"embeddable":true,"href":"https:\/\/lezajsk.przemyska.pl\/index.php?rest_route=%2Fwp%2Fv2%2Fcomments&post=7401"}],"version-history":[{"count":4,"href":"https:\/\/lezajsk.przemyska.pl\/index.php?rest_route=\/wp\/v2\/posts\/7401\/revisions"}],"predecessor-version":[{"id":7406,"href":"https:\/\/lezajsk.przemyska.pl\/index.php?rest_route=\/wp\/v2\/posts\/7401\/revisions\/7406"}],"wp:featuredmedia":[{"embeddable":true,"href":"https:\/\/lezajsk.przemyska.pl\/index.php?rest_route=\/wp\/v2\/media\/7402"}],"wp:attachment":[{"href":"https:\/\/lezajsk.przemyska.pl\/index.php?rest_route=%2Fwp%2Fv2%2Fmedia&parent=7401"}],"wp:term":[{"taxonomy":"category","embeddable":true,"href":"https:\/\/lezajsk.przemyska.pl\/index.php?rest_route=%2Fwp%2Fv2%2Fcategories&post=7401"},{"taxonomy":"post_tag","embeddable":true,"href":"https:\/\/lezajsk.przemyska.pl\/index.php?rest_route=%2Fwp%2Fv2%2Ftags&post=7401"}],"curies":[{"name":"wp","href":"https:\/\/api.w.org\/{rel}","templated":true}]}}