
{"id":7391,"date":"2018-12-08T20:38:26","date_gmt":"2018-12-08T19:38:26","guid":{"rendered":"http:\/\/lezajsk.przemyska.pl\/?p=7391"},"modified":"2018-12-09T08:46:36","modified_gmt":"2018-12-09T07:46:36","slug":"ii-niedziela-adwentu-09-12-2018-r","status":"publish","type":"post","link":"https:\/\/lezajsk.przemyska.pl\/?p=7391","title":{"rendered":"II Niedziela Adwentu (09.12.2018 r.)"},"content":{"rendered":"<ol>\n<li>&nbsp;\n<ol>\n<li>Dzi\u015b <strong>Koronka do Bo\u017cego Mi\u0142osierdzia <\/strong>o dobr\u0105 spowied\u017a \u015bwi\u0105teczn\u0105 dla naszej parafii o godz. 17.30 a po nich Msza \u015bw. wieczorna.<\/li>\n<li>Dzisiejsza niedziela jest te\u017c obchodzona jako kolejny <strong>Dzie\u0144 solidarno\u015bci z Ko\u015bcio\u0142em na Wschodzie<\/strong>. Z tej okazji za tydzie\u0144 po wszystkich Mszach \u015bw. <strong>zbi\u00f3rka do puszek<\/strong> z\u00a0przeznaczeniem na ten cel. O\u00a0przeprowadzenie tej\u017ce zbi\u00f3rki prosimy R\u00f3\u017ce R\u00f3\u017ca\u0144cowe.<\/li>\n<li><strong>Roraty <\/strong>w naszym ko\u015bciele codziennie o godz., 18.00, na kt\u00f3re wszystkich a szczeg\u00f3lnie dzieci bardzo serdecznie zapraszamy.<\/li>\n<li>We wtorek po Mszy \u015bw. o godz. 18.00 <strong>nowenna do \u015bw. Antoniego<\/strong> i b\u0142ogos\u0142awie\u0144stwo dzieci. Pro\u015bby i\u00a0podzi\u0119kowania sk\u0142adamy przy figurze \u015bwi\u0119tego.<\/li>\n<li>We wtorek po Mszy \u015bw. wieczornej katecheza dla <strong>wszystkich parafian<\/strong> oraz <strong>cz\u0142onk\u00f3w<\/strong> <strong>grup apostolskich i modlitewnych<\/strong>. Spotkanie zainauguruje cykl katechez po\u015bwi\u0119conych <strong>\u201eBiblijnej odnowie parafii\u201d<\/strong>, kt\u00f3ra jest jednym z element\u00f3w realizacji nowego programu duszpasterskiego. W tym roku duszpasterskim spotkania grup odbywa\u0107 si\u0119 b\u0119d\u0105 wsp\u00f3lnie \u2013 raz w miesi\u0105cu. Serdecznie zapraszamy, nie tylko zaanga\u017cowanych we wsp\u00f3lnoty, ale mo\u017ce w\u0142a\u015bnie szczeg\u00f3lnie tych, kt\u00f3rzy nie przynale\u017c\u0105 do \u017cadnej grupy, a chcieliby pog\u0142\u0119bi\u0107 swoj\u0105 wiar\u0119 i wiedz\u0119 na temat Pisma \u015awi\u0119tego. Prosimy zabra\u0107 ze sob\u0105 Pismo \u015awi\u0119te i notatnik.<\/li>\n<li>Spotkanie dla m\u0142odzie\u017cy przygotowuj\u0105cej si\u0119 do Sakramentu Bierzmowania \u2013 klasy VII i VIII \u2013 w \u015brod\u0119 o 15.30 w Ma\u0142ym Ko\u015bciele; a dla klas III gimnazjum w czwartek w salce katechetycznej o 15.30. Zabieramy ze sob\u0105 indeksy.<\/li>\n<li>W czwartek przypada kolejna <strong>rocznica wprowadzenia w naszej Ojczy\u017anie stanu wojennego<\/strong>. Z tej okazji zapraszamy na Msz\u0119 \u015bw. o godz. 18.00 w intencji wszystkich ofiar komunizmu i stanu wojennego a po Mszy \u015bw. przej\u015bcie na cmentarz i okoliczno\u015bciowa modlitwa przy pomniku ofiar komunizmu.<\/li>\n<li>Tak\u017ce w czwartek <strong>spotkanie przed\u015blubne dla narzeczonych<\/strong> w poradni po Mszy \u015bw.<\/li>\n<li>W pi\u0105tek kolejne <strong>spotkanie dla ma\u0142\u017conk\u00f3w, nie tylko m\u0142odych<\/strong>. Wszystkich, kt\u00f3rzy ju\u017c uczestnicz\u0105 w spotkaniach jak i nowych ch\u0119tnych serdecznie zapraszamy do wsp\u00f3lnoty.<\/li>\n<li>Sk\u0142adamy serdeczne B\u00f3g zap\u0142a\u0107 wszystkim tym, kt\u00f3rzy w minionym tygodniu podj\u0119li pos\u0142ug\u0119 roznoszenia op\u0142atk\u00f3w wigilijnych w naszej parafii. B\u00f3g zap\u0142a\u0107 za sk\u0142adane z tej okazji ofiary. Rodziny, kt\u00f3rych nie zastano w domu, mog\u0105 odbiera\u0107 op\u0142atki w \u201eSiewcy\u201d. Pozosta\u0142y jeszcze do zabrania op\u0142atki dla rodzin mieszkaj\u0105cych w\u00a0blokach przy: ul. Kopernika 1i 4; Ko\u0142\u0142\u0105taja 1, 4, 5 i 6; Sk\u0142odowskiej 7; Mickiewicza 55 i\u00a063 A Staszica 1\u00a0oraz ulice: Burmistrz\u00f3w Zawilskich i Mickiewicza \u2013 domy prywatne. Bardzo prosimy ludzi dobrej woli z\u00a0tych\u017ce ulic o\u00a0podj\u0119cie si\u0119 trudu rozprowadzenia op\u0142atk\u00f3w w\u00a0swoich rejonach.<\/li>\n<li>W przysz\u0142\u0105 niedziel\u0119 m\u0142odzie\u017c wyje\u017cd\u017caj\u0105ca do Panamy na \u015aDM b\u0119dzie sprzedawa\u0107 nasze parafialne kalendarze (ilustrowane zdj\u0119ciami naszego Ko\u015bcio\u0142a i okolicy). Zebrane pieni\u0105dze b\u0119d\u0105 przeznaczone na sfinansowanie wyjazdu. Serdecznie zach\u0119camy.<\/li>\n<li>Za tydzie\u0144 po wszystkich Mszach \u015bw. przedpo\u0142udniowych, nasi niepe\u0142nosprawni z\u00a0Warsztat\u00f3w Terapii Zaj\u0119ciowej przy naszym Oddziale Caritas, zapraszaj\u0105, na <strong>kiermasz ozd\u00f3b i\u00a0stroik\u00f3w\u00a0bo\u017conarodzeniowych.<\/strong><\/li>\n<li>Caritas Archidiecezji Przemyskiej dzi\u0119kuje wszystkim, kt\u00f3rzy wzi\u0119li udzia\u0142 w zbi\u00f3rce \u017cywno\u015bci w sklepach na terenie Le\u017cajska. Jednocze\u015bnie pragniemy poinformowa\u0107 zainteresowanych, \u017ce Caritas w Le\u017cajsku b\u0119dzie wydawa\u0142 paczki przed \u015bwi\u0119tami dla os\u00f3b potrzebuj\u0105cych\u00a0 \u00a0w dniu 13.12.2018r.\u00a0 (w czwartek) w godz.8.00-14.00<\/li>\n<li>Dzisiejsza taca mszalna jest przeznaczona <strong>na planowane dalsze prace remontowe przy naszej parafii. <\/strong><\/li>\n<li>W Siewcy do nabycia <strong>wigilijne \u015bwiece Caritas,<\/strong> prasa katolicka oraz kalendarze.<\/li>\n<\/ol>\n<p><strong><u>Intencje zbiorowe:<\/u><\/strong><\/p>\n<ul>\n<li>Za \u015bp. Wojciech \u015acis\u0142owicza \u2013 intencja od pracownik\u00f3w Urz\u0119du Miasta \u2013 wtorek, godz. 18.00, od s\u0105siad\u00f3w z klatki \u2013 \u015broda i czwartek, godz. 6.30 i od kole\u017canek i koleg\u00f3w z Hortino \u2013 pi\u0105tek, godz. 7.00.<\/li>\n<li>Za dusze w czy\u015b\u0107cu cierpi\u0105ce \u2013 intencja od Apostolskiego Dzie\u0142a Pomocy dla Czy\u015b\u0107ca \u2013 wtorek, godz. 6.30.<\/li>\n<\/ul>\n<ul>\n<li>W intencji nowennowych pr\u00f3\u015bb i podzi\u0119kowa\u0144 do MB Pocieszenia \u2013 \u015broda godz. 18.00.<\/li>\n<li>Za \u015bp. Jana Pelca \u2013 intencja od s\u0105siad\u00f3w z klatki \u2013 czwartek, godz. 18.00.<\/li>\n<li>Za \u015bp. Ann\u0119 Korasadowicz \u2013 intencja od s\u0105siad\u00f3w z bloku przy ul. Ko\u0142\u0142\u0105taja 4 \u2013 czwartek, godz. 18.00.<\/li>\n<li>Za \u015bp. Wojciecha Odachowskiego \u2013 intencja od przyjaci\u00f3\u0142 syna \u2013 pi\u0105tek, godz. 7.00 i od R\u00f3\u017cy MB Wniebowzi\u0119tej \u2013 sobota, godz. 18.00..<\/li>\n<li>Z intencji Ko\u0142a Przyjaci\u00f3\u0142 Radia Maryja \u2013 pi\u0105tek, godz. 18.00.<\/li>\n<li>Z intencji Bractwa Szkaplerza \u015awi\u0119tego \u2013 pi\u0105tek, godz. 18.00.<\/li>\n<li>Za \u015bp. Jerzego Le\u015bniaka \u2013 intencja od pracownik\u00f3w Wydzia\u0142u Utrzymania Ruchu w Hortino \u2013 niedziela, godz. 16.00.<\/li>\n<\/ul>\n<p>W ostatnim tygodniu odeszli od nas do wieczno\u015bci <strong>\u015bp. Janina Pelc<\/strong> z Placu Jaszowskiego, <strong>Alicja Stasiewicz<\/strong> z ul. Braci \u015aniadeckich, <strong>Jolanta \u015awie\u017cawska<\/strong> z ul. Mickiewicza i <strong>Aleksander Kiersnowski<\/strong> z ul. G\u00f3rnej \u2013 wieczny odpoczynek \u2026..<\/p>\n<p>&nbsp;<\/li>\n<\/ol>\n","protected":false},"excerpt":{"rendered":"<p>&nbsp; Dzi\u015b Koronka do Bo\u017cego Mi\u0142osierdzia o dobr\u0105 spowied\u017a \u015bwi\u0105teczn\u0105 dla naszej parafii o godz. 17.30 a po nich Msza \u015bw. wieczorna. Dzisiejsza niedziela jest te\u017c obchodzona jako kolejny Dzie\u0144 solidarno\u015bci z Ko\u015bcio\u0142em na Wschodzie. Z tej okazji za tydzie\u0144 po wszystkich Mszach \u015bw. zbi\u00f3rka do puszek z\u00a0przeznaczeniem na ten cel. O\u00a0przeprowadzenie tej\u017ce zbi\u00f3rki prosimy [&hellip;]<\/p>\n","protected":false},"author":5,"featured_media":0,"comment_status":"closed","ping_status":"open","sticky":false,"template":"","format":"standard","meta":[],"categories":[5],"tags":[],"_links":{"self":[{"href":"https:\/\/lezajsk.przemyska.pl\/index.php?rest_route=\/wp\/v2\/posts\/7391"}],"collection":[{"href":"https:\/\/lezajsk.przemyska.pl\/index.php?rest_route=\/wp\/v2\/posts"}],"about":[{"href":"https:\/\/lezajsk.przemyska.pl\/index.php?rest_route=\/wp\/v2\/types\/post"}],"author":[{"embeddable":true,"href":"https:\/\/lezajsk.przemyska.pl\/index.php?rest_route=\/wp\/v2\/users\/5"}],"replies":[{"embeddable":true,"href":"https:\/\/lezajsk.przemyska.pl\/index.php?rest_route=%2Fwp%2Fv2%2Fcomments&post=7391"}],"version-history":[{"count":5,"href":"https:\/\/lezajsk.przemyska.pl\/index.php?rest_route=\/wp\/v2\/posts\/7391\/revisions"}],"predecessor-version":[{"id":7396,"href":"https:\/\/lezajsk.przemyska.pl\/index.php?rest_route=\/wp\/v2\/posts\/7391\/revisions\/7396"}],"wp:attachment":[{"href":"https:\/\/lezajsk.przemyska.pl\/index.php?rest_route=%2Fwp%2Fv2%2Fmedia&parent=7391"}],"wp:term":[{"taxonomy":"category","embeddable":true,"href":"https:\/\/lezajsk.przemyska.pl\/index.php?rest_route=%2Fwp%2Fv2%2Fcategories&post=7391"},{"taxonomy":"post_tag","embeddable":true,"href":"https:\/\/lezajsk.przemyska.pl\/index.php?rest_route=%2Fwp%2Fv2%2Ftags&post=7391"}],"curies":[{"name":"wp","href":"https:\/\/api.w.org\/{rel}","templated":true}]}}