
{"id":7385,"date":"2018-12-04T13:18:12","date_gmt":"2018-12-04T12:18:12","guid":{"rendered":"http:\/\/lezajsk.przemyska.pl\/?p=7385"},"modified":"2018-12-04T13:18:57","modified_gmt":"2018-12-04T12:18:57","slug":"nabralismy-ducha-podnieslismy-glowy","status":"publish","type":"post","link":"https:\/\/lezajsk.przemyska.pl\/?p=7385","title":{"rendered":"Nabrali\u015bmy Ducha&#8230; Podnie\u015bli\u015bmy g\u0142owy&#8230;"},"content":{"rendered":"<p>Pocz\u0105tek Adwentu by\u0142 ju\u017c wyczuwalny. W Ko\u015bciele pojawia\u0142 si\u0119 powoli adwentowy wieniec. Dekoracja przy figurze Niepokalanej, przypomina\u0142a o trwaj\u0105cej Nowennie przed Uroczysto\u015bci\u0105 Niepokalanego Pocz\u0119cia. W szkole trwaj\u0105ce prace przy ustawieniu 300 krzese\u0142. Pi\u0119kna dekoracja z has\u0142em: \u201eNabierzcie Ducha i podnie\u015bcie g\u0142owy\u2026\u201d I trwaj\u0105ca od tygodni modlitwa o dobre przygotowanie i prze\u017cycie ewangelizacyjnych rekolekcji. Nasze parafialne rekolekcje ewangelizacyjne odby\u0142y si\u0119 w dniach 30.11-2.12.2018 roku. Naszym przewodnikiem duchowym po rekolekcyjnych \u015bcie\u017ckach by\u0142 ks. Janusz Marsza\u0142ek, wspierany przez Ew\u0119 i Stanis\u0142awa \u00a0Str\u0105czk\u00f3w. To swoiste wydarzenie wiary w parafii przyci\u0105gn\u0119\u0142o zainteresowanych \u2013 w liczbie ponad 200 os\u00f3b.<\/p>\n<p>W pi\u0105tek o godzinie 16.00 rozpocz\u0119li\u015bmy recepcj\u0119 w Zespole Szk\u00f3\u0142 Licealnych w Le\u017cajsku, by m\u00f3c zapisa\u0107 i podzieli\u0107 na grupy nap\u0142ywaj\u0105cych ch\u0119tnych szukania mi\u0142o\u015bci Bo\u017cej i wspania\u0142ego planu przygotowanego dla nas przez Boga Ojca. Dzi\u0119ki uprzejmo\u015bci Dyrekcji ZSL mieli\u015bmy do dyspozycji aul\u0119, w kt\u00f3rej odbywa\u0142y si\u0119 konferencje, sale do spotka\u0144 w grupach, pok\u00f3j dla animator\u00f3w, ca\u0142e zaplecze kuchenne czy sal\u0119 zabaw dla dzieci (dzi\u0119kujemy Siostrom S\u0142u\u017cebniczkom za wypo\u017cyczenie zabawek z przedszkola).<\/p>\n<p>Po uroczystym powitaniu, kt\u00f3rego dokona\u0142 ks. Proboszcz Marek Cisek i wprowadzeniu Ewy i Stanis\u0142awa, rozpoczynaj\u0105cym trzydniowe spotkania, nast\u0105pi\u0142o uroczyste zapalenie rekolekcyjnej \u015bwiecy i ks. Janusz wyg\u0142osi\u0142 konferencj\u0119 dotycz\u0105c\u0105 pierwszego prawa \u017cycia duchowego. Swoj\u0105 osob\u0105 i wypowiadanym s\u0142owem porywa\u0142 i przenosi\u0142 w cudowny \u015bwiat nasze serca, budz\u0105c je tym samym z u\u015bpienia, czy stagnacji. Nast\u0119pnie, podzieleni na 12 grup (w tym 1 m\u0142odzie\u017cowa i 1 dzieci\u0119ca), udali\u015bmy si\u0119 na spotkania do przygotowanych wcze\u015bniej sal. Animator ze \u015bwiec\u0105 w r\u0119ku na przedzie i za nim grupa kilkunastu os\u00f3b. Pi\u0119kny to by\u0142 widok. Spotkania w grupach s\u0105 po to, aby pochyli\u0107 si\u0119 nad s\u0142owem Bo\u017cym i podzieli\u0107 do\u015bwiadczeniami z \u017cycia. P\u00f3\u017aniej \u201eczas na kaw\u0119 czy herbat\u0119?\u201d, pyszne i jeszcze cieplutkie dro\u017cd\u017c\u00f3wki od Pana Wasiuty i Pani Osip. Dzie\u0144 zako\u0144czyli\u015bmy uroczyst\u0105 Eucharysti\u0105 w Ko\u015bciele Farnym, po kt\u00f3rej rozeszli\u015bmy si\u0119 na zas\u0142u\u017cony odpoczynek.<\/p>\n<p>Sobotni poranek zgromadzi\u0142 ch\u0119tnych i uczestnik\u00f3w rekolekcji na modlitwie rozpoczynaj\u0105cej dzie\u0144, na Jutrzni. Kolejne punkty programu (konferencje, szko\u0142a modlitwy, \u015bpiew, spotkania odkrywcze) powodowa\u0142y, i\u017c z godziny na godzin\u0119 do\u015bwiadczali\u015bmy coraz mocniej i coraz wyra\u017aniej wagi s\u0142\u00f3w Benedykta XVI: \u201eTylko tam, gdzie jest B\u00f3g naprawd\u0119 zaczyna si\u0119 \u017cycie\u201d.<\/p>\n<p>Pos\u0142ug\u0119 gospodarcz\u0105 budowali cz\u0142onkowie osoby z Akcji Katolickiej z ks. Piotrem na czele, b\u0119d\u0105c w\u0142a\u015bciwie na ka\u017cde zawo\u0142anie, s\u0142u\u017c\u0105c w pokorze i bez zb\u0119dnego ha\u0142asu. Czuwaj\u0105c na zapleczu auli, w kt\u00f3rej odbywa\u0142y si\u0119 konferencje i przy salach, w kt\u00f3rych odbywa\u0142y si\u0119 grupowe spotkania oraz kuchni, gdzie by\u0142 przygotowywane posi\u0142ki, dbali aby nasz duch pozostawa\u0142 w harmonii z cia\u0142em. U\u015bmiechni\u0119ci, ofiarni, gotowi, bacznie \u015bledz\u0105cy, aby m\u00f3c zareagowa\u0107 w razie jakiejkolwiek potrzeby.<\/p>\n<p>Kulminacj\u0105 prze\u017cy\u0107 drugiego dnia rekolekcji by\u0142a wieczorna modlitwa wstawiennicza. W p\u00f3\u0142mroku, przy figurze naszej Matki, spowitej blaskiem \u015bwiecy, polecali\u015bmy ludzkie problemy, tragedie, choroby i cierpienia. W atmosferze skupienia i niejednokrotnie wzruszenia, szturmowali\u015bmy Niebo naszymi modlitwami w intencjach przyniesionych na te rekolekcje, a wypowiedzianych tego wieczoru. R\u0119ka po\u0142o\u017cona na ramieniu Siostry i Brata stoj\u0105cych obok, by\u0142a symbolem naszej modlitwy zanoszonej do Boga za bli\u017anich. P\u00f3\u017aniej \u2013 wiecz\u00f3r andrzejkowy przy akompaniamencie zespo\u0142u.<\/p>\n<p>Niedziela \u2013 ostatni dzie\u0144 zg\u0142\u0119biania tajemnic wiary, zapisa\u0142 si\u0119 w kartach pami\u0119ci jako dzie\u0144 przenikniony swoist\u0105 powag\u0105. W\u0142a\u015bnie w niedziel\u0119 ka\u017cdy z uczestnik\u00f3w musia\u0142 podj\u0105\u0107 decyzj\u0119, czy przyjmuje Chrystusa jako swego Pana i Zbawiciela, czy te\u017c zn\u00f3w schowa si\u0119 przed rzeczywisto\u015bci\u0105 w swojej wewn\u0119trznej twierdzy. Dope\u0142nieniem wagi tego dnia sta\u0142a si\u0119 konferencja i \u015bwiadectwo zaproszonych go\u015bci (cz\u0142onk\u00f3w Krucjaty Wyzwolenia Cz\u0142owieka). Czas po\u015bwi\u0119cony przez tych ludzi, wchodz\u0105cych po raz kolejny w g\u0142\u0119bi\u0119 swoich zranie\u0144, zaowocowa\u0142 27-ma drogocennymi kryszta\u0142ami w postaci deklaracji KWC. Uroczysta Uczta Pa\u0144ska, wraz ze z\u0142o\u017conymi darami, by\u0142a szczytem, na kt\u00f3ry pi\u0119li\u015bmy si\u0119 podczas trzydniowych zmaga\u0144 z samym sob\u0105, z przyzwyczajeniami, ze swoim \u201eja\u201d. Godzina \u015bwiadectw i wsp\u00f3lna Agape, przynios\u0142y wiele wzrusze\u0144, \u0142ez p\u0142yn\u0105cych po zatroskanych policzkach, obietnic sk\u0142adanych w ofierze Jezusowi, a tak\u017ce u\u015bmiech\u00f3w, rado\u015bci i iskierek w oczach, daj\u0105cych nadziej\u0119 na nowe, lepsze \u017cycie (z Bogiem), b\u0119dzie stanowi\u0142o dla nas wystarczaj\u0105c\u0105 nagrod\u0119 za czas sp\u0119dzony we wsp\u00f3lnocie, u\u015bwiadamiaj\u0105c po raz kolejny, \u017ce naprawd\u0119 NABRALI\u015aMY DUCHA!, \u017ce PODNIE\u015aLI\u015aMY G\u0141OWY!<\/p>\n<p>Wszystkim uczestnikom \u2013 DZI\u0118KUJEMY!<\/p>\n<p>Ks. Januszowi i Ewie i Stanis\u0142awowi &#8211; DZI\u0118KUJEMY!<\/p>\n<p>Panu Dyrektorowi ZSL w Le\u017cajsku Zbigniewowi Tr\u0119baczowi (za pomoc, na kt\u00f3r\u0105 zawsze mo\u017cemy liczy\u0107 i za \u017cyczliwo\u015b\u0107) &#8211; DZI\u0118KUJEMY!<\/p>\n<p>Animatorom (za pi\u0119kne spotkania w grupach) &#8211; DZI\u0118KUJEMY!<\/p>\n<p>Paniom z Kuchni (za pyszne obiadki)- DZI\u0118KUJEMY!<\/p>\n<p>Akcji katolickiej (za ogromn\u0105 pomoc) &#8211; DZI\u0118KUJEMY!<\/p>\n<p>Ksi\u0119dzu Proboszczowi Markowi Ciskowi &#8211; DZI\u0118KUJEMY!<\/p>\n<p>Kap\u0142anom &#8211; DZI\u0118KUJEMY!<\/p>\n<p>Za wsp\u00f3lne ubogacanie, za rado\u015b\u0107 wsp\u00f3lnych spotka\u0144 &#8211; Chwa\u0142a Panu!<\/p>\n","protected":false},"excerpt":{"rendered":"<p>Pocz\u0105tek Adwentu by\u0142 ju\u017c wyczuwalny. W Ko\u015bciele pojawia\u0142 si\u0119 powoli adwentowy wieniec. Dekoracja przy figurze Niepokalanej, przypomina\u0142a o trwaj\u0105cej Nowennie przed Uroczysto\u015bci\u0105 Niepokalanego Pocz\u0119cia. W szkole trwaj\u0105ce prace przy ustawieniu 300 krzese\u0142. Pi\u0119kna dekoracja z has\u0142em: \u201eNabierzcie Ducha i podnie\u015bcie g\u0142owy\u2026\u201d I trwaj\u0105ca od tygodni modlitwa o dobre przygotowanie i prze\u017cycie ewangelizacyjnych rekolekcji. Nasze parafialne [&hellip;]<\/p>\n","protected":false},"author":5,"featured_media":7386,"comment_status":"closed","ping_status":"open","sticky":false,"template":"","format":"standard","meta":[],"categories":[4],"tags":[],"_links":{"self":[{"href":"https:\/\/lezajsk.przemyska.pl\/index.php?rest_route=\/wp\/v2\/posts\/7385"}],"collection":[{"href":"https:\/\/lezajsk.przemyska.pl\/index.php?rest_route=\/wp\/v2\/posts"}],"about":[{"href":"https:\/\/lezajsk.przemyska.pl\/index.php?rest_route=\/wp\/v2\/types\/post"}],"author":[{"embeddable":true,"href":"https:\/\/lezajsk.przemyska.pl\/index.php?rest_route=\/wp\/v2\/users\/5"}],"replies":[{"embeddable":true,"href":"https:\/\/lezajsk.przemyska.pl\/index.php?rest_route=%2Fwp%2Fv2%2Fcomments&post=7385"}],"version-history":[{"count":1,"href":"https:\/\/lezajsk.przemyska.pl\/index.php?rest_route=\/wp\/v2\/posts\/7385\/revisions"}],"predecessor-version":[{"id":7389,"href":"https:\/\/lezajsk.przemyska.pl\/index.php?rest_route=\/wp\/v2\/posts\/7385\/revisions\/7389"}],"wp:featuredmedia":[{"embeddable":true,"href":"https:\/\/lezajsk.przemyska.pl\/index.php?rest_route=\/wp\/v2\/media\/7386"}],"wp:attachment":[{"href":"https:\/\/lezajsk.przemyska.pl\/index.php?rest_route=%2Fwp%2Fv2%2Fmedia&parent=7385"}],"wp:term":[{"taxonomy":"category","embeddable":true,"href":"https:\/\/lezajsk.przemyska.pl\/index.php?rest_route=%2Fwp%2Fv2%2Fcategories&post=7385"},{"taxonomy":"post_tag","embeddable":true,"href":"https:\/\/lezajsk.przemyska.pl\/index.php?rest_route=%2Fwp%2Fv2%2Ftags&post=7385"}],"curies":[{"name":"wp","href":"https:\/\/api.w.org\/{rel}","templated":true}]}}