
{"id":7380,"date":"2018-12-01T22:29:10","date_gmt":"2018-12-01T21:29:10","guid":{"rendered":"http:\/\/lezajsk.przemyska.pl\/?p=7380"},"modified":"2018-12-01T22:51:18","modified_gmt":"2018-12-01T21:51:18","slug":"i-niedziela-adwentu-02-12-2018-r","status":"publish","type":"post","link":"https:\/\/lezajsk.przemyska.pl\/?p=7380","title":{"rendered":"I Niedziela Adwentu (02.12.2018 r.)"},"content":{"rendered":"<ol>\n<li>Dzi\u015b rozpocz\u0119li\u015bmy <strong>Adwent<\/strong>, czas radosnego i pobo\u017cnego oczekiwania na przyj\u015bcie Pana, b\u0119d\u0105cy r\u00f3wnocze\u015bnie pocz\u0105tkiem <strong>nowego rok duszpasterskiego, kt\u00f3remu b\u0119dzie towarzyszy\u0107 has\u0142o \u201eW mocy Bo\u017cego Ducha\u201d<\/strong>.<\/li>\n<li>Dzi\u015b tak\u017ce <strong>I niedziela miesi\u0105ca<\/strong>. Przypominamy, \u017ce zmiana tajemnic r\u00f3\u017ca\u0144cowych ze wzgl\u0119du na trwaj\u0105ce rekolekcje ewangelizacyjne wyj\u0105tkowo za tydzie\u0144.<\/li>\n<li><strong>Msza \u015bw. na zako\u0144czenie rekolekcji ewangelizacyjnych dzi\u015b o godz. 13.30<\/strong> a po Niej agapa i godzina \u015bwiadectwa w ZSL. Serdecznie zapraszamy.<\/li>\n<li>Wieczorem nowenna przed Uroczysto\u015bci\u0105 Niepokalanego Pocz\u0119cia o godz. 17.30 a po niej <strong>Msza \u015bw. wieczorna<\/strong>. W tygodniu do pi\u0105tku w\u0142\u0105cznie, nowenna tak\u017ce o godz. 17.30.<\/li>\n<li><strong>Roraty<\/strong> w naszym ko\u015bciele codziennie o godz. 18.00. Zach\u0119camy wszystkich a\u00a0szczeg\u00f3lnie dzieci i m\u0142odzie\u017c do jak najliczniejszego udzia\u0142u <em>(Dzieci przynosz\u0105 ze sob\u0105 lampiony ale tylko elektryczne).<\/em><\/li>\n<li>Jutro 3 grudnia w czasie wieczornej Mszy \u015bw. godz. 18.00,<strong> zostan\u0105 po\u015bwi\u0119cone op\u0142atki wigilijne,<\/strong> kt\u00f3re w najbli\u017cszych dniach b\u0119d\u0105 roznoszone do wszystkich rodzin w\u00a0naszej parafii. W\u00a0zwi\u0105zku z powy\u017cszym, jutro po Mszy \u015bw. wieczornej, zapraszamy na spotkanie wszystkich cz\u0142onk\u00f3w Rady Duszpasterskiej, przedstawicieli grup modlitewnych i\u00a0apostolskich oraz tych, kt\u00f3rzy s\u0142u\u017cyli swoj\u0105 pomoc\u0105 przy roznoszeniu op\u0142atk\u00f3w w\u00a0minionych latach lub chc\u0105 w\u0142\u0105czy\u0107 si\u0119 w to dzie\u0142o w\u00a0roku bie\u017c\u0105cym. Wszystkich za\u015b parafian prosimy o przyj\u0119cie op\u0142atk\u00f3w, a\u00a0z\u0142o\u017cone z tej okazji ofiary zasil\u0105 fundusz remontowy naszej parafii.<\/li>\n<li>W tym tygodniu przypada <strong>I czwartek i I pi\u0105tek miesi\u0105ca.<\/strong> Spowied\u017a w pi\u0105tek od godz. 16.30. Wieczorem adoracja Naj\u015bwi\u0119tszego Sakramentu zar\u00f3wno w czwartek jak i\u00a0w\u00a0pi\u0105tek do godz. 20.00. Tak\u017ce w\u00a0pi\u0105tek <strong>odwiedziny chorych w\u00a0domach z\u00a0Komuni\u0105 \u015bw. od godz. 9.00.<\/strong><\/li>\n<li>W sobot\u0119 8 grudnia, <strong>Uroczysto\u015b\u0107 Niepokalanego Pocz\u0119cia NMP<\/strong>, kt\u00f3ra jest tak\u017ce szczeg\u00f3lnym <strong>dniem modlitwy za utracone dzieci.<\/strong> Niech nasza modlitwa za wszystkie zmar\u0142e dzieci i ich cierpi\u0105cych rodzic\u00f3w b\u0119dzie znakiem naszej chrze\u015bcija\u0144skiej solidarno\u015bci<strong>. <\/strong>Porz\u0105dek Mszy \u015bw. w\u00a0sobot\u0119 b\u0119dzie nast\u0119puj\u0105cy; rano Msze \u015bw. o godz. <strong>6<\/strong>.<strong>30, 7.00,\u00a08.30 i 10.00 a\u00a0popo\u0142udniu dwie Msze \u015bw. o godz. 16.00 i 18.00<\/strong>. Na Msz\u0119 \u015bw. o godz. 18.00 zapraszamy szczeg\u00f3lnie <strong>dzieci klas III,<\/strong> przygotowuj\u0105ce si\u0119 do przyj\u0119cia I Komunii \u015bw. wraz z\u00a0rodzicami. W czasie tej Mszy \u015bw. po\u015bwi\u0119cimy medaliki MB Niepokalanej i wr\u0119czymy je dzieciom.<\/li>\n<li>Uroczysto\u015b\u0107 Niepokalanego Pocz\u0119cia jest tak\u017ce jednym ze \u015bwi\u0105t patronalnych <strong>Bractwa Szkaplerza \u015awi\u0119tego<\/strong> i\u00a0z\u00a0tej okazji b\u0119dzie mo\u017cliwo\u015b\u0107 w\u0142\u0105czenia si\u0119 do Bractwa poprzez uroczyste przyj\u0119cie znaku szkaplerza w czasie Mszy \u015bw. o godz. 18.00. Wszystkich zainteresowanych prosimy o\u00a0zg\u0142aszanie si\u0119 do opiekuna ks. Piotra.<\/li>\n<li><strong>W Uroczysto\u015b\u0107 Niepokalanego Pocz\u0119cia Naj\u015bwi\u0119tszej Maryi Panny w godzinach od 12.00-13.00 przypada tzw. \u201eGodzina \u0142aski dla \u015bwiata\u201d.<\/strong> Zatem tego\u017c dnia na godz. 12.00, zapraszamy do naszej Fary na osobist\u0105 modlitw\u0119 w ciszy i milczeniu przed Naj\u015bwi\u0119tszym Sakramentem.\u00a0Maryja w objawieniach z 1947 roku zach\u0119ca, by ka\u017cdego 8 grudnia o godz. 12.00 uda\u0107 si\u0119 do ko\u015bcio\u0142a i tam si\u0119 modli\u0107. Jednak je\u015bli nie jest to mo\u017cliwe, mo\u017cna tak\u017ce prosi\u0107 o \u0142aski w domu, w pracy lub jakimkolwiek innym miejscu. Pami\u0119tajmy, by powierza\u0107 Niebu nie tylko intencje swoje i swojej rodziny, ale tak\u017ce spraw\u0119 pokoju na \u015bwiecie, Ko\u015bci\u00f3\u0142 powszechny i nawr\u00f3cenie grzesznik\u00f3w. Maryja pragnie bowiem wyprosi\u0107 nawr\u00f3cenie dla wielu grzesznik\u00f3w. Nie zapominajmy te\u017c o dzi\u0119kczynieniu.<\/li>\n<li>W najbli\u017csz\u0105 niedziel\u0119 9 grudnia, do Bazyliki OO<strong>. <\/strong>Bernardyn\u00f3w przyb\u0119dzie <strong>XII Pielgrzymka Pszczelarzy<\/strong> z Podkarpacia. Uroczysta Msza \u015bw. w ich intencji o godz. 11.00 a po niej kiermasz miod\u00f3w i wyrob\u00f3w woskowych.<\/li>\n<li>Dzisiejsza taca mszalna jest przeznaczona <strong>na potrzeby Seminarium Duchownego w\u00a0Przemy\u015blu<\/strong> za\u015b w przysz\u0142\u0105, z\u00a0racji II niedzieli miesi\u0105ca, taca b\u0119dzie przeznaczona <strong>na trwaj\u0105ce prace remontowe przy naszej parafii.<\/strong> W minionym tygodniu dobieg\u0142y ko\u0144ca prace konserwatorskie przy elewacji ko\u015bcio\u0142a Jezusa Mi\u0142osiernego. S\u0105 jeszcze rusztowania w zwi\u0105zku z drobnymi korektami zaleconymi prze konserwatora. W tym miesi\u0105cu rozliczyli\u015bmy ju\u017c ostatecznie prace przy polichromii \u2013 pierwszy etap (kwota 155\u00a0792 z\u0142.) a tak\u017ce wyp\u0142acono ca\u0142o\u015b\u0107 nale\u017cno\u015bci za elewacj\u0119 i wymian\u0119 stolarki drzwiowej (290\u00a0457 z\u0142.). Na wiosn\u0119, od maj\u0105 rozpoczn\u0105 si\u0119 dalsze prace przy polichromii \u2013 etap II). Zlecono te\u017c wykonanie repliki o\u0142tarza, kt\u00f3ra ma by\u0107 gotowa w\u00a0pa\u017adzierniku przysz\u0142ego roku (wyp\u0142acono zaliczk\u0119 w kwocie 30 ty\u015b z\u0142.). W czasie ostatniej zbi\u00f3rki ofiar z\u00a0przeznaczeniem na ten cel zebrano \u0142\u0105cznie z wp\u0142atami na konto kwot\u0119 <strong>21\u00a0220 z\u0142.<\/strong> Tym samym na dzie\u0144 dzisiejszy na naszym koncie inwestycyjnym po op\u0142aceniu w\/w rachunk\u00f3w i po wp\u0142yni\u0119ciu na nasz rachunek dotacji z Urz\u0119du Marsza\u0142kowskiego 50 ty\u015b. i Starostwa w Le\u017cajsku 20 ty\u015b. mamy kwot\u0119 <strong>63 ty\u015b z\u0142.<\/strong> Wszystkim darczy\u0144com za ka\u017cd\u0105 przekazan\u0105 z\u0142ot\u00f3wk\u0119, za \u017cyczliwo\u015b\u0107 i\u00a0zrozumienie sk\u0142adamy serdeczne B\u00f3g zap\u0142a\u0107.<\/li>\n<li><strong>W Siewcy<\/strong> s\u0105 ju\u017c do nabycia wigilijne <strong>\u015bwiece Caritas <\/strong>w cenie minimalnej 5 z\u0142., prasa katolicka, kalendarze oraz lampiony na roraty dla dzieci.<\/li>\n<\/ol>\n<p><em>\u00a0<\/em><strong><u>Intencje zbiorowe: <\/u><\/strong><\/p>\n<ul>\n<li>Z R\u00f3\u017cy \u015bw. Barbary \u2013 poniedzia\u0142ek, godz. 7.00.<\/li>\n<li>W intencji nowennowych pr\u00f3\u015bb i podzi\u0119kowa\u0144 do MB \u2013 \u015broda, godz. 18.00.<\/li>\n<li>Za \u015bp. J\u00f3zefa Lorfinga \u2013 intencja od pracownik\u00f3w sklepu ELBA i Biura Podr\u00f3\u017cy \u2013 czwartek, godz. 18.00.<\/li>\n<li>Za \u015bp. Ann\u0119 Pawul \u2013 intencja od koleg\u00f3w Stefana\u00a0 z Poltino \u2013 czwartek, godz. 18.00.<\/li>\n<li>Za dusze w czy\u015b\u0107cu cierpi\u0105ce \u2013 intencja od Apostolskiego Dzie\u0142a Pomocy dla Czy\u015b\u0107ca \u2013 pi\u0105tek, godz. 7.00.<\/li>\n<li>Z intencji Stra\u017cy Honorowej NSPJ \u2013 pi\u0105tek, godz. 18.00.<\/li>\n<li>Za zmar\u0142ych mieszka\u0144c\u00f3w ul. Zmuliska, kpt. Kuczka i przyleg\u0142ych \u2013 sobota, godz. 8.30.<\/li>\n<li>Za \u015bp. Lidi\u0119 Baj \u2013 intencja od kole\u017canek z pracy c\u00f3rki Kasi \u2013 sobota, godz. 10.00.<\/li>\n<li>Z intencji Bractwa Szkaplerza \u015awi\u0119tego \u2013 sobota godz. 18.00.<\/li>\n<li>Za \u015bp. W\u0142adys\u0142awa \u015ali\u017ca \u2013 intencja od s\u0105siad\u00f3w z ul. Studziennej \u2013 niedziela, godz. 11.00 w MK.<\/li>\n<\/ul>\n<p>W ostatnim tygodniu odesz\u0142a od nas do wieczno\u015bci <strong>\u015bp. Aniela Kwieci\u0144ska<\/strong> z ul. Rzeszowskiej \u2013 wieczny odpoczynek \u2026..<\/p>\n","protected":false},"excerpt":{"rendered":"<p>Dzi\u015b rozpocz\u0119li\u015bmy Adwent, czas radosnego i pobo\u017cnego oczekiwania na przyj\u015bcie Pana, b\u0119d\u0105cy r\u00f3wnocze\u015bnie pocz\u0105tkiem nowego rok duszpasterskiego, kt\u00f3remu b\u0119dzie towarzyszy\u0107 has\u0142o \u201eW mocy Bo\u017cego Ducha\u201d. Dzi\u015b tak\u017ce I niedziela miesi\u0105ca. Przypominamy, \u017ce zmiana tajemnic r\u00f3\u017ca\u0144cowych ze wzgl\u0119du na trwaj\u0105ce rekolekcje ewangelizacyjne wyj\u0105tkowo za tydzie\u0144. Msza \u015bw. na zako\u0144czenie rekolekcji ewangelizacyjnych dzi\u015b o godz. 13.30 a [&hellip;]<\/p>\n","protected":false},"author":4,"featured_media":0,"comment_status":"closed","ping_status":"open","sticky":false,"template":"","format":"standard","meta":[],"categories":[5],"tags":[],"_links":{"self":[{"href":"https:\/\/lezajsk.przemyska.pl\/index.php?rest_route=\/wp\/v2\/posts\/7380"}],"collection":[{"href":"https:\/\/lezajsk.przemyska.pl\/index.php?rest_route=\/wp\/v2\/posts"}],"about":[{"href":"https:\/\/lezajsk.przemyska.pl\/index.php?rest_route=\/wp\/v2\/types\/post"}],"author":[{"embeddable":true,"href":"https:\/\/lezajsk.przemyska.pl\/index.php?rest_route=\/wp\/v2\/users\/4"}],"replies":[{"embeddable":true,"href":"https:\/\/lezajsk.przemyska.pl\/index.php?rest_route=%2Fwp%2Fv2%2Fcomments&post=7380"}],"version-history":[{"count":3,"href":"https:\/\/lezajsk.przemyska.pl\/index.php?rest_route=\/wp\/v2\/posts\/7380\/revisions"}],"predecessor-version":[{"id":7383,"href":"https:\/\/lezajsk.przemyska.pl\/index.php?rest_route=\/wp\/v2\/posts\/7380\/revisions\/7383"}],"wp:attachment":[{"href":"https:\/\/lezajsk.przemyska.pl\/index.php?rest_route=%2Fwp%2Fv2%2Fmedia&parent=7380"}],"wp:term":[{"taxonomy":"category","embeddable":true,"href":"https:\/\/lezajsk.przemyska.pl\/index.php?rest_route=%2Fwp%2Fv2%2Fcategories&post=7380"},{"taxonomy":"post_tag","embeddable":true,"href":"https:\/\/lezajsk.przemyska.pl\/index.php?rest_route=%2Fwp%2Fv2%2Ftags&post=7380"}],"curies":[{"name":"wp","href":"https:\/\/api.w.org\/{rel}","templated":true}]}}