
{"id":7372,"date":"2018-11-21T07:18:23","date_gmt":"2018-11-21T06:18:23","guid":{"rendered":"http:\/\/lezajsk.przemyska.pl\/?p=7372"},"modified":"2018-11-21T07:20:26","modified_gmt":"2018-11-21T06:20:26","slug":"program-rekolekcji-ewangelizacyjnych-30-11-02-12-2018-roku","status":"publish","type":"post","link":"https:\/\/lezajsk.przemyska.pl\/?p=7372","title":{"rendered":"PROGRAM Rekolekcji Ewangelizacyjnych &#8211; 30.11-02.12.2018 roku"},"content":{"rendered":"<p><span style=\"color: #ff0000;\"><strong><u>PI\u0104TEK &#8211; 30 listopada 2018 r.<\/u><\/strong><\/span><\/p>\n<p><strong>Od 16.00 RECEPCJA w Zespole Szk\u00f3\u0142 Licealnych <\/strong><strong><br \/>\ngodz.17.00<\/strong> <strong><em>\u2013 \u201eCzekamy na Ciebie!\u201d<\/em><\/strong> \u2013 Zawi\u0105zanie Wsp\u00f3lnoty;<br \/>\n<strong>godz.17.45<\/strong> \u2013 Modlitwa do Ducha \u015aw.;<br \/>\n<strong>godz.18.00<\/strong> \u2013 <strong>Konferencja I: <em>\u201eB\u00f3g jest Mi\u0142o\u015bci\u0105\u201d;<br \/>\n<\/em>godz.19.00<\/strong> \u2013 Spotkanie i rozmowy w grupach<br \/>\n<strong>Kolacja \u2013\u00a0 <\/strong>(kawa, herbata dro\u017cd\u017c\u00f3wki).<em><br \/>\n<\/em><strong>godz.20. 45<\/strong> \u2013 <strong>EUCHARYSTIA-<em>\u201eMi\u0142osierny Ojciec\u201d (Ko\u015bci\u00f3\u0142 Farny).<\/em><\/strong><\/p>\n<p style=\"text-align: left;\"><span style=\"color: #ff0000;\"><strong><u>SOBOTA &#8211; 1 grudnia 2018 r.<\/u><\/strong><\/span><\/p>\n<p style=\"text-align: left;\"><strong>godz. 8.00<em> \u2013 <\/em>Jutrznia \u2013 Konferencja II:<em> \u201eGrzech dotyka ka\u017cdego cz\u0142owieka\u201d;<br \/>\n<\/em>godz. 9.15\u00a0 &#8211; Przerwa &#8211; <em>Kawa czy Herbata?!<br \/>\n<\/em>godz. 9.45<\/strong> \u2013 <strong>Konferencja III: <em>\u201eZbawienie w Jezusie\u201d;<br \/>\n<\/em>godz.10.45<em> \u2013 <\/em><\/strong>Spotkanie i rozmowy w grupach;<br \/>\n<strong>godz.11.30<\/strong> \u2013 <strong><em>\u201ePanie naucz nas modli\u0107 si\u0119\u201d<\/em><\/strong> &#8211; Szko\u0142a Modlitwy;<br \/>\n<strong>godz.12.30<\/strong> \u2013 <strong>Obiad;<\/strong><br \/>\n<strong>godz.13.30<\/strong> \u2013 <strong>Konferencja IV \u2013 <em>\u201eWiara i Nawr\u00f3cenie\u201d;<br \/>\n<\/em>godz.15.00 \u2013 EUCHARYSTIA &#8211; <em>\u201eJezus Panem\u201d<\/em> \u2013 <em>Przyj\u0119cie Jezusa, jako Pana i Zbawiciela; ( Ko\u015bci\u00f3\u0142 Farny)<br \/>\n<\/em>godz.17.00 \u2013 <\/strong>Spotkania i rozmowy w grupach;<strong><br \/>\ngodz.18.00 \u2013 Kolacja;<\/strong><br \/>\n<strong>godz.19.00 \u2013 Wiecz\u00f3r Pogodny \u2013 Andrzejki;<br \/>\ngodz.20.00 \u2013 Modlitwa Wstawiennicza.<\/strong><\/p>\n<p><span style=\"color: #ff0000;\"><strong><u>NIEDZIELA &#8211; 2 grudnia 2018 r.<\/u><\/strong><\/span><\/p>\n<p><strong>godz. 8.00<em> \u2013 <\/em>Jutrznia \u2013 Konferencja V:<em> \u201eDuch \u015awi\u0119ty i Jego Dary\u201d;<br \/>\n<\/em>godz. 9.30\u00a0 &#8211; Przerwa &#8211; <em>Kawa czy Herbata?!<\/em><br \/>\ngodz. 10.00<\/strong> \u2013<strong>Krucjata Wyzwolenia Cz\u0142owieka \u2013 \u015awiadectwa;<br \/>\ngodz. 11.00<em> \u2013 <\/em><\/strong>Spotkanie i rozmowy w grupach;<br \/>\n<strong>godz. 12.00<\/strong> \u2013 <strong>Obiad;<\/strong><br \/>\n<strong>godz. 13.30<\/strong> \u2013 <strong>EUCHARYSTIA &#8211; Konferencja VI: <em>\u201eWsp\u00f3lnota\u201d (Ko\u015bci\u00f3\u0142 Farny),<br \/>\n<\/em>godz.14.45 \u2013 \u015awiadectwa, A G A P E \u2013 Zako\u0144czenie Rekolekcji.<\/strong><\/p>\n<p>&nbsp;<\/p>\n","protected":false},"excerpt":{"rendered":"<p>PI\u0104TEK &#8211; 30 listopada 2018 r. Od 16.00 RECEPCJA w Zespole Szk\u00f3\u0142 Licealnych godz.17.00 \u2013 \u201eCzekamy na Ciebie!\u201d \u2013 Zawi\u0105zanie Wsp\u00f3lnoty; godz.17.45 \u2013 Modlitwa do Ducha \u015aw.; godz.18.00 \u2013 Konferencja I: \u201eB\u00f3g jest Mi\u0142o\u015bci\u0105\u201d; godz.19.00 \u2013 Spotkanie i rozmowy w grupach Kolacja \u2013\u00a0 (kawa, herbata dro\u017cd\u017c\u00f3wki). godz.20. 45 \u2013 EUCHARYSTIA-\u201eMi\u0142osierny Ojciec\u201d (Ko\u015bci\u00f3\u0142 Farny). SOBOTA &#8211; [&hellip;]<\/p>\n","protected":false},"author":5,"featured_media":7375,"comment_status":"closed","ping_status":"open","sticky":false,"template":"","format":"standard","meta":[],"categories":[4],"tags":[],"_links":{"self":[{"href":"https:\/\/lezajsk.przemyska.pl\/index.php?rest_route=\/wp\/v2\/posts\/7372"}],"collection":[{"href":"https:\/\/lezajsk.przemyska.pl\/index.php?rest_route=\/wp\/v2\/posts"}],"about":[{"href":"https:\/\/lezajsk.przemyska.pl\/index.php?rest_route=\/wp\/v2\/types\/post"}],"author":[{"embeddable":true,"href":"https:\/\/lezajsk.przemyska.pl\/index.php?rest_route=\/wp\/v2\/users\/5"}],"replies":[{"embeddable":true,"href":"https:\/\/lezajsk.przemyska.pl\/index.php?rest_route=%2Fwp%2Fv2%2Fcomments&post=7372"}],"version-history":[{"count":2,"href":"https:\/\/lezajsk.przemyska.pl\/index.php?rest_route=\/wp\/v2\/posts\/7372\/revisions"}],"predecessor-version":[{"id":7376,"href":"https:\/\/lezajsk.przemyska.pl\/index.php?rest_route=\/wp\/v2\/posts\/7372\/revisions\/7376"}],"wp:featuredmedia":[{"embeddable":true,"href":"https:\/\/lezajsk.przemyska.pl\/index.php?rest_route=\/wp\/v2\/media\/7375"}],"wp:attachment":[{"href":"https:\/\/lezajsk.przemyska.pl\/index.php?rest_route=%2Fwp%2Fv2%2Fmedia&parent=7372"}],"wp:term":[{"taxonomy":"category","embeddable":true,"href":"https:\/\/lezajsk.przemyska.pl\/index.php?rest_route=%2Fwp%2Fv2%2Fcategories&post=7372"},{"taxonomy":"post_tag","embeddable":true,"href":"https:\/\/lezajsk.przemyska.pl\/index.php?rest_route=%2Fwp%2Fv2%2Ftags&post=7372"}],"curies":[{"name":"wp","href":"https:\/\/api.w.org\/{rel}","templated":true}]}}