
{"id":7364,"date":"2018-11-15T07:40:04","date_gmt":"2018-11-15T06:40:04","guid":{"rendered":"http:\/\/lezajsk.przemyska.pl\/?p=7364"},"modified":"2018-11-15T07:41:30","modified_gmt":"2018-11-15T06:41:30","slug":"modlitwa-w-intencji-rekolekcji-ewangelizacyjnych-30-11-2-12-2018","status":"publish","type":"post","link":"https:\/\/lezajsk.przemyska.pl\/?p=7364","title":{"rendered":"Modlitwa w intencji Rekolekcji Ewangelizacyjnych (30.11-2.12.2018)"},"content":{"rendered":"<p style=\"text-align: center;\"><strong>Modlitwa w intencji Rekolekcji<\/strong><\/p>\n<p style=\"text-align: center;\"><strong>Dobry i Mi\u0142osierny Bo\u017ce.<\/strong><\/p>\n<p style=\"text-align: center;\"><strong>Prosimy Ci\u0119 o b\u0142ogos\u0142awie\u0144stwo\u00a0<\/strong><strong>na dobre i owocne prze\u017cycie rekolekcji ewangelizacyjnych w naszej parafii.<\/strong> <strong>Pragniemy, aby wszyscy doszli do poznania prawdy i zostali zbawieni.<\/strong><\/p>\n<p style=\"text-align: center;\"><strong>Potrzeba nam do tego Twojej \u0142aski<\/strong> <strong>i dlatego z ufno\u015bci\u0105 wo\u0142amy &#8222;Nabierzmy Ducha i podnie\u015bmy g\u0142owy&#8221;.<\/strong><\/p>\n<p style=\"text-align: center;\"><strong>Dopom\u00f3\u017c nam dobrze przygotowa\u0107 si\u0119 do tego czasu,\u00a0<\/strong><strong>aby wszyscy nasi parafianie \u017cyli jak prawdziwi uczniowie Pana.\u00a0<\/strong><strong>Nape\u0142nij nas pragnieniem nie tylko ratowania siebie,\u00a0<\/strong><strong>ale i wszystkich naszych braci i si\u00f3str \u017cyj\u0105cych w ciemno\u015bciach grzechu i w odwr\u00f3ceniu<br \/>\n<\/strong><strong>od Boga.<\/strong><\/p>\n<p style=\"text-align: center;\"><strong>U\u017cycz prowadz\u0105cym \u015bwiat\u0142a i \u0142aski,\u00a0<\/strong><strong>aby nam wskazali jaka jest Bo\u017ca wola i co nam s\u0142u\u017cy do zbawienia.<\/strong> <strong>Niech Boskie Twoje s\u0142owo przez nich g\u0142oszone o\u015bwieci nas i pouczy,<\/strong> <strong>uzdrowi i wzmocni, u\u015bwi\u0119ci i zbawi.\u00a0<\/strong><strong>Prosimy Ci\u0119 o to, przez Twojego Syna Jezusa Chrystusa.<\/strong><\/p>\n<p style=\"text-align: center;\"><strong>Duchu \u015awi\u0119ty Bo\u017ce, pomagaj nam,<\/strong> <strong>aby przez rekolekcje i spowied\u017a \u015bwi\u0119t\u0105<\/strong> <strong>zosta\u0142o odnowione oblicze naszej wsp\u00f3lnoty parafialnej.<\/strong><\/p>\n<p style=\"text-align: center;\"><strong>Matko Pocieszenia \u2013 Pani Le\u017cajska, b\u0105d\u017a Matk\u0105 naszego \u015bwi\u0119tego rekolekcyjnego czasu i razem ze \u015bwi\u0119tymi Patronami naszymi\u00a0wspieraj nas swoim wstawiennictwem.<\/strong><\/p>\n<p style=\"text-align: center;\"><strong>\u00a0\u00a0<\/strong><strong>Pod Twoj\u0105 obron\u0119 lub Zdrowa\u015b Maryjo &#8230;.<\/strong><\/p>\n<p style=\"text-align: center;\"><strong>Duchu \u015awi\u0119ty Bo\u017ce -zmi\u0142uj si\u0119 nas nami<\/strong><\/p>\n<p style=\"text-align: center;\"><strong>\u015awi\u0119ci patronowie nasi &#8211; m\u00f3dlcie si\u0119 za nami<\/strong><\/p>\n<p style=\"text-align: center;\"><strong>\u015aw. Michale Archaniele\u2026<\/strong><\/p>\n<p>&nbsp;<\/p>\n","protected":false},"excerpt":{"rendered":"<p>Modlitwa w intencji Rekolekcji Dobry i Mi\u0142osierny Bo\u017ce. Prosimy Ci\u0119 o b\u0142ogos\u0142awie\u0144stwo\u00a0na dobre i owocne prze\u017cycie rekolekcji ewangelizacyjnych w naszej parafii. Pragniemy, aby wszyscy doszli do poznania prawdy i zostali zbawieni. Potrzeba nam do tego Twojej \u0142aski i dlatego z ufno\u015bci\u0105 wo\u0142amy &#8222;Nabierzmy Ducha i podnie\u015bmy g\u0142owy&#8221;. Dopom\u00f3\u017c nam dobrze przygotowa\u0107 si\u0119 do tego czasu,\u00a0aby [&hellip;]<\/p>\n","protected":false},"author":5,"featured_media":7367,"comment_status":"closed","ping_status":"open","sticky":false,"template":"","format":"standard","meta":[],"categories":[4],"tags":[],"_links":{"self":[{"href":"https:\/\/lezajsk.przemyska.pl\/index.php?rest_route=\/wp\/v2\/posts\/7364"}],"collection":[{"href":"https:\/\/lezajsk.przemyska.pl\/index.php?rest_route=\/wp\/v2\/posts"}],"about":[{"href":"https:\/\/lezajsk.przemyska.pl\/index.php?rest_route=\/wp\/v2\/types\/post"}],"author":[{"embeddable":true,"href":"https:\/\/lezajsk.przemyska.pl\/index.php?rest_route=\/wp\/v2\/users\/5"}],"replies":[{"embeddable":true,"href":"https:\/\/lezajsk.przemyska.pl\/index.php?rest_route=%2Fwp%2Fv2%2Fcomments&post=7364"}],"version-history":[{"count":1,"href":"https:\/\/lezajsk.przemyska.pl\/index.php?rest_route=\/wp\/v2\/posts\/7364\/revisions"}],"predecessor-version":[{"id":7366,"href":"https:\/\/lezajsk.przemyska.pl\/index.php?rest_route=\/wp\/v2\/posts\/7364\/revisions\/7366"}],"wp:featuredmedia":[{"embeddable":true,"href":"https:\/\/lezajsk.przemyska.pl\/index.php?rest_route=\/wp\/v2\/media\/7367"}],"wp:attachment":[{"href":"https:\/\/lezajsk.przemyska.pl\/index.php?rest_route=%2Fwp%2Fv2%2Fmedia&parent=7364"}],"wp:term":[{"taxonomy":"category","embeddable":true,"href":"https:\/\/lezajsk.przemyska.pl\/index.php?rest_route=%2Fwp%2Fv2%2Fcategories&post=7364"},{"taxonomy":"post_tag","embeddable":true,"href":"https:\/\/lezajsk.przemyska.pl\/index.php?rest_route=%2Fwp%2Fv2%2Ftags&post=7364"}],"curies":[{"name":"wp","href":"https:\/\/api.w.org\/{rel}","templated":true}]}}