
{"id":7262,"date":"2018-11-05T21:41:49","date_gmt":"2018-11-05T20:41:49","guid":{"rendered":"http:\/\/lezajsk.przemyska.pl\/?p=7262"},"modified":"2018-11-05T21:44:03","modified_gmt":"2018-11-05T20:44:03","slug":"nie-zginelas-polsko","status":"publish","type":"post","link":"https:\/\/lezajsk.przemyska.pl\/?p=7262","title":{"rendered":"100 r\u00f3\u017ca\u0144c\u00f3w za 100 lat niepodleg\u0142o\u015bci&#8230;"},"content":{"rendered":"<p>ZAPRASZAMY\u00a0ch\u0119tnych do w\u0142\u0105czenia si\u0119 w dzi\u0119kczynn\u0105 modlitw\u0119 r\u00f3\u017ca\u0144cow\u0105 za odzyskan\u0105 przed 100 laty niepodleg\u0142o\u015b\u0107. Nasz\u0105 inicjatyw\u0119 nazwali\u015bmy\u00a0<strong>\u201e100 r\u00f3\u017ca\u0144c\u00f3w za 100 lat niepodleg\u0142o\u015bci\u201d \u2013 <\/strong>odmawiane w spos\u00f3b ci\u0105g\u0142y<strong>.<\/strong>\u00a0Modlitwa ta rozpocz\u0119\u0142aby si\u0119 w\u00a0<strong>pi\u0105tek 9 listopada Msz\u0105 \u015bw. o godz. 6.30<\/strong>\u00a0w ko\u015bciele Jezusa Mi\u0142osiernego (Ma\u0142y Ko\u015bci\u00f3\u0142) a potem, bez przerwy, co p\u00f3\u0142 godziny konkretna, zg\u0142oszona wcze\u015bniej rodzina czy te\u017c np. kilkoro znajomych, s\u0105siad\u00f3w, przyjaci\u00f3\u0142, g\u0142o\u015bno odmawia\u0142oby jedn\u0105, wyznaczon\u0105 cz\u0105stk\u0119 r\u00f3\u017ca\u0144ca dzi\u0119kuj\u0105c w ten spos\u00f3b za konkretny przypisany do godziny rok niepodleg\u0142o\u015bci i tak w spos\u00f3b ci\u0105g\u0142y a\u017c do\u00a0<strong>niedzieli 11 listopada do godz. 9.30<\/strong>, o\u00a0kt\u00f3rej b\u0119dzie odprawiona Msza \u015bw. na zako\u0144czenie. Potrzebujemy 100 rodzin b\u0105d\u017a grup (grupek, wsp\u00f3lnot, itp.). Oczywi\u015bcie gdy lista si\u0119 wype\u0142ni, mo\u017cna si\u0119 dopisywa\u0107 do innych i to po wielekro\u0107, wszak miejsca w ko\u015bciele wystarczy o ka\u017cdej godzinie dla wielu. Zapisy w Siewcy.<\/p>\n","protected":false},"excerpt":{"rendered":"<p>ZAPRASZAMY\u00a0ch\u0119tnych do w\u0142\u0105czenia si\u0119 w dzi\u0119kczynn\u0105 modlitw\u0119 r\u00f3\u017ca\u0144cow\u0105 za odzyskan\u0105 przed 100 laty niepodleg\u0142o\u015b\u0107. Nasz\u0105 inicjatyw\u0119 nazwali\u015bmy\u00a0\u201e100 r\u00f3\u017ca\u0144c\u00f3w za 100 lat niepodleg\u0142o\u015bci\u201d \u2013 odmawiane w spos\u00f3b ci\u0105g\u0142y.\u00a0Modlitwa ta rozpocz\u0119\u0142aby si\u0119 w\u00a0pi\u0105tek 9 listopada Msz\u0105 \u015bw. o godz. 6.30\u00a0w ko\u015bciele Jezusa Mi\u0142osiernego (Ma\u0142y Ko\u015bci\u00f3\u0142) a potem, bez przerwy, co p\u00f3\u0142 godziny konkretna, zg\u0142oszona wcze\u015bniej rodzina czy [&hellip;]<\/p>\n","protected":false},"author":5,"featured_media":7264,"comment_status":"closed","ping_status":"open","sticky":false,"template":"","format":"standard","meta":[],"categories":[4],"tags":[],"_links":{"self":[{"href":"https:\/\/lezajsk.przemyska.pl\/index.php?rest_route=\/wp\/v2\/posts\/7262"}],"collection":[{"href":"https:\/\/lezajsk.przemyska.pl\/index.php?rest_route=\/wp\/v2\/posts"}],"about":[{"href":"https:\/\/lezajsk.przemyska.pl\/index.php?rest_route=\/wp\/v2\/types\/post"}],"author":[{"embeddable":true,"href":"https:\/\/lezajsk.przemyska.pl\/index.php?rest_route=\/wp\/v2\/users\/5"}],"replies":[{"embeddable":true,"href":"https:\/\/lezajsk.przemyska.pl\/index.php?rest_route=%2Fwp%2Fv2%2Fcomments&post=7262"}],"version-history":[{"count":3,"href":"https:\/\/lezajsk.przemyska.pl\/index.php?rest_route=\/wp\/v2\/posts\/7262\/revisions"}],"predecessor-version":[{"id":7267,"href":"https:\/\/lezajsk.przemyska.pl\/index.php?rest_route=\/wp\/v2\/posts\/7262\/revisions\/7267"}],"wp:featuredmedia":[{"embeddable":true,"href":"https:\/\/lezajsk.przemyska.pl\/index.php?rest_route=\/wp\/v2\/media\/7264"}],"wp:attachment":[{"href":"https:\/\/lezajsk.przemyska.pl\/index.php?rest_route=%2Fwp%2Fv2%2Fmedia&parent=7262"}],"wp:term":[{"taxonomy":"category","embeddable":true,"href":"https:\/\/lezajsk.przemyska.pl\/index.php?rest_route=%2Fwp%2Fv2%2Fcategories&post=7262"},{"taxonomy":"post_tag","embeddable":true,"href":"https:\/\/lezajsk.przemyska.pl\/index.php?rest_route=%2Fwp%2Fv2%2Ftags&post=7262"}],"curies":[{"name":"wp","href":"https:\/\/api.w.org\/{rel}","templated":true}]}}