
{"id":7243,"date":"2018-11-01T16:18:21","date_gmt":"2018-11-01T15:18:21","guid":{"rendered":"http:\/\/lezajsk.przemyska.pl\/?p=7243"},"modified":"2018-11-01T16:21:32","modified_gmt":"2018-11-01T15:21:32","slug":"my-jeszcze-jestesmy-w-drodze-do-nieba-w-drodze-do-swietosci","status":"publish","type":"post","link":"https:\/\/lezajsk.przemyska.pl\/?p=7243","title":{"rendered":"\u201eMy jeszcze jeste\u015bmy w drodze do nieba, w drodze do \u015bwi\u0119to\u015bci&#8230;&#8221;"},"content":{"rendered":"<p>Pierwszego listopada Ko\u015bci\u00f3\u0142 katolicki prze\u017cywa Uroczysto\u015b\u0107 Wszystkich \u015awi\u0119tych, tych znanych z kalendarza liturgicznego i tych wszystkich, kt\u00f3rzy nie zostali wyniesieni na o\u0142tarze, ale ciesz\u0105 si\u0119 chwa\u0142\u0105 nieba.<\/p>\n<p>Liturgii w pi\u0119knie odnowionej kaplicy, po kt\u00f3rej odby\u0142a si\u0119 tradycyjna procesja do czterech stacji na cmentarzu, przewodniczy\u0142 i homili\u0119 wyg\u0142osi\u0142 O. Sylwester Skirli\u0144ski OFM. Kap\u0142an podkre\u015bli\u0142 warto\u015b\u0107 modlitwy za zmar\u0142ych. \u201eMo\u017cemy im pom\u00f3c poprzez ofiarowanie w ich intencji odpust\u00f3w, czerpi\u0105c ze skarbnicy Ko\u015bcio\u0142a. Niech nasze modlitwy za zmar\u0142ych b\u0119d\u0105 zanoszone z wiar\u0105 i wielk\u0105 ufno\u015bci\u0105 w Mi\u0142osierdzie Bo\u017ce\u201d- m\u00f3wi\u0142 kaznodzieja. W modlitw\u0119 za zmar\u0142ych parafian z le\u017cajskiej Fary, w\u0142\u0105czyli si\u0119; Ks. Proboszcz, ks. Dariusz i ks. Piotr.<\/p>\n<p>Kap\u0142an zach\u0119ca\u0142 wiernych do uciekania si\u0119 do Boga za wstawiennictwem \u015bwi\u0119tych i bli\u017cszego poznawania ich historii \u017cycia. \u201ePytajmy si\u0119 \u015bwi\u0119tych, zagl\u0105dajmy do ich \u017cyciorys\u00f3w, uczmy si\u0119 od nich jak trzeba \u017cy\u0107. Oni mog\u0105 nas wiele nauczy\u0107\u201d.<\/p>\n<p>W Uroczysto\u015b\u0107 Wszystkich \u015awi\u0119tych na nasz le\u017cajski cmentarz przybywaj\u0105 t\u0142umy ludzi, pal\u0105 znicze i zostawiaj\u0105 kwiaty na grobach bliskich sobie ludzi, kt\u00f3rzy odeszli. \u201eDla mnie s\u0105 to wa\u017cne \u015bwi\u0119ta. Dzi\u015b trzeba cho\u0107 na chwil\u0119 si\u0119 zatrzyma\u0107. To czas zadumy, czas wspomnie\u0144 ale te\u017c i nadziei \u017ce si\u0119 jeszcze spotkamy\u201d \u2013 wyzna\u0142a wzruszona parafianka\u00a0stoj\u0105c nad grobem m\u0119\u017ca&#8230;<\/p>\n<p style=\"text-align: center;\">Jutro Dzie\u0144 Zaduszny. Msza na cmentarzu o godzinie 14.00.<\/p>\n<p>&nbsp;<\/p>\n","protected":false},"excerpt":{"rendered":"<p>Pierwszego listopada Ko\u015bci\u00f3\u0142 katolicki prze\u017cywa Uroczysto\u015b\u0107 Wszystkich \u015awi\u0119tych, tych znanych z kalendarza liturgicznego i tych wszystkich, kt\u00f3rzy nie zostali wyniesieni na o\u0142tarze, ale ciesz\u0105 si\u0119 chwa\u0142\u0105 nieba. Liturgii w pi\u0119knie odnowionej kaplicy, po kt\u00f3rej odby\u0142a si\u0119 tradycyjna procesja do czterech stacji na cmentarzu, przewodniczy\u0142 i homili\u0119 wyg\u0142osi\u0142 O. Sylwester Skirli\u0144ski OFM. Kap\u0142an podkre\u015bli\u0142 warto\u015b\u0107 modlitwy [&hellip;]<\/p>\n","protected":false},"author":5,"featured_media":7248,"comment_status":"closed","ping_status":"open","sticky":false,"template":"","format":"standard","meta":[],"categories":[4],"tags":[],"_links":{"self":[{"href":"https:\/\/lezajsk.przemyska.pl\/index.php?rest_route=\/wp\/v2\/posts\/7243"}],"collection":[{"href":"https:\/\/lezajsk.przemyska.pl\/index.php?rest_route=\/wp\/v2\/posts"}],"about":[{"href":"https:\/\/lezajsk.przemyska.pl\/index.php?rest_route=\/wp\/v2\/types\/post"}],"author":[{"embeddable":true,"href":"https:\/\/lezajsk.przemyska.pl\/index.php?rest_route=\/wp\/v2\/users\/5"}],"replies":[{"embeddable":true,"href":"https:\/\/lezajsk.przemyska.pl\/index.php?rest_route=%2Fwp%2Fv2%2Fcomments&post=7243"}],"version-history":[{"count":2,"href":"https:\/\/lezajsk.przemyska.pl\/index.php?rest_route=\/wp\/v2\/posts\/7243\/revisions"}],"predecessor-version":[{"id":7255,"href":"https:\/\/lezajsk.przemyska.pl\/index.php?rest_route=\/wp\/v2\/posts\/7243\/revisions\/7255"}],"wp:featuredmedia":[{"embeddable":true,"href":"https:\/\/lezajsk.przemyska.pl\/index.php?rest_route=\/wp\/v2\/media\/7248"}],"wp:attachment":[{"href":"https:\/\/lezajsk.przemyska.pl\/index.php?rest_route=%2Fwp%2Fv2%2Fmedia&parent=7243"}],"wp:term":[{"taxonomy":"category","embeddable":true,"href":"https:\/\/lezajsk.przemyska.pl\/index.php?rest_route=%2Fwp%2Fv2%2Fcategories&post=7243"},{"taxonomy":"post_tag","embeddable":true,"href":"https:\/\/lezajsk.przemyska.pl\/index.php?rest_route=%2Fwp%2Fv2%2Ftags&post=7243"}],"curies":[{"name":"wp","href":"https:\/\/api.w.org\/{rel}","templated":true}]}}