
{"id":7239,"date":"2018-10-31T08:23:35","date_gmt":"2018-10-31T07:23:35","guid":{"rendered":"http:\/\/lezajsk.przemyska.pl\/?p=7239"},"modified":"2018-10-31T08:26:51","modified_gmt":"2018-10-31T07:26:51","slug":"uroczystosc-wszystkich-swietych","status":"publish","type":"post","link":"https:\/\/lezajsk.przemyska.pl\/?p=7239","title":{"rendered":"Uroczysto\u015b\u0107 Wszystkich \u015awi\u0119tych&#8230;"},"content":{"rendered":"<p>1 listopada Ko\u015bci\u00f3\u0142 katolicki obchodzi uroczysto\u015b\u0107 Wszystkich \u015awi\u0119tych. Dzie\u0144 ten kojarzy si\u0119 dla wielu ze zniczem, z grobem bliskich os\u00f3b, z cmentarzem, dla innych z wi\u0105zank\u0105 kwiat\u00f3w, jeszcze dla innych z modlitw\u0105 i pami\u0119ci\u0105 o tych, kt\u00f3rzy wyprzedzili nas w drodze do wieczno\u015bci. Nie mniej jednak w tym dniu udajemy si\u0119 z ca\u0142ymi rodzinami na cmentarz i nawiedzamy groby naszych bliskich, przyjaci\u00f3\u0142, rodzic\u00f3w, krewnych, znajomych, stawiaj\u0105c kwiaty, zapalaj\u0105c ten &#8222;p\u0142omyk nadziei&#8221;, wierz\u0105c, \u017ce ju\u017c ciesz\u0105 si\u0119 oni chwa\u0142\u0105 w domu Ojca Niebieskiego. <strong>Ko\u015bci\u00f3\u0142 w tym dniu oddaje cze\u015b\u0107 tym wszystkim, kt\u00f3rzy ju\u017c weszli do chwa\u0142y niebieskiej,<\/strong> a wiernym pielgrzymuj\u0105cym jeszcze na ziemi wskazuje drog\u0119, kt\u00f3ra ma zaprowadzi\u0107 ich do \u015bwi\u0119to\u015bci. Przypomina nam r\u00f3wnie\u017c prawd\u0119 o naszej wsp\u00f3lnocie ze \u015awi\u0119tymi, kt\u00f3rzy otaczaj\u0105 nas opiek\u0105&#8230;<\/p>\n<p style=\"text-align: center;\"><span style=\"color: #800080;\"><strong>Msze \u015awi\u0119te w Ko\u015bciele: 7.00; 8.30; 10.00; 11.30 i 18.00 oraz <\/strong><\/span><\/p>\n<p style=\"text-align: center;\"><span style=\"color: #800080;\"><strong>Msza na Cmentarzu w intencji zmar\u0142ych parafian o godzinie 14.00. <\/strong><\/span><\/p>\n<p style=\"text-align: center;\"><span style=\"color: #800080;\"><strong>Wieczny odpoczynek, racz im da\u0107 Panie&#8230;.<\/strong><\/span><\/p>\n","protected":false},"excerpt":{"rendered":"<p>1 listopada Ko\u015bci\u00f3\u0142 katolicki obchodzi uroczysto\u015b\u0107 Wszystkich \u015awi\u0119tych. Dzie\u0144 ten kojarzy si\u0119 dla wielu ze zniczem, z grobem bliskich os\u00f3b, z cmentarzem, dla innych z wi\u0105zank\u0105 kwiat\u00f3w, jeszcze dla innych z modlitw\u0105 i pami\u0119ci\u0105 o tych, kt\u00f3rzy wyprzedzili nas w drodze do wieczno\u015bci. Nie mniej jednak w tym dniu udajemy si\u0119 z ca\u0142ymi rodzinami na [&hellip;]<\/p>\n","protected":false},"author":5,"featured_media":7240,"comment_status":"closed","ping_status":"open","sticky":false,"template":"","format":"standard","meta":[],"categories":[4],"tags":[],"_links":{"self":[{"href":"https:\/\/lezajsk.przemyska.pl\/index.php?rest_route=\/wp\/v2\/posts\/7239"}],"collection":[{"href":"https:\/\/lezajsk.przemyska.pl\/index.php?rest_route=\/wp\/v2\/posts"}],"about":[{"href":"https:\/\/lezajsk.przemyska.pl\/index.php?rest_route=\/wp\/v2\/types\/post"}],"author":[{"embeddable":true,"href":"https:\/\/lezajsk.przemyska.pl\/index.php?rest_route=\/wp\/v2\/users\/5"}],"replies":[{"embeddable":true,"href":"https:\/\/lezajsk.przemyska.pl\/index.php?rest_route=%2Fwp%2Fv2%2Fcomments&post=7239"}],"version-history":[{"count":2,"href":"https:\/\/lezajsk.przemyska.pl\/index.php?rest_route=\/wp\/v2\/posts\/7239\/revisions"}],"predecessor-version":[{"id":7242,"href":"https:\/\/lezajsk.przemyska.pl\/index.php?rest_route=\/wp\/v2\/posts\/7239\/revisions\/7242"}],"wp:featuredmedia":[{"embeddable":true,"href":"https:\/\/lezajsk.przemyska.pl\/index.php?rest_route=\/wp\/v2\/media\/7240"}],"wp:attachment":[{"href":"https:\/\/lezajsk.przemyska.pl\/index.php?rest_route=%2Fwp%2Fv2%2Fmedia&parent=7239"}],"wp:term":[{"taxonomy":"category","embeddable":true,"href":"https:\/\/lezajsk.przemyska.pl\/index.php?rest_route=%2Fwp%2Fv2%2Fcategories&post=7239"},{"taxonomy":"post_tag","embeddable":true,"href":"https:\/\/lezajsk.przemyska.pl\/index.php?rest_route=%2Fwp%2Fv2%2Ftags&post=7239"}],"curies":[{"name":"wp","href":"https:\/\/api.w.org\/{rel}","templated":true}]}}