
{"id":7233,"date":"2018-10-27T20:36:44","date_gmt":"2018-10-27T18:36:44","guid":{"rendered":"http:\/\/lezajsk.przemyska.pl\/?p=7233"},"modified":"2018-10-27T20:38:21","modified_gmt":"2018-10-27T18:38:21","slug":"x-dzien-solidarnosci-z-kosciolem-przesladowanym","status":"publish","type":"post","link":"https:\/\/lezajsk.przemyska.pl\/?p=7233","title":{"rendered":"X DZIE\u0143 SOLIDARNO\u015aCI Z KO\u015aCIO\u0141EM PRZE\u015aLADOWANYM"},"content":{"rendered":"<h4 class=\"h-decor\" style=\"text-align: center;\"><\/h4>\n<p><img loading=\"lazy\" class=\"alignnone size-medium wp-image-7234\" src=\"https:\/\/lezajsk.przemyska.pl\/wp-content\/uploads\/2018\/10\/baner-sms-2-640x176.jpg\" alt=\"\" width=\"640\" height=\"176\" srcset=\"https:\/\/lezajsk.przemyska.pl\/wp-content\/uploads\/2018\/10\/baner-sms-2-640x176.jpg 640w, https:\/\/lezajsk.przemyska.pl\/wp-content\/uploads\/2018\/10\/baner-sms-2-768x212.jpg 768w, https:\/\/lezajsk.przemyska.pl\/wp-content\/uploads\/2018\/10\/baner-sms-2-600x165.jpg 600w, https:\/\/lezajsk.przemyska.pl\/wp-content\/uploads\/2018\/10\/baner-sms-2.jpg 1009w\" sizes=\"(max-width: 640px) 100vw, 640px\" \/><\/p>\n<h4 class=\"h-decor\" style=\"text-align: center;\">Z OKAZJI\u00a0 DNIA SOLIDARNO\u015aCI KO\u015aCIO\u0141EM PRZE\u015aLADOWANYM, KT\u00d3RY W TYM ROKU PRZE\u017bYWAMY PO RAZ DZIESI\u0104TY PAKISTA\u0143SKI KARD. COUTTS WYSTOSOWA\u0141 PRZES\u0141ANIE DO POLAK\u00d3W.<\/h4>\n<h4 class=\"h-decor\" style=\"text-align: center;\">Moi drodzy bracia i siostry w Chrystusie Panu,<\/h4>\n<p style=\"text-align: center;\">Przesy\u0142am wam pozdrowienia z Rzymu z ko\u0144cz\u0105cego si\u0119 ju\u017c Synodu Biskup\u00f3w. To by\u0142o niesamowite do\u015bwiadczenie jedno\u015bci, braterstwa oraz poczucia bycia Jednym Katolickim Ko\u015bcio\u0142em zgromadzonym wok\u00f3\u0142 Ojca \u015awi\u0119tego. Przesy\u0142am r\u00f3wnie\u017c pozdrowienia z Ko\u015bcio\u0142a w Pakistanie. Jeste\u015bmy niewielkim i historycznie m\u0142odym Ko\u015bcio\u0142em w kraju o ogromnej populacji muzu\u0142ma\u0144skiej. Dla nas, Chrze\u015bcijan \u017cyj\u0105cych i \u015bwiadcz\u0105cych o naszej wierze w centrum islamskiego \u015bwiata, ka\u017cdy dzie\u0144 pe\u0142en jest trudno\u015bci i wyzwa\u0144. Jeste\u015bmy r\u00f3wnie\u017c zach\u0119ceni przyk\u0142adem Ko\u015bcio\u0142a w Polsce. Pomimo r\u00f3\u017cnych cierpie\u0144 i prze\u015bladowa\u0144 w ci\u0105gu okupacji komunistycznej dali\u015bcie Ko\u015bcio\u0142owi Powszechnemu wielkiego i nieustraszonego pasterza jakim by\u0142 \u015bw. Jan Pawe\u0142 II. W Pakistanie ludzie starszej generacji pami\u0119taj\u0105 i wspominaj\u0105 ze wzruszeniem kr\u00f3tk\u0105 wizyt\u0119 Papie\u017ca w roku 1982. Jego obecno\u015b\u0107 odnios\u0142a bardzo pozytywny skutek nawet na niechrze\u015bcija\u0144skich mieszka\u0144cach naszego kraju. Dzi\u015b okazali\u015bcie swoje zainteresowanie oraz solidarno\u015b\u0107 z cierpi\u0105cym Ko\u015bcio\u0142em na \u015bwiecie. Pragn\u0119 podzi\u0119kowa\u0107 wszystkim wierz\u0105cym w Polsce za ich modlitwy oraz wszelk\u0105 inn\u0105 pomoc dla cierpi\u0105cego Ko\u015bcio\u0142a, a szczeg\u00f3lnie w Pakistanie. Jednocz\u0105c si\u0119 z wami w Panu, jednej wierze oraz jednym Chrzcie \u015awi\u0119tym, modl\u0119 si\u0119 do naszego kochaj\u0105cego Ojca aby wam b\u0142ogos\u0142awi\u0142 za wasz\u0105 hojno\u015b\u0107 i dobro\u0107.<\/p>\n<p style=\"text-align: right;\">+ Joseph Kardyna\u0142 Coutts<br \/>\nArcybiskup Karachi<\/p>\n","protected":false},"excerpt":{"rendered":"<p>Z OKAZJI\u00a0 DNIA SOLIDARNO\u015aCI KO\u015aCIO\u0141EM PRZE\u015aLADOWANYM, KT\u00d3RY W TYM ROKU PRZE\u017bYWAMY PO RAZ DZIESI\u0104TY PAKISTA\u0143SKI KARD. COUTTS WYSTOSOWA\u0141 PRZES\u0141ANIE DO POLAK\u00d3W. Moi drodzy bracia i siostry w Chrystusie Panu, Przesy\u0142am wam pozdrowienia z Rzymu z ko\u0144cz\u0105cego si\u0119 ju\u017c Synodu Biskup\u00f3w. To by\u0142o niesamowite do\u015bwiadczenie jedno\u015bci, braterstwa oraz poczucia bycia Jednym Katolickim Ko\u015bcio\u0142em zgromadzonym wok\u00f3\u0142 Ojca [&hellip;]<\/p>\n","protected":false},"author":5,"featured_media":7235,"comment_status":"closed","ping_status":"open","sticky":false,"template":"","format":"standard","meta":[],"categories":[4],"tags":[],"_links":{"self":[{"href":"https:\/\/lezajsk.przemyska.pl\/index.php?rest_route=\/wp\/v2\/posts\/7233"}],"collection":[{"href":"https:\/\/lezajsk.przemyska.pl\/index.php?rest_route=\/wp\/v2\/posts"}],"about":[{"href":"https:\/\/lezajsk.przemyska.pl\/index.php?rest_route=\/wp\/v2\/types\/post"}],"author":[{"embeddable":true,"href":"https:\/\/lezajsk.przemyska.pl\/index.php?rest_route=\/wp\/v2\/users\/5"}],"replies":[{"embeddable":true,"href":"https:\/\/lezajsk.przemyska.pl\/index.php?rest_route=%2Fwp%2Fv2%2Fcomments&post=7233"}],"version-history":[{"count":1,"href":"https:\/\/lezajsk.przemyska.pl\/index.php?rest_route=\/wp\/v2\/posts\/7233\/revisions"}],"predecessor-version":[{"id":7236,"href":"https:\/\/lezajsk.przemyska.pl\/index.php?rest_route=\/wp\/v2\/posts\/7233\/revisions\/7236"}],"wp:featuredmedia":[{"embeddable":true,"href":"https:\/\/lezajsk.przemyska.pl\/index.php?rest_route=\/wp\/v2\/media\/7235"}],"wp:attachment":[{"href":"https:\/\/lezajsk.przemyska.pl\/index.php?rest_route=%2Fwp%2Fv2%2Fmedia&parent=7233"}],"wp:term":[{"taxonomy":"category","embeddable":true,"href":"https:\/\/lezajsk.przemyska.pl\/index.php?rest_route=%2Fwp%2Fv2%2Fcategories&post=7233"},{"taxonomy":"post_tag","embeddable":true,"href":"https:\/\/lezajsk.przemyska.pl\/index.php?rest_route=%2Fwp%2Fv2%2Ftags&post=7233"}],"curies":[{"name":"wp","href":"https:\/\/api.w.org\/{rel}","templated":true}]}}