
{"id":7211,"date":"2018-10-10T09:19:34","date_gmt":"2018-10-10T07:19:34","guid":{"rendered":"http:\/\/lezajsk.przemyska.pl\/?p=7211"},"modified":"2018-10-10T09:21:37","modified_gmt":"2018-10-10T07:21:37","slug":"13-pazdziernika-ostatnie-w-tym-roku-nabozenstwo-fatimskie","status":"publish","type":"post","link":"https:\/\/lezajsk.przemyska.pl\/?p=7211","title":{"rendered":"13 pa\u017adziernika. Ostatnie w tym roku nabo\u017ce\u0144stwo fatimskie."},"content":{"rendered":"<p>Zapraszamy na fatimskie nabo\u017ce\u0144stwo &#8211; sobota, 13 pa\u017adziernika 2018 roku &#8211; o godzinie 18.00 Msza \u015awi\u0119ta, a po niej procesja z figur\u0105 Fatimskiej Pani i modlitwa r\u00f3\u017ca\u0144cowa.<\/p>\n","protected":false},"excerpt":{"rendered":"<p>Zapraszamy na fatimskie nabo\u017ce\u0144stwo &#8211; sobota, 13 pa\u017adziernika 2018 roku &#8211; o godzinie 18.00 Msza \u015awi\u0119ta, a po niej procesja z figur\u0105 Fatimskiej Pani i modlitwa r\u00f3\u017ca\u0144cowa.<\/p>\n","protected":false},"author":5,"featured_media":7214,"comment_status":"closed","ping_status":"open","sticky":false,"template":"","format":"standard","meta":[],"categories":[4],"tags":[],"_links":{"self":[{"href":"https:\/\/lezajsk.przemyska.pl\/index.php?rest_route=\/wp\/v2\/posts\/7211"}],"collection":[{"href":"https:\/\/lezajsk.przemyska.pl\/index.php?rest_route=\/wp\/v2\/posts"}],"about":[{"href":"https:\/\/lezajsk.przemyska.pl\/index.php?rest_route=\/wp\/v2\/types\/post"}],"author":[{"embeddable":true,"href":"https:\/\/lezajsk.przemyska.pl\/index.php?rest_route=\/wp\/v2\/users\/5"}],"replies":[{"embeddable":true,"href":"https:\/\/lezajsk.przemyska.pl\/index.php?rest_route=%2Fwp%2Fv2%2Fcomments&post=7211"}],"version-history":[{"count":2,"href":"https:\/\/lezajsk.przemyska.pl\/index.php?rest_route=\/wp\/v2\/posts\/7211\/revisions"}],"predecessor-version":[{"id":7213,"href":"https:\/\/lezajsk.przemyska.pl\/index.php?rest_route=\/wp\/v2\/posts\/7211\/revisions\/7213"}],"wp:featuredmedia":[{"embeddable":true,"href":"https:\/\/lezajsk.przemyska.pl\/index.php?rest_route=\/wp\/v2\/media\/7214"}],"wp:attachment":[{"href":"https:\/\/lezajsk.przemyska.pl\/index.php?rest_route=%2Fwp%2Fv2%2Fmedia&parent=7211"}],"wp:term":[{"taxonomy":"category","embeddable":true,"href":"https:\/\/lezajsk.przemyska.pl\/index.php?rest_route=%2Fwp%2Fv2%2Fcategories&post=7211"},{"taxonomy":"post_tag","embeddable":true,"href":"https:\/\/lezajsk.przemyska.pl\/index.php?rest_route=%2Fwp%2Fv2%2Ftags&post=7211"}],"curies":[{"name":"wp","href":"https:\/\/api.w.org\/{rel}","templated":true}]}}