
{"id":7206,"date":"2018-10-08T09:25:44","date_gmt":"2018-10-08T07:25:44","guid":{"rendered":"http:\/\/lezajsk.przemyska.pl\/?p=7206"},"modified":"2018-10-08T09:25:44","modified_gmt":"2018-10-08T07:25:44","slug":"zaproszenie-na-pielgrzymke-dziela-pomocy-powolaniom","status":"publish","type":"post","link":"https:\/\/lezajsk.przemyska.pl\/?p=7206","title":{"rendered":"ZAPROSZENIE na Pielgrzymk\u0119 Dzie\u0142a Pomocy Powo\u0142aniom"},"content":{"rendered":"<p style=\"text-align: center;\"><span style=\"color: #000000;\"><strong>&#8222;Pro\u015bcie Pana (&#8230;) aby wyprawi\u0142 robotnik\u00f3w na \u017cniwo Swoje&#8221;.<\/strong><\/span><\/p>\n<p style=\"text-align: center;\"><span style=\"color: #ff0000;\"><strong>Wszystkich cz\u0142onk\u00f3w jak i sympatyk\u00f3w Dzie\u0142a Pomocy Powo\u0142aniom im. b\u0142. ks. Jana Balickiego\u00a0oraz zatroskanych o powo\u0142ania kap\u0142a\u0144skie i zakonne\u00a0zapraszamy\u00a0do miejsc zwi\u0105zanych z \u017cyciem i pos\u0142ug\u0105 B\u0142ogos\u0142awionego Patrona Dzie\u0142a.\u00a0\u00a0Tegoroczna\u00a0 pielgrzymka\u00a0do Przemy\u015bla odb\u0119dzie si\u0119 w <span style=\"color: #000000;\">sobot\u0119 20 pa\u017adziernika.<\/span> Zapisy w zakrystii a szczeg\u00f3\u0142owy program na tablicy og\u0142osze\u0144.<\/strong><\/span><\/p>\n<p><center><b>Modlitwa o powo\u0142ania kap\u0142a\u0144skie i zakonne<\/b><br \/>\nJezu, Boski Pasterzu, Ty powo\u0142a\u0142e\u015b Aposto\u0142\u00f3w i uczyni\u0142e\u015b ich rybakami ludzi. Wezwij i dzisiaj m\u0142odych ludzi do Twojej s\u0142u\u017cby. Ty nieustannie \u017cyjesz dla nas. Twoja ofiara nieprzerwanie uobecnia si\u0119 na naszych o\u0142tarzach, bo pragniesz, by wszyscy ludzi mieli udzia\u0142 w Twoim odkupieniu. Niechaj ci, kt\u00f3rych powo\u0142a\u0142e\u015b, rozpoznaj\u0105 Twoj\u0105 wol\u0119 i daj im oczy otwarte na potrzeby ca\u0142ego \u015bwiata. Daj im us\u0142ysze\u0107 nieme pro\u015bby tylu ludzi, b\u0142agaj\u0105cych o \u015bwiat\u0142o prawdy i ciep\u0142o prawdziwej mi\u0142o\u015bci. Pozw\u00f3l im wiernie trwa\u0107 w dziele budowanie Twego Mistycznego Cia\u0142a, by w ten spos\u00f3b kontynuowali Twoje pos\u0142annictwo. Uczy\u0107 ich sol\u0105 ziemi i \u015bwiat\u0142o\u015bci\u0105 \u015bwiata. Panie spraw, aby wiele dziewcz\u0105t i ch\u0142opc\u00f3w wielkodusznie i bez wahania posz\u0142o za g\u0142osem Twej mi\u0142o\u015bci. Obud\u017a w ich sercach pragnienie doskona\u0142ego \u017cycia wed\u0142ug Ewangelii oraz wol\u0119 bezinteresownej s\u0142u\u017cby dla Ko\u015bcio\u0142a. Daj im gotowo\u015b\u0107 przyj\u015bcia z pomoc\u0105 wszystkim tym, kt\u00f3rzy potrzebuj\u0105 ich pomocnych r\u0105k i mi\u0142osiernego pochylenia nad ludzk\u0105 n\u0119dz\u0105. Amen.<\/p>\n<p><\/center><center><b>Modlitwa Jana Paw\u0142a II o powo\u0142ania<\/b><br \/>\n\u015awi\u0119ta Rodzino z Nazaretu, wsp\u00f3lnoto mi\u0142o\u015bci Jezusa, Maryi i J\u00f3zefa, wzorze i ideale ka\u017cdej rodziny chrze\u015bcija\u0144skiej &#8211; Tobie zawierzamy nasze rodziny. Otwieraj serca rodzinnych wsp\u00f3lnot na wiar\u0119, na przyj\u0119cie s\u0142owa Bo\u017cego, na chrze\u015bcija\u0144skie \u015bwiadectwo, aby stawa\u0142y si\u0119 \u017ar\u00f3d\u0142em nowych i \u015bwi\u0119tych powo\u0142a\u0144. O\u015bwiecaj umys\u0142y rodzic\u00f3w, aby otaczaj\u0105c swoje dzieci troskliw\u0105 opiek\u0105 i m\u0105dr\u0105 mi\u0142o\u015bci\u0105 umieli prowadzi\u0107 je nieomylnie ku dobrom duchowym i wiecznym. Kszta\u0142tuj w duszach ludzi m\u0142odych prawe sumienie i woln\u0105 wol\u0119, aby wzrastaj\u0105c w m\u0105dro\u015bci, latach i \u0142asce umieli wielkodusznie przyj\u0105\u0107 dar Bo\u017cego powo\u0142ania. Spraw, aby\u015bmy kontempluj\u0105c i na\u015bladuj\u0105c Twoj\u0105 wytrwa\u0142\u0105 modlitw\u0119, wielkoduszne pos\u0142usze\u0144stwo, z godno\u015bci\u0105 prze\u017cywane ub\u00f3stwo i dziewicz\u0105 czysto\u015b\u0107, uczyli si\u0119 wype\u0142nia\u0107 wol\u0119 Bo\u017c\u0105 i wspomaga\u0107 z subteln\u0105 rozwag\u0105 tych spo\u015br\u00f3d nas, kt\u00f3rzy zostali powo\u0142ani do bardziej radykalnego na\u015bladowania Pana Jezusa, kt\u00f3ry za nas wyda\u0142 samego siebie. Amen.\u00a0<\/center><\/p>\n","protected":false},"excerpt":{"rendered":"<p>&#8222;Pro\u015bcie Pana (&#8230;) aby wyprawi\u0142 robotnik\u00f3w na \u017cniwo Swoje&#8221;. Wszystkich cz\u0142onk\u00f3w jak i sympatyk\u00f3w Dzie\u0142a Pomocy Powo\u0142aniom im. b\u0142. ks. Jana Balickiego\u00a0oraz zatroskanych o powo\u0142ania kap\u0142a\u0144skie i zakonne\u00a0zapraszamy\u00a0do miejsc zwi\u0105zanych z \u017cyciem i pos\u0142ug\u0105 B\u0142ogos\u0142awionego Patrona Dzie\u0142a.\u00a0\u00a0Tegoroczna\u00a0 pielgrzymka\u00a0do Przemy\u015bla odb\u0119dzie si\u0119 w sobot\u0119 20 pa\u017adziernika. Zapisy w zakrystii a szczeg\u00f3\u0142owy program na tablicy og\u0142osze\u0144. Modlitwa [&hellip;]<\/p>\n","protected":false},"author":5,"featured_media":7207,"comment_status":"closed","ping_status":"open","sticky":false,"template":"","format":"standard","meta":[],"categories":[4],"tags":[],"_links":{"self":[{"href":"https:\/\/lezajsk.przemyska.pl\/index.php?rest_route=\/wp\/v2\/posts\/7206"}],"collection":[{"href":"https:\/\/lezajsk.przemyska.pl\/index.php?rest_route=\/wp\/v2\/posts"}],"about":[{"href":"https:\/\/lezajsk.przemyska.pl\/index.php?rest_route=\/wp\/v2\/types\/post"}],"author":[{"embeddable":true,"href":"https:\/\/lezajsk.przemyska.pl\/index.php?rest_route=\/wp\/v2\/users\/5"}],"replies":[{"embeddable":true,"href":"https:\/\/lezajsk.przemyska.pl\/index.php?rest_route=%2Fwp%2Fv2%2Fcomments&post=7206"}],"version-history":[{"count":1,"href":"https:\/\/lezajsk.przemyska.pl\/index.php?rest_route=\/wp\/v2\/posts\/7206\/revisions"}],"predecessor-version":[{"id":7208,"href":"https:\/\/lezajsk.przemyska.pl\/index.php?rest_route=\/wp\/v2\/posts\/7206\/revisions\/7208"}],"wp:featuredmedia":[{"embeddable":true,"href":"https:\/\/lezajsk.przemyska.pl\/index.php?rest_route=\/wp\/v2\/media\/7207"}],"wp:attachment":[{"href":"https:\/\/lezajsk.przemyska.pl\/index.php?rest_route=%2Fwp%2Fv2%2Fmedia&parent=7206"}],"wp:term":[{"taxonomy":"category","embeddable":true,"href":"https:\/\/lezajsk.przemyska.pl\/index.php?rest_route=%2Fwp%2Fv2%2Fcategories&post=7206"},{"taxonomy":"post_tag","embeddable":true,"href":"https:\/\/lezajsk.przemyska.pl\/index.php?rest_route=%2Fwp%2Fv2%2Ftags&post=7206"}],"curies":[{"name":"wp","href":"https:\/\/api.w.org\/{rel}","templated":true}]}}