
{"id":6776,"date":"2018-06-16T23:03:47","date_gmt":"2018-06-16T21:03:47","guid":{"rendered":"http:\/\/lezajsk.przemyska.pl\/?p=6776"},"modified":"2018-06-16T23:03:47","modified_gmt":"2018-06-16T21:03:47","slug":"xi-niedziela-zwykla-17-06-2018-r","status":"publish","type":"post","link":"https:\/\/lezajsk.przemyska.pl\/?p=6776","title":{"rendered":"XI Niedziela zwyk\u0142a (17.06.2018 r.)"},"content":{"rendered":"<ol>\n<li>Dzi\u015b wieczorem zapraszamy jeszcze na <strong>nabo\u017ce\u0144stwo do Serca Pana Jezusa <\/strong>o godz. 17.30 a\u00a0po nim Msza \u015bw. wieczorna.<\/li>\n<li>We wtorek, kolejne <strong>spotkanie Akcji Katolickiej<\/strong>, na kt\u00f3re wszystkich cz\u0142onk\u00f3w, kandydat\u00f3w jak i sympatyk\u00f3w serdecznie zapraszamy.<\/li>\n<li>W pi\u0105tek <strong>zako\u0144czenie roku szkolnego<\/strong>. Msza \u015bw. dzi\u0119kczynna na zako\u0144czeniu roku pracy dla <strong>Zespo\u0142u Szk\u00f3\u0142 Licealnych o godz. 8.00<\/strong> a dla <strong>Szk\u00f3\u0142 Podstawowych i\u00a0Gimnazjum o godz. 9.00<\/strong> w ko\u015bciele farnym. Mo\u017cliwo\u015b\u0107 spowiedzi dla dzieci i\u00a0m\u0142odzie\u017cy codziennie w czasie ka\u017cdej Mszy \u015bw.<\/li>\n<li>W sobot\u0119 na Msz\u0119 \u015bw. o 18.00, zapraszamy wszystkie grupy duszpasterskie, na<strong> uroczyste podsumowanie i zako\u0144czenie roku formacji<\/strong>. Przedstawicieli wszystkich grup prosimy o zg\u0142aszenie si\u0119 do ks. Piotra, celem przygotowania liturgii.<\/li>\n<li>Za tydzie\u0144, w niedziel\u0119 uroczysto\u015b\u0107<strong> Narodzenia \u015bw. Jana Chrzciciela<\/strong>.<\/li>\n<li>Tak\u017ce w niedziel\u0119 24 czerwca, <strong>na Msz\u0119 \u015bw. o godz. 16.00 i spotkanie przedpielgrzymkowe zapraszamy wszystkich wybieraj\u0105cych si\u0119 pieszo na Jasn\u0105 G\u00f3r\u0119 w grupie b\u0142. Marii<\/strong>. W\u00a0dalszym ci\u0105gu zapraszamy do wsp\u00f3lnego pielgrzymowania a tych wszystkich, kt\u00f3rzy nie mog\u0105 osobi\u015bcie pielgrzymowa\u0107, zapraszamy do tzw. pielgrzymowania duchowego. <strong>Karty duchowego pielgrzymowania<\/strong> s\u0105 wy\u0142o\u017cone na o\u0142tarzach, kt\u00f3re po wype\u0142nieniu prosimy sk\u0142ada\u0107 do specjalnej skrzynki.<\/li>\n<li><strong>Duszpasterstwo Nauczycieli<\/strong> zaprasza wszystkich nauczycieli i wychowawc\u00f3w z\u00a0rejonu le\u017cajskiego do udzia\u0142u w <strong>pielgrzymce na Jasn\u0105 G\u00f3r\u0119<\/strong> w dniach 1-2 lipca. Zapisy u ks. Dariusza a szczeg\u00f3\u0142y na plakacie.<\/li>\n<li>Stowarzyszenie Misyjno \u2013 Charytatywne Missio Misericordiae zaprasza na <strong>XII Regionalny Kongres Misyjny, <\/strong>kt\u00f3ry tym razem odb\u0119dzie si\u0119 w parafii Zmys\u0142\u00f3wka i\u00a0Cha\u0142upki D\u0119bnia\u0144skie. Szczeg\u00f3\u0142y na plakacie.<\/li>\n<li><strong>W Siewcy<\/strong> do nabycia prasa i publikacje katolickie<strong>. <\/strong><\/li>\n<\/ol>\n<p><strong><u>Intencje zbiorowe: <\/u><\/strong><\/p>\n<ul>\n<li>W intencji dzieci i m\u0142odzie\u017cy z ul. Moniuszki, Bocznej Moniuszki i s\u0105siednich \u2013 poniedzia\u0142ek, godz. 6.30.<\/li>\n<li>Za dusze w czy\u015b\u0107cu cierpi\u0105ce \u2013 intencja od Apostolskiego Dzie\u0142a Pomocy dla Czy\u015b\u0107ca \u2013 poniedzia\u0142ek \u2013 godz. 7.00.<\/li>\n<li>Za \u015bp. Danut\u0119 Romanowsk\u0105 \u2013 intencja od kole\u017canek i koleg\u00f3w Klubu Seniora \u2013 wtorek, godz. 7.00.<\/li>\n<li>W intencji nowennowych pr\u00f3\u015bb i podzi\u0119kowa\u0144 do MB Pocieszenia \u2013 \u015broda, godz. 18.00.<\/li>\n<li>Za \u015bp. Eulali\u0119 Motor oraz za zmar\u0142ych z rodzin Si\u00f3str z R\u00f3\u017cy \u015bw. Krzysztofa \u2013 czwartek, godz. 18.00.<\/li>\n<li>W intencji wszystkich grup parafialnych z racji zako\u0144czenia roku formacji \u2013 sobota, godz. 18.00.<\/li>\n<\/ul>\n","protected":false},"excerpt":{"rendered":"<p>Dzi\u015b wieczorem zapraszamy jeszcze na nabo\u017ce\u0144stwo do Serca Pana Jezusa o godz. 17.30 a\u00a0po nim Msza \u015bw. wieczorna. We wtorek, kolejne spotkanie Akcji Katolickiej, na kt\u00f3re wszystkich cz\u0142onk\u00f3w, kandydat\u00f3w jak i sympatyk\u00f3w serdecznie zapraszamy. W pi\u0105tek zako\u0144czenie roku szkolnego. Msza \u015bw. dzi\u0119kczynna na zako\u0144czeniu roku pracy dla Zespo\u0142u Szk\u00f3\u0142 Licealnych o godz. 8.00 a dla [&hellip;]<\/p>\n","protected":false},"author":4,"featured_media":0,"comment_status":"closed","ping_status":"open","sticky":false,"template":"","format":"standard","meta":[],"categories":[5],"tags":[],"_links":{"self":[{"href":"https:\/\/lezajsk.przemyska.pl\/index.php?rest_route=\/wp\/v2\/posts\/6776"}],"collection":[{"href":"https:\/\/lezajsk.przemyska.pl\/index.php?rest_route=\/wp\/v2\/posts"}],"about":[{"href":"https:\/\/lezajsk.przemyska.pl\/index.php?rest_route=\/wp\/v2\/types\/post"}],"author":[{"embeddable":true,"href":"https:\/\/lezajsk.przemyska.pl\/index.php?rest_route=\/wp\/v2\/users\/4"}],"replies":[{"embeddable":true,"href":"https:\/\/lezajsk.przemyska.pl\/index.php?rest_route=%2Fwp%2Fv2%2Fcomments&post=6776"}],"version-history":[{"count":1,"href":"https:\/\/lezajsk.przemyska.pl\/index.php?rest_route=\/wp\/v2\/posts\/6776\/revisions"}],"predecessor-version":[{"id":6777,"href":"https:\/\/lezajsk.przemyska.pl\/index.php?rest_route=\/wp\/v2\/posts\/6776\/revisions\/6777"}],"wp:attachment":[{"href":"https:\/\/lezajsk.przemyska.pl\/index.php?rest_route=%2Fwp%2Fv2%2Fmedia&parent=6776"}],"wp:term":[{"taxonomy":"category","embeddable":true,"href":"https:\/\/lezajsk.przemyska.pl\/index.php?rest_route=%2Fwp%2Fv2%2Fcategories&post=6776"},{"taxonomy":"post_tag","embeddable":true,"href":"https:\/\/lezajsk.przemyska.pl\/index.php?rest_route=%2Fwp%2Fv2%2Ftags&post=6776"}],"curies":[{"name":"wp","href":"https:\/\/api.w.org\/{rel}","templated":true}]}}