
{"id":6403,"date":"2018-05-23T09:20:12","date_gmt":"2018-05-23T07:20:12","guid":{"rendered":"http:\/\/lezajsk.przemyska.pl\/?p=6403"},"modified":"2018-05-23T09:25:07","modified_gmt":"2018-05-23T07:25:07","slug":"zapraszamy-na-uroczysta-msze-odpustowa-niedziela-trojcy-swietej-godz-11-30","status":"publish","type":"post","link":"https:\/\/lezajsk.przemyska.pl\/?p=6403","title":{"rendered":"ZAPRASZAMY na Msz\u0119 Odpustow\u0105 &#8211; Niedziela Tr\u00f3jcy \u015awi\u0119tej, godz. 11.30"},"content":{"rendered":"<p style=\"text-align: center;\"><strong>Uroczysto\u015b\u0107 Tr\u00f3jcy \u015awi\u0119tej &#8211; nasze parafialne \u015bwi\u0119to&#8230;<\/strong><\/p>\n<p>W czasach dewaluacji wielu zwyczaj\u00f3w, kt\u00f3re ongi\u015b by\u0142y bardzo \u017cywe, warto zastanowi\u0107 si\u0119 jakie jest znaczenie odpustu parafialnego.<br \/>\nOdpust parafialny jest doroczn\u0105 uroczysto\u015bci\u0105 rodziny parafialnej zwi\u0105zan\u0105 ze \u015bwi\u0119tem patronalnym parafii lub ko\u015bcio\u0142a.<strong>\u00a0Dzie\u0144 odpustu jest zwi\u0105zany z mo\u017cliwo\u015bci\u0105 uzyskania daru duchowego jakim jest odpust zupe\u0142ny czyli darowanie wszystkich kar doczesnych za pope\u0142nione grzechy.<\/strong>\u00a0Przez grzech bowiem zaci\u0105gamy win\u0119 wobec Boga i ponosimy kar\u0119, kt\u00f3ra ma pom\u00f3c przezwyci\u0119\u017cy\u0107 z\u0142o jaki grzech w nas posia\u0142 i wyrz\u0105dzi\u0142.. Kar\u0119 mo\u017cna odpokutowa\u0107 w doczesno\u015bci np. przez uczynki pokutne, uczynki mi\u0142osierdzia, inne dobre uczynki czy modlitwy. Ko\u015bci\u00f3\u0142 daj\u0105c mo\u017cliwo\u015b\u0107 zyskania w uroczysto\u015b\u0107 odpustow\u0105 odpust zupe\u0142ny, wyznacza warunki jakie trzeba spe\u0142ni\u0107 do jego zyskania. Zwyczajne warunki do spowied\u017a sakramentalna, ( mo\u017ce by\u0107 w okolicy odpustu, a nie w sam dzie\u0144). Komunia \u015bwi\u0119ta, wolno\u015b\u0107 od przywi\u0105zania do jakiegokolwiek grzechu oraz odm\u00f3wienie modlitw: Ojcze nasz, Wierz\u0119\u2026 i dowoln\u0105 modlitw\u0119 w intencjach Ojca \u015awi\u0119tego. Mo\u017cliwo\u015b\u0107 zyskania odpustu sprawia\u0142a, \u017ce na odpust \u015bci\u0105ga\u0142a cala okolica, a dla rodziny odpust by\u0142 okazj\u0105 do spotkania wielu pokole\u0144. Centralnym wydarzeniem jest suma odpustowa, kt\u00f3r\u0105 prowadzi\u0142 specjalnie zaproszony kap\u0142an, a kazania odpustowe g\u0142osi\u0142 te\u017c kaznodzieja na t\u0119 okoliczno\u015b\u0107 zaproszony.\u00a0<strong>Chciejmy g\u0142\u0119boko duchowo prze\u017cy\u0107 ten czas \u0142aski dany nam przez Boga.\u00a0<\/strong><\/p>\n<p style=\"text-align: center;\"><strong>Suma odpustowa o godzinie 11.30,\u00a0a przewodniczy\u0142 jej b\u0119dzie nasz rodak o. Wiktoryn Krysa \u2013 Bernardyn.<\/strong><\/p>\n","protected":false},"excerpt":{"rendered":"<p>Uroczysto\u015b\u0107 Tr\u00f3jcy \u015awi\u0119tej &#8211; nasze parafialne \u015bwi\u0119to&#8230; W czasach dewaluacji wielu zwyczaj\u00f3w, kt\u00f3re ongi\u015b by\u0142y bardzo \u017cywe, warto zastanowi\u0107 si\u0119 jakie jest znaczenie odpustu parafialnego. Odpust parafialny jest doroczn\u0105 uroczysto\u015bci\u0105 rodziny parafialnej zwi\u0105zan\u0105 ze \u015bwi\u0119tem patronalnym parafii lub ko\u015bcio\u0142a.\u00a0Dzie\u0144 odpustu jest zwi\u0105zany z mo\u017cliwo\u015bci\u0105 uzyskania daru duchowego jakim jest odpust zupe\u0142ny czyli darowanie wszystkich kar [&hellip;]<\/p>\n","protected":false},"author":5,"featured_media":6404,"comment_status":"closed","ping_status":"open","sticky":false,"template":"","format":"standard","meta":[],"categories":[4],"tags":[],"_links":{"self":[{"href":"https:\/\/lezajsk.przemyska.pl\/index.php?rest_route=\/wp\/v2\/posts\/6403"}],"collection":[{"href":"https:\/\/lezajsk.przemyska.pl\/index.php?rest_route=\/wp\/v2\/posts"}],"about":[{"href":"https:\/\/lezajsk.przemyska.pl\/index.php?rest_route=\/wp\/v2\/types\/post"}],"author":[{"embeddable":true,"href":"https:\/\/lezajsk.przemyska.pl\/index.php?rest_route=\/wp\/v2\/users\/5"}],"replies":[{"embeddable":true,"href":"https:\/\/lezajsk.przemyska.pl\/index.php?rest_route=%2Fwp%2Fv2%2Fcomments&post=6403"}],"version-history":[{"count":5,"href":"https:\/\/lezajsk.przemyska.pl\/index.php?rest_route=\/wp\/v2\/posts\/6403\/revisions"}],"predecessor-version":[{"id":6409,"href":"https:\/\/lezajsk.przemyska.pl\/index.php?rest_route=\/wp\/v2\/posts\/6403\/revisions\/6409"}],"wp:featuredmedia":[{"embeddable":true,"href":"https:\/\/lezajsk.przemyska.pl\/index.php?rest_route=\/wp\/v2\/media\/6404"}],"wp:attachment":[{"href":"https:\/\/lezajsk.przemyska.pl\/index.php?rest_route=%2Fwp%2Fv2%2Fmedia&parent=6403"}],"wp:term":[{"taxonomy":"category","embeddable":true,"href":"https:\/\/lezajsk.przemyska.pl\/index.php?rest_route=%2Fwp%2Fv2%2Fcategories&post=6403"},{"taxonomy":"post_tag","embeddable":true,"href":"https:\/\/lezajsk.przemyska.pl\/index.php?rest_route=%2Fwp%2Fv2%2Ftags&post=6403"}],"curies":[{"name":"wp","href":"https:\/\/api.w.org\/{rel}","templated":true}]}}