
{"id":6180,"date":"2018-04-15T10:34:40","date_gmt":"2018-04-15T08:34:40","guid":{"rendered":"http:\/\/lezajsk.przemyska.pl\/?p=6180"},"modified":"2018-04-17T08:11:19","modified_gmt":"2018-04-17T06:11:19","slug":"22-kwietnia-2018-wieczor-uwielbienia-godz-19-00","status":"publish","type":"post","link":"https:\/\/lezajsk.przemyska.pl\/?p=6180","title":{"rendered":"22 Kwietnia 2018 &#8211; WIECZ\u00d3R UWIELBIENIA &#8211; w Imi\u0119 Jezusa, godz. 19.00"},"content":{"rendered":"<p style=\"text-align: center;\"><img loading=\"lazy\" class=\"alignnone size-medium wp-image-6187\" src=\"https:\/\/lezajsk.przemyska.pl\/wp-content\/uploads\/2018\/04\/baner_rf-640x87.jpg\" alt=\"\" width=\"640\" height=\"87\" srcset=\"https:\/\/lezajsk.przemyska.pl\/wp-content\/uploads\/2018\/04\/baner_rf-640x87.jpg 640w, https:\/\/lezajsk.przemyska.pl\/wp-content\/uploads\/2018\/04\/baner_rf-768x104.jpg 768w, https:\/\/lezajsk.przemyska.pl\/wp-content\/uploads\/2018\/04\/baner_rf-600x81.jpg 600w, https:\/\/lezajsk.przemyska.pl\/wp-content\/uploads\/2018\/04\/baner_rf.jpg 1180w\" sizes=\"(max-width: 640px) 100vw, 640px\" \/>W niedziel\u0119 <strong>\u00a022 kwietnia 2018 roku<\/strong>\u00a0zapraszamy na Wiecz\u00f3r Uwielbienia, przygotowany przez\u00a0 ks. Kamila i grup\u0119 modlitewn\u0105 oraz grup\u0119 b\u0142. Marii Led\u00f3chowskiej i Pielgrzym\u00f3w Duchowych Przemyskiej Pieszej Pielgrzymki na Jasn\u0105 G\u00f3r\u0119 z ko\u015bcio\u0142a\u00a0<strong>pw. \u015awi\u0119tej Tr\u00f3jcy w Le\u017cajsku (Fara)<\/strong>.<\/p>\n<p style=\"text-align: center;\">Ca\u0142o\u015b\u0107 b\u0119dzie transmitowana przez Archidiecezjalne Radio Fara.<\/p>\n<p>&nbsp;<\/p>\n","protected":false},"excerpt":{"rendered":"<p>W niedziel\u0119 \u00a022 kwietnia 2018 roku\u00a0zapraszamy na Wiecz\u00f3r Uwielbienia, przygotowany przez\u00a0 ks. Kamila i grup\u0119 modlitewn\u0105 oraz grup\u0119 b\u0142. Marii Led\u00f3chowskiej i Pielgrzym\u00f3w Duchowych Przemyskiej Pieszej Pielgrzymki na Jasn\u0105 G\u00f3r\u0119 z ko\u015bcio\u0142a\u00a0pw. \u015awi\u0119tej Tr\u00f3jcy w Le\u017cajsku (Fara). Ca\u0142o\u015b\u0107 b\u0119dzie transmitowana przez Archidiecezjalne Radio Fara. &nbsp;<\/p>\n","protected":false},"author":5,"featured_media":6179,"comment_status":"closed","ping_status":"open","sticky":false,"template":"","format":"standard","meta":[],"categories":[4],"tags":[],"_links":{"self":[{"href":"https:\/\/lezajsk.przemyska.pl\/index.php?rest_route=\/wp\/v2\/posts\/6180"}],"collection":[{"href":"https:\/\/lezajsk.przemyska.pl\/index.php?rest_route=\/wp\/v2\/posts"}],"about":[{"href":"https:\/\/lezajsk.przemyska.pl\/index.php?rest_route=\/wp\/v2\/types\/post"}],"author":[{"embeddable":true,"href":"https:\/\/lezajsk.przemyska.pl\/index.php?rest_route=\/wp\/v2\/users\/5"}],"replies":[{"embeddable":true,"href":"https:\/\/lezajsk.przemyska.pl\/index.php?rest_route=%2Fwp%2Fv2%2Fcomments&post=6180"}],"version-history":[{"count":5,"href":"https:\/\/lezajsk.przemyska.pl\/index.php?rest_route=\/wp\/v2\/posts\/6180\/revisions"}],"predecessor-version":[{"id":6188,"href":"https:\/\/lezajsk.przemyska.pl\/index.php?rest_route=\/wp\/v2\/posts\/6180\/revisions\/6188"}],"wp:featuredmedia":[{"embeddable":true,"href":"https:\/\/lezajsk.przemyska.pl\/index.php?rest_route=\/wp\/v2\/media\/6179"}],"wp:attachment":[{"href":"https:\/\/lezajsk.przemyska.pl\/index.php?rest_route=%2Fwp%2Fv2%2Fmedia&parent=6180"}],"wp:term":[{"taxonomy":"category","embeddable":true,"href":"https:\/\/lezajsk.przemyska.pl\/index.php?rest_route=%2Fwp%2Fv2%2Fcategories&post=6180"},{"taxonomy":"post_tag","embeddable":true,"href":"https:\/\/lezajsk.przemyska.pl\/index.php?rest_route=%2Fwp%2Fv2%2Ftags&post=6180"}],"curies":[{"name":"wp","href":"https:\/\/api.w.org\/{rel}","templated":true}]}}