
{"id":6068,"date":"2018-04-07T21:41:35","date_gmt":"2018-04-07T19:41:35","guid":{"rendered":"http:\/\/lezajsk.przemyska.pl\/?p=6068"},"modified":"2018-04-07T21:41:35","modified_gmt":"2018-04-07T19:41:35","slug":"ii-niedziela-wielkanocna-swieto-bozego-milosierdzia-08-04-2018-r","status":"publish","type":"post","link":"https:\/\/lezajsk.przemyska.pl\/?p=6068","title":{"rendered":"II Niedziela wielkanocna &#8211; \u015awi\u0119to Bo\u017cego Mi\u0142osierdzia (08.04.2018 r.)"},"content":{"rendered":"<ol>\n<li>Dzi\u015b z racji <strong>Niedzieli Mi\u0142osierdzia Bo\u017cego,<\/strong> po ka\u017cdej Mszy \u015bw. odm\u00f3wimy wsp\u00f3lnie Koronk\u0119 do Bo\u017cego Mi\u0142osierdzia. Popo\u0142udniu koronka w ko\u015bciele Jezusa Mi\u0142osiernego <strong>w Godzinie Mi\u0142osierdzia tj. o godz. 15.00<\/strong> i wieczorem <strong>w Farze o godz. 17.30<\/strong>. Przypominamy, \u017ce wierni w Polsce codziennie mog\u0105 zyskiwa\u0107 <strong>odpust zupe\u0142ny<\/strong> za pobo\u017cne odm\u00f3wienie koronki do Bo\u017cego Mi\u0142osierdzia przed Naj\u015bwi\u0119tszym Sakramentem w ko\u015bciele. Chorzy oczywi\u015bcie mog\u0105 zyskiwa\u0107 ten odpust w domu.<\/li>\n<li>Dzi\u015b tak\u017ce rozpoczyna si\u0119 kolejny <strong>Tydzie\u0144 Mi\u0142osierdzia<\/strong>. Niech b\u0119dzie to dla nas wszystkich okazja do podj\u0119cia refleksji nad nasz\u0105 relacj\u0105 do bli\u017aniego, zw\u0142aszcza tego b\u0119d\u0105cego w wi\u0119kszej potrzebie. Z tej te\u017c okazji dzi\u015b po ka\u017cdej Mszy \u015bw. <strong>zbi\u00f3rka do puszek Caritas z przeznaczeniem na pomoc potrzebuj\u0105cym<\/strong>.<\/li>\n<li>Jutro liturgiczna <strong>uroczysto\u015b\u0107 Zwiastowania Pa\u0144skiego, <\/strong>przeniesiona z Wielkiego Tygodnia. Zapraszamy do liczniejszego udzia\u0142u we Mszy \u015bw. i uczczenia Matki Naj\u015bwi\u0119tszej. W czasie wieczornej Mszy \u015bw. b\u0119dzie mo\u017cna <strong>przyj\u0105\u0107 Szkaplerz NMP<\/strong> a\u00a0tak\u017ce z\u0142o\u017cy\u0107 <strong>deklaracje duchowej adopcji dziecka pocz\u0119tego<\/strong>. Formularze s\u0105 wy\u0142o\u017cone na o\u0142tarzach.<\/li>\n<li>We wtorek <strong>o godz. 15.30<\/strong> <strong>zbi\u00f3rka <\/strong>ministrant\u00f3w i lektor\u00f3w.<\/li>\n<li>Tak\u017ce we wtorek po Mszy \u015bw. spotkanie <strong>Stra\u017cy Honorowej NSPJ<\/strong>.<\/li>\n<li>W \u015brod\u0119 spotkanie <strong>Wsp\u00f3lnoty Szkaplerza \u015awi\u0119tego.<\/strong><\/li>\n<li>Spotkanie<strong> R\u00f3\u017c \u017bywego R\u00f3\u017ca\u0144ca, Apostolskiego Dzie\u0142a Pomocy dla Czy\u015b\u0107ca oraz Dzie\u0142o Pomocy Powo\u0142aniom, <\/strong>tym razem wyj\u0105tkowo w czwartek po Mszy \u015bw. wieczornej.<\/li>\n<li>Za tydzie\u0144 <strong>Niedziela Biblijna<\/strong>, rozpoczynaj\u0105ca <strong>Og\u00f3lnopolski Tydzie\u0144 Biblijny<\/strong>.<\/li>\n<li><strong>Skarbonki Caritas z ja\u0142mu\u017cn\u0105 wielkopostn\u0105<\/strong> mo\u017cna sk\u0142ada\u0107 na o\u0142tarzu lub w\u00a0zakrystii a\u00a0w razie potrzeby b\u0119dzie to mo\u017cna uczyni\u0107 to tak\u017ce w przysz\u0142\u0105 niedziel\u0119.<\/li>\n<li><strong>W Siewcy<\/strong> do nabycia prasa i publikacje katolickie.<\/li>\n<li>Dzieci zapraszamy do stopni o\u0142tarza po<strong> indywidualne b\u0142ogos\u0142awie\u0144stwo.<\/strong><\/li>\n<\/ol>\n<p><strong><u>Intencje zbiorowe: <\/u><\/strong><\/p>\n<ul>\n<li>Za \u015bp. Stanis\u0142awa Gdul\u0119 \u2013 intencja od s\u0105siad\u00f3w z klatki bloku przy ul. Mickiewicza 57 \u2013 poniedzia\u0142ek, godz. 7.00 i \u015broda, godz. 18.00.<\/li>\n<li>Z intencji Bractwa Szkaplerza \u015awi\u0119tego \u2013 poniedzia\u0142ek, godz. 18.00.<\/li>\n<li>Za \u015bp. Rudolfa Manieckiego \u2013 intencja od przyjaci\u00f3\u0142 Basi i Adama \u2013 \u015broda, czwartek i\u00a0pi\u0105tek, godz. 6.30.<\/li>\n<li>Za \u015bp. Jana Bigosa \u2013 intencja od s\u0105siad\u00f3w z bloku przy ul. Kopernika 2 \u2013 \u015broda, godz. 6.30.<\/li>\n<li>Za dusze w czy\u015b\u0107cu cierpi\u0105ce \u2013 intencja od Apostolskiego Dzie\u0142a Pomocy dla Czy\u015b\u0107ca \u2013 czwartek, godz. 6.30.<\/li>\n<li>Z intencji Ko\u0142a Przyjaci\u00f3\u0142 Radia Maryja \u2013 pi\u0105tek, godz. 18.00.<\/li>\n<li>Za \u015bp. Michalin\u0119 Ra\u017anikiewicz \u2013 intencja od koleg\u00f3w i kole\u017canek z Zak\u0142adu Diagnostyki Obrazowej \u2013 sobota, godz. 6.30.<\/li>\n<\/ul>\n<p>W ostatnim tygodniu odeszli od nas do wieczno\u015bci <strong>\u015bp. Tadeusz Stolarz i Jerzy Cagara <\/strong>z ul. Kopernika \u2013 wieczny odpoczynek \u2026..<\/p>\n","protected":false},"excerpt":{"rendered":"<p>Dzi\u015b z racji Niedzieli Mi\u0142osierdzia Bo\u017cego, po ka\u017cdej Mszy \u015bw. odm\u00f3wimy wsp\u00f3lnie Koronk\u0119 do Bo\u017cego Mi\u0142osierdzia. Popo\u0142udniu koronka w ko\u015bciele Jezusa Mi\u0142osiernego w Godzinie Mi\u0142osierdzia tj. o godz. 15.00 i wieczorem w Farze o godz. 17.30. Przypominamy, \u017ce wierni w Polsce codziennie mog\u0105 zyskiwa\u0107 odpust zupe\u0142ny za pobo\u017cne odm\u00f3wienie koronki do Bo\u017cego Mi\u0142osierdzia przed Naj\u015bwi\u0119tszym [&hellip;]<\/p>\n","protected":false},"author":4,"featured_media":0,"comment_status":"closed","ping_status":"open","sticky":false,"template":"","format":"standard","meta":[],"categories":[5],"tags":[],"_links":{"self":[{"href":"https:\/\/lezajsk.przemyska.pl\/index.php?rest_route=\/wp\/v2\/posts\/6068"}],"collection":[{"href":"https:\/\/lezajsk.przemyska.pl\/index.php?rest_route=\/wp\/v2\/posts"}],"about":[{"href":"https:\/\/lezajsk.przemyska.pl\/index.php?rest_route=\/wp\/v2\/types\/post"}],"author":[{"embeddable":true,"href":"https:\/\/lezajsk.przemyska.pl\/index.php?rest_route=\/wp\/v2\/users\/4"}],"replies":[{"embeddable":true,"href":"https:\/\/lezajsk.przemyska.pl\/index.php?rest_route=%2Fwp%2Fv2%2Fcomments&post=6068"}],"version-history":[{"count":1,"href":"https:\/\/lezajsk.przemyska.pl\/index.php?rest_route=\/wp\/v2\/posts\/6068\/revisions"}],"predecessor-version":[{"id":6069,"href":"https:\/\/lezajsk.przemyska.pl\/index.php?rest_route=\/wp\/v2\/posts\/6068\/revisions\/6069"}],"wp:attachment":[{"href":"https:\/\/lezajsk.przemyska.pl\/index.php?rest_route=%2Fwp%2Fv2%2Fmedia&parent=6068"}],"wp:term":[{"taxonomy":"category","embeddable":true,"href":"https:\/\/lezajsk.przemyska.pl\/index.php?rest_route=%2Fwp%2Fv2%2Fcategories&post=6068"},{"taxonomy":"post_tag","embeddable":true,"href":"https:\/\/lezajsk.przemyska.pl\/index.php?rest_route=%2Fwp%2Fv2%2Ftags&post=6068"}],"curies":[{"name":"wp","href":"https:\/\/api.w.org\/{rel}","templated":true}]}}