
{"id":6063,"date":"2018-04-01T22:32:32","date_gmt":"2018-04-01T20:32:32","guid":{"rendered":"http:\/\/lezajsk.przemyska.pl\/?p=6063"},"modified":"2018-04-02T19:07:28","modified_gmt":"2018-04-02T17:07:28","slug":"poniedzialek-wielkanocny-02-01-2018-r","status":"publish","type":"post","link":"https:\/\/lezajsk.przemyska.pl\/?p=6063","title":{"rendered":"Poniedzia\u0142ek Wielkanocny (02.04.2018 r.)"},"content":{"rendered":"<ol>\n<li>Rozpoczynamy tzw. <strong>\u201eBia\u0142y Tydzie\u0144\u201d \u2013 oktaw\u0119 Wielkanocy<\/strong>, kt\u00f3ra jest przed\u0142u\u017ceniem \u015bwi\u0119towania pami\u0105tki Zmartwychwstania Pana Jezusa na ca\u0142y tydzie\u0144, dlatego <strong>w\u00a0najbli\u017cszy pi\u0105tek nie obowi\u0105zuje wstrzemi\u0119\u017aliwo\u015b\u0107 od pokarm\u00f3w mi\u0119snych<\/strong>.<\/li>\n<li>W tym tygodniu przypada<strong> I czwartek, pi\u0105tek i I sobota miesi\u0105ca.<\/strong> Adoracja Naj\u015bwi\u0119tszego Sakramentu po Mszy \u015bw. zar\u00f3wno w czwartek jak i w pi\u0105tek do godz. 20.00. <strong>Spowied\u017a w pi\u0105tek od godz. 17.00<\/strong>.<\/li>\n<li>W pi\u0105tek 6 kwietnia, b\u0119dziemy go\u015bci\u0107 w naszym ko\u015bciele <strong>ameryka\u0144sk\u0105\u00a0delegacj\u0119 z Waszyngtonu, kt\u00f3rej towarzyszy\u0107 b\u0119d\u0105 przedstawiciele polskiego rz\u0105du.\u00a0<\/strong>Go\u015bcie, kt\u00f3rzy wcze\u015bniej odwiedz\u0105 m.in. nasze liceum, b\u0119d\u0105 uczestniczy\u0107 w okoliczno\u015bciowej <strong>Mszy \u015bw. o godz. 12.30<\/strong>, sprawowanej w ich intencji a odprawi j\u0105 <strong>abp senior J\u00f3zef Michalik<\/strong>. Serdecznie zapraszamy.<\/li>\n<li>W sobot\u0119 na godz. 17.00 zapraszamy na kolejne <strong>nabo\u017ce\u0144stwo I soboty<\/strong>, wynagradzaj\u0105ce Niepokalanemu Sercu NMP, po\u0142\u0105czone z modlitw\u0105 r\u00f3\u017ca\u0144cow\u0105.<\/li>\n<li>Najbli\u017csza niedziela, to <strong>Niedziela Mi\u0142osierdzia Bo\u017cego<\/strong> i z tej okazji za tydzie\u0144 po ka\u017cdej Mszy \u015bw. odm\u00f3wimy <strong>Koronk\u0119 do Bo\u017cego Mi\u0142osierdzia<\/strong>. Ponadto, w\u00a0ko\u015bciele Jezusa Mi\u0142osiernego, odm\u00f3wimy Koronk\u0119 do Bo\u017cego Mi\u0142osierdzia o\u00a0godz. 15.00. <strong>Przypominamy, \u017ce nowenna przed \u015bwi\u0119tem Mi\u0142osierdzia Bo\u017cego jest odprawiana codziennie o godz. 17.30.<\/strong><\/li>\n<li>Tak\u017ce w Niedziel\u0119 Bo\u017cego Mi\u0142osierdzia rozpocznie si\u0119 kolejny <strong>Tydzie\u0144 Mi\u0142osierdzia<\/strong>. Z tej okazji za tydzie\u0144 po ka\u017cdej Mszy \u015bw. <strong>zbi\u00f3rka do puszek z przeznaczeniem na potrzeby Caritas. <\/strong>O przeprowadzenie tej\u017ce zbi\u00f3rki prosimy Akcj\u0119 Katolick\u0105.<\/li>\n<li><strong>W Niedziel\u0119 Mi\u0142osierdzia<\/strong>, my jako parafia, Burmistrz, Starosta Le\u017cajski i Dyrekcja Muzeum, zapraszamy wszystkich parafian i go\u015bci na wydarzenie <strong> \u201eTurki id\u0105\u201d, kt\u00f3re rozpocznie si\u0119 Msz\u0105 \u015bw. o godz. 11.30 w Farze<\/strong>, w czasie kt\u00f3rej zaprezentuj\u0105 si\u0119 <strong>Stra\u017ce Grobowe z Gminy Try\u0144cza oddzia\u0142 z Jagie\u0142\u0142y<\/strong>, a po Mszy \u015bw. przemarsz defiladowy pod budynek Muzeum a tam pokaz musztry i inne atrakcje. Serdecznie zapraszamy.<\/li>\n<li>Wszyscy Ci, kt\u00f3rzy przez okres Wielkiego Postu oszcz\u0119dzali pieni\u0105\u017cki do specjalnych <strong>skarbonek Caritas, <\/strong>prosimy, aby przynie\u015bli je w najbli\u017csz\u0105 niedziel\u0119 i z\u0142o\u017cyli jako dar ofiarny w czasie dowolnej Mszy \u015bw.<\/li>\n<li>W imieniu obdarowanych rodzin, sk\u0142adamy serdeczne <strong>podzi\u0119kowanie<\/strong> tym wszystkim, kt\u00f3rzy podzielili si\u0119 <strong>darami na st\u00f3\u0142 wielkanocny<\/strong>.<\/li>\n<li>Dzisiejsza taca mszalna przeznaczana jest na <strong>Seminarium Duchowne w Przemy\u015blu<\/strong> za\u015b za tydzie\u0144 w\u00a0<strong>drug\u0105 niedziel\u0119<\/strong> miesi\u0105ca, wszystkie z\u0142o\u017cone na tac\u0119 ofiary b\u0119d\u0105 przeznaczone na planowane w tym roku prace remontowe przy naszej parafii. W czasie ostatniej zbi\u00f3rki, zebrano \u0142\u0105cznie z\u00a0wp\u0142atami na konto <strong>kwot\u0119: 17 279 z\u0142.<\/strong> Tak wi\u0119c uwzgl\u0119dniaj\u0105c ostatni\u0105 sk\u0142adk\u0119, mamy na naszym koncie inwestycyjnym <strong>321 ty\u015b. z\u0142<\/strong>. Jest to ju\u017c niew\u0105tpliwie kwota poka\u017ana, ale przypominamy, o czym szczeg\u00f3\u0142owo pisali\u015bmy w\u00a0ostatnim numerze Siewcy, \u017ce planowane koszty prac remontowych przy ko\u015bciele Jezusa Mi\u0142osiernego to oko\u0142o 700 ty\u015b. Mamy nadziej\u0119, \u017ce wraz z dotacjami na kt\u00f3re liczymy, podo\u0142amy wyzwaniu. Wszystkim darczy\u0144com za ka\u017cd\u0105 przekazan\u0105 z\u0142ot\u00f3wk\u0119, za \u017cyczliwo\u015b\u0107 i zrozumienie sk\u0142adamy serdeczne B\u00f3g zap\u0142a\u0107.<\/li>\n<li><strong>W Siewcy<\/strong> przed po\u0142udniem do nabycia prasa i publikacje katolickie.<\/li>\n<\/ol>\n<p><strong><u>Intencje zbiorowe: <\/u><\/strong><\/p>\n<ul>\n<li>Za \u015bp. Mari\u0119 Kie\u0142bowicz \u2013 intencja od samorz\u0105du uczniowskiego Specjalnego O\u015brodka Szkolno &#8211; Wychowawczego w Le\u017cajsku \u2013 wtorek, godz. 18.00 (poza parafi\u0105).<\/li>\n<li>Za \u015bp. Jerzego Kosmal\u0119 \u2013 intencja od Zarz\u0105du i Cz\u0142onk\u00f3w NSZZ Pracownik\u00f3w Hortino \u2013 \u015broda, godz. 6.30.<\/li>\n<li>W intencji nowennowych pr\u00f3\u015bb i podzi\u0119kowa\u0144 do MB Pocieszenia \u2013 \u015broda, godz. 18.00.<\/li>\n<li>Za \u015bp. Jana Bigosa \u2013 intencja od s\u0105siad\u00f3w z klatki z bloku przy ul. Kopernika 2 \u2013 pi\u0105tek, godz. 7.00.<\/li>\n<li>Z intencji Stra\u017cy Honorowej NSPJ \u2013 pi\u0105tek, godz. 18.00 i niedziela, godz. 16.00.<\/li>\n<li>Za \u015bp. Ann\u0119 Bartu\u015b \u2013 intencja od kole\u017canek i koleg\u00f3w z liceum c\u00f3rki Bo\u017ceny \u2013 sobota, godz. 18.00.<\/li>\n<li>Z intencji Bractwa Szkaplerza \u015awi\u0119tego \u2013 sobota, godz. 18.00.<\/li>\n<li>Z R\u00f3\u017cy \u015bw. \u0141ukasza \u2013 niedziela, godz. 8.30.<\/li>\n<\/ul>\n<p>W ostatnim tygodniu odesz\u0142a od nas do wieczno\u015bci <strong>\u015bp. Krystyna Sroka <\/strong>zam. ul. Braci \u015aniadeckich \u2013 wieczny odpoczynek \u2026..<\/p>\n","protected":false},"excerpt":{"rendered":"<p>Rozpoczynamy tzw. \u201eBia\u0142y Tydzie\u0144\u201d \u2013 oktaw\u0119 Wielkanocy, kt\u00f3ra jest przed\u0142u\u017ceniem \u015bwi\u0119towania pami\u0105tki Zmartwychwstania Pana Jezusa na ca\u0142y tydzie\u0144, dlatego w\u00a0najbli\u017cszy pi\u0105tek nie obowi\u0105zuje wstrzemi\u0119\u017aliwo\u015b\u0107 od pokarm\u00f3w mi\u0119snych. W tym tygodniu przypada I czwartek, pi\u0105tek i I sobota miesi\u0105ca. Adoracja Naj\u015bwi\u0119tszego Sakramentu po Mszy \u015bw. zar\u00f3wno w czwartek jak i w pi\u0105tek do godz. 20.00. Spowied\u017a [&hellip;]<\/p>\n","protected":false},"author":4,"featured_media":0,"comment_status":"closed","ping_status":"open","sticky":false,"template":"","format":"standard","meta":[],"categories":[5],"tags":[],"_links":{"self":[{"href":"https:\/\/lezajsk.przemyska.pl\/index.php?rest_route=\/wp\/v2\/posts\/6063"}],"collection":[{"href":"https:\/\/lezajsk.przemyska.pl\/index.php?rest_route=\/wp\/v2\/posts"}],"about":[{"href":"https:\/\/lezajsk.przemyska.pl\/index.php?rest_route=\/wp\/v2\/types\/post"}],"author":[{"embeddable":true,"href":"https:\/\/lezajsk.przemyska.pl\/index.php?rest_route=\/wp\/v2\/users\/4"}],"replies":[{"embeddable":true,"href":"https:\/\/lezajsk.przemyska.pl\/index.php?rest_route=%2Fwp%2Fv2%2Fcomments&post=6063"}],"version-history":[{"count":4,"href":"https:\/\/lezajsk.przemyska.pl\/index.php?rest_route=\/wp\/v2\/posts\/6063\/revisions"}],"predecessor-version":[{"id":6067,"href":"https:\/\/lezajsk.przemyska.pl\/index.php?rest_route=\/wp\/v2\/posts\/6063\/revisions\/6067"}],"wp:attachment":[{"href":"https:\/\/lezajsk.przemyska.pl\/index.php?rest_route=%2Fwp%2Fv2%2Fmedia&parent=6063"}],"wp:term":[{"taxonomy":"category","embeddable":true,"href":"https:\/\/lezajsk.przemyska.pl\/index.php?rest_route=%2Fwp%2Fv2%2Fcategories&post=6063"},{"taxonomy":"post_tag","embeddable":true,"href":"https:\/\/lezajsk.przemyska.pl\/index.php?rest_route=%2Fwp%2Fv2%2Ftags&post=6063"}],"curies":[{"name":"wp","href":"https:\/\/api.w.org\/{rel}","templated":true}]}}