
{"id":5755,"date":"2018-03-17T21:11:56","date_gmt":"2018-03-17T20:11:56","guid":{"rendered":"http:\/\/lezajsk.przemyska.pl\/?p=5755"},"modified":"2018-03-18T10:55:54","modified_gmt":"2018-03-18T09:55:54","slug":"v-niedziela-wielkiego-postu-18-03-2018-r","status":"publish","type":"post","link":"https:\/\/lezajsk.przemyska.pl\/?p=5755","title":{"rendered":"V Niedziela Wielkiego Postu (18.03.2018 r.)"},"content":{"rendered":"<ol>\n<li>Dzi\u015b zapraszamy jeszcze na nabo\u017ce\u0144stwo <strong>Gorzkich \u017bali z kazaniem pasyjnym<\/strong> w\u00a0obu ko\u015bcio\u0142ach na godz. 17.00.<\/li>\n<li>Jutro <strong>19 marca<\/strong> <strong>Uroczysto\u015b\u0107 \u015aw. J\u00f3zefa Oblubie\u0144ca NMP<\/strong>. Zapraszamy do liczniejszego uczestnictwa we Mszy \u015bw. i modlitwy w intencji ojc\u00f3w i m\u0119\u017c\u00f3w. Z\u00a0okazji imienin pami\u0119tajmy tak\u017ce w modlitwie o naszym <strong>Arcybiskupie Seniorze J\u00f3zefie Michaliku<\/strong> i\u00a0wszystkich solenizantach a zw\u0142aszcza o naszych by\u0142ych proboszczach <strong>\u015bp. ks. J\u00f3zefie Gorczycy i ks. J\u00f3zefie W\u00f3jciku.<\/strong><\/li>\n<li>Tak\u017ce jutro na Msz\u0119 \u015bw. o godz. 18.00, zapraszamy <strong>rodzic\u00f3w i dzieci z klas III, przygotowuj\u0105ce si\u0119 do przyj\u0119cia I Komunii \u015bw.<\/strong> Dzieci podczas tej Mszy \u015bw. otrzymaj\u0105 swoje po\u015bwi\u0119cone modlitewniki.<\/li>\n<li><strong>Spotkanie Akcji Katolickiej jutro po Mszy \u015bw. wieczornej, <\/strong>na kt\u00f3re wszystkich cz\u0142onk\u00f3w, kandydat\u00f3w jak i\u00a0sympatyk\u00f3w serdecznie zapraszamy.<\/li>\n<li><strong>W \u015brod\u0119 o godz. 10.30<\/strong> specjalne plenerowe nabo\u017ce\u0144stwo Drogi Krzy\u017cowej, je\u015bli pozwoli pogoda to wok\u00f3\u0142 ko\u015bcio\u0142a, prowadzone przez podopiecznych <strong>Warsztat\u00f3w Terapii Zaj\u0119ciowej<\/strong> przy naszym Caritas. Wszystkich ch\u0119tnych a zw\u0142aszcza osoby z\u00a0niepe\u0142nosprawno\u015bci\u0105 serdecznie zapraszamy.<\/li>\n<li>W pi\u0105tek <strong>Droga Krzy\u017cowa<\/strong> o godz. 7.30 rano i o 16.00 dla dzieci za\u015b <strong>o godz. 17.00 w Bazylice OO. Bernardyn\u00f3w<\/strong> rozpocznie si\u0119 Msza \u015bw. a po niej wsp\u00f3lna miejska Droga Krzy\u017cowa ulicami naszego Miasta z Klasztoru do Fary, na kt\u00f3r\u0105 wszystkich parafian serdecznie zapraszamy. W naszym ko\u015bciele b\u0119dzie Msza \u015bw. o godz. 18.00. Nie b\u0119dzie za\u015b drogi krzy\u017cowej o godz. 17.30 i 20.00.<\/li>\n<li>Tak\u017ce w pi\u0105tek w Radymnie, rozpocznie si\u0119 kolejne <strong>Spotkanie M\u0142odych Archidiecezji Przemyskiej. <\/strong>B\u0119d\u0105 w nim uczestniczy\u0107 tak\u017ce przedstawiciele naszej parafii wraz z ks. Grzegorzem. Wspierajmy ich nasz\u0105 modlitw\u0105, aby ten czas spotkania we wsp\u00f3lnocie m\u0142odych przyni\u00f3s\u0142 pi\u0119kne duchowe owoce.<\/li>\n<li>Najbli\u017csza niedziela 25 marca jest <strong>Niedziel\u0105 M\u0119ki Pa\u0144skiej<\/strong>, czyli Niedziel\u0105 Palmow\u0105. Obrz\u0119d po\u015bwi\u0119cenia palm na pocz\u0105tku ka\u017cdej Mszy \u015bw.<\/li>\n<li>W Niedziel\u0119 Palmow\u0105, opraw\u0119 muzyczna Mszy \u015bw. o godz. 11.30 zapewni <strong>Ch\u00f3r RAXAVIA z Rakszawy<\/strong>, w kt\u00f3rym m.in. \u015bpiewaj\u0105 tak\u017ce nasi parafianie. Po Mszy \u015bw. kr\u00f3tki koncert pie\u015bni pasyjnych. Serdecznie zapraszamy.<\/li>\n<li>Zgodnie ze starym zwyczajem od dzisiejszej niedzieli mo\u017cna <strong>zas\u0142oni\u0107 krzy\u017ce<\/strong>. Pozostaj\u0105 one zas\u0142oni\u0119te a\u017c do liturgii Wielkiego Pi\u0105tku.<\/li>\n<li>W Niedziel\u0119 Palmow\u0105 Warsztaty Terapii Zaj\u0119ciowej przy naszym Caritas organizuj\u0105 <strong>\u201eKiermasz \u015awi\u0105teczny\u201d.<\/strong> Sprzedawane b\u0119d\u0105 ozdoby, stroiki \u015bwi\u0105teczne i palmy wykonane przez niepe\u0142nosprawnych uczestnik\u00f3w WTZ.<\/li>\n<li>W Siewcy do nabycia prasa i publikacje katolickie<strong>. <\/strong>S\u0105 tam te\u017c specjalne <strong>baranki i\u00a0paschaliki Caritas,<\/strong> kt\u00f3re obecne na \u015bwi\u0105tecznym stole, b\u0119d\u0105 znakiem naszej solidarno\u015bci z\u00a0bardziej potrzebuj\u0105cymi. <strong>Caritas dzi\u0119kuje<\/strong>, tak\u017ce wszystkim osobom, kt\u00f3re wzi\u0119\u0142y udzia\u0142 w zbi\u00f3rce \u017cywno\u015bci na rzecz potrzebuj\u0105cych w sklepach na terenie Le\u017cajska.<\/li>\n<li><strong>Wszystkie dzieci bezpo\u015brednio<\/strong> po zako\u0144czeniu Mszy \u015bw. zapraszamy do stopni o\u0142tarza po <strong>indywidualne b\u0142ogos\u0142awie\u0144stwo<\/strong>.<\/li>\n<\/ol>\n<p><strong><u>Intencje zbiorowe: <\/u><\/strong><\/p>\n<ul>\n<li>Z R\u00f3\u017cy \u015bw. J\u00f3zefa \u2013 poniedzia\u0142ek, godz. 18.00.<\/li>\n<li>Z intencji Bractwa Szkaplerza \u015awi\u0119tego \u2013 poniedzia\u0142ek, godz. 18.00.<\/li>\n<li>Za \u015bp. Mari\u0119 Kie\u0142bowicz \u2013 intencja od dyrekcji i pracownik\u00f3w Specjalnego O\u015brodka Szkolno Wychowawczego w Le\u017cajsku \u2013 \u015broda, godz. 18.00 (poza parafi\u0105).<\/li>\n<li>W intencji nowennowych pr\u00f3\u015bb i podzi\u0119kowa\u0144 do MB Pocieszenia \u2013 \u015broda, godz. 18.00.<\/li>\n<li>Za \u015bp. Janusza Nera \u2013 intencja od pracownik\u00f3w SP nr 1 w Le\u017cajsku \u2013 \u015broda, godz. 18.00 (poza parafi\u0105).<\/li>\n<li>Za \u015bp. Ann\u0119 Bartu\u015b \u2013 intencja od pracownik\u00f3w Gimnazjum \u2013 czwartek, godz. 18.00.<\/li>\n<\/ul>\n<p>W ostatnim tygodniu odesz\u0142a od nas do wieczno\u015bci <strong>\u015bp. Bronis\u0142awa Wo\u017anica <\/strong>z\u00a0ul.\u00a0Mickiewicza \u2013 wieczny odpoczynek. \u2026..<\/p>\n","protected":false},"excerpt":{"rendered":"<p>Dzi\u015b zapraszamy jeszcze na nabo\u017ce\u0144stwo Gorzkich \u017bali z kazaniem pasyjnym w\u00a0obu ko\u015bcio\u0142ach na godz. 17.00. Jutro 19 marca Uroczysto\u015b\u0107 \u015aw. J\u00f3zefa Oblubie\u0144ca NMP. Zapraszamy do liczniejszego uczestnictwa we Mszy \u015bw. i modlitwy w intencji ojc\u00f3w i m\u0119\u017c\u00f3w. Z\u00a0okazji imienin pami\u0119tajmy tak\u017ce w modlitwie o naszym Arcybiskupie Seniorze J\u00f3zefie Michaliku i\u00a0wszystkich solenizantach a zw\u0142aszcza o naszych [&hellip;]<\/p>\n","protected":false},"author":4,"featured_media":0,"comment_status":"closed","ping_status":"open","sticky":false,"template":"","format":"standard","meta":[],"categories":[5],"tags":[],"_links":{"self":[{"href":"https:\/\/lezajsk.przemyska.pl\/index.php?rest_route=\/wp\/v2\/posts\/5755"}],"collection":[{"href":"https:\/\/lezajsk.przemyska.pl\/index.php?rest_route=\/wp\/v2\/posts"}],"about":[{"href":"https:\/\/lezajsk.przemyska.pl\/index.php?rest_route=\/wp\/v2\/types\/post"}],"author":[{"embeddable":true,"href":"https:\/\/lezajsk.przemyska.pl\/index.php?rest_route=\/wp\/v2\/users\/4"}],"replies":[{"embeddable":true,"href":"https:\/\/lezajsk.przemyska.pl\/index.php?rest_route=%2Fwp%2Fv2%2Fcomments&post=5755"}],"version-history":[{"count":2,"href":"https:\/\/lezajsk.przemyska.pl\/index.php?rest_route=\/wp\/v2\/posts\/5755\/revisions"}],"predecessor-version":[{"id":5757,"href":"https:\/\/lezajsk.przemyska.pl\/index.php?rest_route=\/wp\/v2\/posts\/5755\/revisions\/5757"}],"wp:attachment":[{"href":"https:\/\/lezajsk.przemyska.pl\/index.php?rest_route=%2Fwp%2Fv2%2Fmedia&parent=5755"}],"wp:term":[{"taxonomy":"category","embeddable":true,"href":"https:\/\/lezajsk.przemyska.pl\/index.php?rest_route=%2Fwp%2Fv2%2Fcategories&post=5755"},{"taxonomy":"post_tag","embeddable":true,"href":"https:\/\/lezajsk.przemyska.pl\/index.php?rest_route=%2Fwp%2Fv2%2Ftags&post=5755"}],"curies":[{"name":"wp","href":"https:\/\/api.w.org\/{rel}","templated":true}]}}