
{"id":5748,"date":"2018-03-10T21:40:19","date_gmt":"2018-03-10T20:40:19","guid":{"rendered":"http:\/\/lezajsk.przemyska.pl\/?p=5748"},"modified":"2018-03-11T08:33:43","modified_gmt":"2018-03-11T07:33:43","slug":"iv-niedziela-wielkiego-postu-11-03-2018-r","status":"publish","type":"post","link":"https:\/\/lezajsk.przemyska.pl\/?p=5748","title":{"rendered":"IV Niedziela Wielkiego Postu (11.03.2018 r.)"},"content":{"rendered":"<ol>\n<li>Dzi\u015b zapraszamy jeszcze na nabo\u017ce\u0144stwo <strong>Gorzkich \u017bali z kazaniem pasyjnym o\u00a0godz. 17.00 <\/strong>w obu ko\u015bcio\u0142ach<strong>.<\/strong><\/li>\n<li>Trwa <strong>nowenna przed uroczysto\u015bci\u0105 \u015bw. J\u00f3zefa. <\/strong>W niedziel\u0119 dzi\u015b i za tydzie\u0144, b\u0119dzie ona po\u0142\u0105czona z\u00a0nabo\u017ce\u0144stwem Gorzkich \u017bali a w tygodniu z wieczorn\u0105 Msz\u0105 \u015bw.<\/li>\n<li>Tak\u017ce dzi\u015b <strong>11 dnia miesi\u0105ca<\/strong> przypada kolejny dzie\u0144 wielkiej<strong> nowenny przygotowuj\u0105cej nas do Jubileuszu 100-lecia Odzyskania Niepodleg\u0142o\u015bci przez nasz\u0105 Ojczyzn\u0119.<\/strong> Nowenna ta b\u0119dzie po\u0142\u0105czona z nabo\u017ce\u0144stwem Gorzkich \u017bali.<\/li>\n<li>Jutro\u00a0przypada dzie\u0144 imienin naszego <strong>wikariusza<\/strong> <strong> Grzegorza Sochy<\/strong>. Z\u00a0tej okazji pami\u0119tajmy o Nim w naszych modlitwach.<\/li>\n<li>We wtorek <strong>nowenna do \u015bw. Antoniego<\/strong>. Pro\u015bby i podzi\u0119kowania sk\u0142adamy przy figurze \u015bwi\u0119tego a po nowennie b\u0142ogos\u0142awie\u0144stwo dzieci.<\/li>\n<li><strong>Zbi\u00f3rka ministrant\u00f3w i lektor\u00f3w<\/strong>, wtorek, godz. 15.30.<\/li>\n<li>Tak\u017ce we wtorek <strong>dzie\u0144 imienin naszej s. Bo\u017ceny<\/strong> \u2013 prze\u0142o\u017conej i dyrektorki przedszkola. Zatem z tej okazji Siostrze jak i\u00a0licznym wtedy solenizantkom, sk\u0142adamy najlepsze \u017cyczenia i obiecujemy modlitw\u0119.<\/li>\n<li>W czwartek na Msz\u0119 \u015bw. o godz. 18.00 i katechez\u0119 zapraszamy <strong>rodzic\u00f3w dzieci z klas III,<\/strong> przygotowuj\u0105cych si\u0119 do przyj\u0119cia I Komunii \u015bw.<\/li>\n<li>W pi\u0105tek nabo\u017ce\u0144stwo <strong>Drogi Krzy\u017cowej<\/strong> rano o godz.<strong>30<\/strong>, popo\u0142udniu <strong>o godz.16.00 dla dzieci a nast\u0119pnie, o godz. 17.30 i 20.00 dla m\u0142odzie\u017cy.<\/strong><\/li>\n<li>Tak\u017ce w pi\u0105tek <strong>spotkanie dla ma\u0142\u017conk\u00f3w, nie tylko m\u0142odych<\/strong>. Wszystkich, kt\u00f3rzy ju\u017c uczestnicz\u0105 w spotkaniach jak i nowych ch\u0119tnych serdecznie zapraszamy do wsp\u00f3lnoty.<\/li>\n<li>Dzisiejsza <strong>taca mszalna jest przeznaczona na dalsze, planowane prace remontowe<\/strong> przy naszej parafii. Za wszystkie z\u0142o\u017cone dzi\u015b ofiary sk\u0142adamy serdeczne B\u00f3g zap\u0142a\u0107.<\/li>\n<li>W Siewcy do nabycia prasa i publikacje katolickie a tak\u017ce<strong> paschaliki i \u015bwi\u0105teczne baranki Caritas<\/strong> na st\u00f3\u0142 wielkanocny. Z r\u0105k ministrant\u00f3w mo\u017cna odebra\u0107 najnowszy numer darmowych <strong>Dobrych Nowin<\/strong>.<\/li>\n<li><strong>Wszystkie dzieci<\/strong> zapraszamy bezpo\u015brednio po Mszy \u015bw. do stopni o\u0142tarza po indywidualne b\u0142ogos\u0142awie\u0144stwo.<\/li>\n<li>W najbli\u017csz\u0105 niedziel\u0119, 18 marca zapraszamy wszystkich ludzi dobrej woli, do udzia\u0142u <strong>w biegu charytatywnym a przy okazji wsparcia d\u0142ugiej i kosztownej rehabilitacji p. Barbary D\u0142ugo\u0144<\/strong>, nauczyciela ZSL i naszej parafianki. Szczeg\u00f3\u0142y na plakacie umieszczonym w gablocie.<\/li>\n<\/ol>\n<p><strong><u>Intencje zbiorowe: <\/u><\/strong><\/p>\n<ul>\n<li>Za \u015bp. Antoniego Babiarza \u2013 intencja od mieszka\u0144c\u00f3w ul. Podzwierzyniec \u2013 poniedzia\u0142ek, godz. 7.00.<\/li>\n<li>Za \u015bp. Wand\u0119 G\u0105siorek \u2013 intencja od kole\u017canek i koleg\u00f3w geodet\u00f3w \u2013 poniedzia\u0142ek, godz. 18.00.<\/li>\n<li>W intencji ks. Grzegorza z okazji imienin \u2013 poniedzia\u0142ek, godz. 18.00.<\/li>\n<li>Za \u015bp. Mari\u0119 Kowenick\u0105 \u2013 intencja od mieszka\u0144c\u00f3w ul. Moniuszki \u2013 wtorek, godz. 6.30 i\u00a0od mieszka\u0144c\u00f3w ul. Boczna Moniuszki \u2013 \u015broda, godz. 6.30.<\/li>\n<li>Za \u015bp. Danut\u0119 Szwedo \u2013 intencja od s\u0105siad\u00f3w z bloku przy ul. Ko\u0142\u0142\u0105taja 6 \u2013 wtorek, godz. 18.00.<\/li>\n<li>Za \u015bp. Marka Pokrywk\u0119 \u2013 intencja od przyjaci\u00f3\u0142 \u017cony z Klubu W\u0142\u00f3czykija \u2013 \u015broda, godz. 6.30.<\/li>\n<li>Za \u015bp. Jana Kulp\u0119 \u2013 intencja od s\u0105siad\u00f3w z klatki \u2013 \u015broda, godz. 7.00.<\/li>\n<li>Za \u015bp. Mari\u0119 Kie\u0142bowicz \u2013 intencja od koleg\u00f3w Mieczys\u0142awa z Magazynu Technicznego \u2013 \u015broda, godz. 18.00 (poza parafi\u0105).<\/li>\n<li>W intencji nowennowych pr\u00f3\u015bb i podzi\u0119kowa\u0144 do MB Pocieszenia \u2013 \u015broda, godz. 18.00.<\/li>\n<li>Za \u015bp. Ann\u0119 Bartu\u015b \u2013 intencja od kole\u017canek i koleg\u00f3w z Liceum c\u00f3rki Bo\u017ceny \u2013 czwartek, godz. 18.00.<\/li>\n<li>Za \u015bp. W\u0142adys\u0142awa Sztyrak \u2013 intencja od s\u0105siad\u00f3w z ul. Podzwierzyniec \u2013 czwartek, godz. 18.00.<\/li>\n<li>Za \u015bp. Aniel\u0119 Wojtyna \u2013 intencja od Stra\u017cy Honorowej NSPJ \u2013 pi\u0105tek, godz. 18.00.<\/li>\n<li>Za \u015bp. Mieczys\u0142awa Popraw\u0119 \u2013 intencja od koleg\u00f3w z Fabryki Maszyn i kot\u0142owni \u2013 pi\u0105tek, godz. 18.00.<\/li>\n<li>Za \u015bp. Jana Kulp\u0119 \u2013 intencja od koleg\u00f3w z pracy syna Macieja \u2013 niedziela, godz. 9.30 w\u00a0MK.<\/li>\n<\/ul>\n<p>W ostatnim tygodniu odeszli od nas do wieczno\u015bci <strong>\u015bp. W\u0142adys\u0142aw \u015ali\u017c <\/strong>z ul. Spokojnej, <strong>Eliasz Kozio\u0142ko<\/strong> z ul. Podzwierzyniec i<strong> Jacek Gom\u00f3\u0142ka <\/strong>z ul. Kopernika \u2013 wieczny odpoczynek \u2026<\/p>\n","protected":false},"excerpt":{"rendered":"<p>Dzi\u015b zapraszamy jeszcze na nabo\u017ce\u0144stwo Gorzkich \u017bali z kazaniem pasyjnym o\u00a0godz. 17.00 w obu ko\u015bcio\u0142ach. Trwa nowenna przed uroczysto\u015bci\u0105 \u015bw. J\u00f3zefa. W niedziel\u0119 dzi\u015b i za tydzie\u0144, b\u0119dzie ona po\u0142\u0105czona z\u00a0nabo\u017ce\u0144stwem Gorzkich \u017bali a w tygodniu z wieczorn\u0105 Msz\u0105 \u015bw. Tak\u017ce dzi\u015b 11 dnia miesi\u0105ca przypada kolejny dzie\u0144 wielkiej nowenny przygotowuj\u0105cej nas do Jubileuszu 100-lecia [&hellip;]<\/p>\n","protected":false},"author":4,"featured_media":0,"comment_status":"closed","ping_status":"open","sticky":false,"template":"","format":"standard","meta":[],"categories":[5],"tags":[],"_links":{"self":[{"href":"https:\/\/lezajsk.przemyska.pl\/index.php?rest_route=\/wp\/v2\/posts\/5748"}],"collection":[{"href":"https:\/\/lezajsk.przemyska.pl\/index.php?rest_route=\/wp\/v2\/posts"}],"about":[{"href":"https:\/\/lezajsk.przemyska.pl\/index.php?rest_route=\/wp\/v2\/types\/post"}],"author":[{"embeddable":true,"href":"https:\/\/lezajsk.przemyska.pl\/index.php?rest_route=\/wp\/v2\/users\/4"}],"replies":[{"embeddable":true,"href":"https:\/\/lezajsk.przemyska.pl\/index.php?rest_route=%2Fwp%2Fv2%2Fcomments&post=5748"}],"version-history":[{"count":2,"href":"https:\/\/lezajsk.przemyska.pl\/index.php?rest_route=\/wp\/v2\/posts\/5748\/revisions"}],"predecessor-version":[{"id":5751,"href":"https:\/\/lezajsk.przemyska.pl\/index.php?rest_route=\/wp\/v2\/posts\/5748\/revisions\/5751"}],"wp:attachment":[{"href":"https:\/\/lezajsk.przemyska.pl\/index.php?rest_route=%2Fwp%2Fv2%2Fmedia&parent=5748"}],"wp:term":[{"taxonomy":"category","embeddable":true,"href":"https:\/\/lezajsk.przemyska.pl\/index.php?rest_route=%2Fwp%2Fv2%2Fcategories&post=5748"},{"taxonomy":"post_tag","embeddable":true,"href":"https:\/\/lezajsk.przemyska.pl\/index.php?rest_route=%2Fwp%2Fv2%2Ftags&post=5748"}],"curies":[{"name":"wp","href":"https:\/\/api.w.org\/{rel}","templated":true}]}}