
{"id":5743,"date":"2018-03-03T19:59:53","date_gmt":"2018-03-03T18:59:53","guid":{"rendered":"http:\/\/lezajsk.przemyska.pl\/?p=5743"},"modified":"2018-03-03T23:52:14","modified_gmt":"2018-03-03T22:52:14","slug":"iii-niedziela-wielkiego-postu-04-03-2018-r","status":"publish","type":"post","link":"https:\/\/lezajsk.przemyska.pl\/?p=5743","title":{"rendered":"III Niedziela Wielkiego Postu (04.03.2018 r.)"},"content":{"rendered":"<ol>\n<li>Dzi\u015b zapraszamy jeszcze wszystkich na kolejne <strong>nabo\u017ce\u0144stwo Gorzkich \u017bali<\/strong> z\u00a0kazaniem pasyjnym w obu ko\u015bcio\u0142ach na <strong> 17.00<\/strong>.<\/li>\n<li>Jutro, po Mszy \u015bw. wieczornej spotkanie<strong> R\u00f3\u017c \u017bywego R\u00f3\u017ca\u0144ca, Apostolskiego Dzie\u0142a Pomocy dla Czy\u015b\u0107ca oraz Dzie\u0142o Pomocy Powo\u0142aniom<\/strong>.<\/li>\n<li>We wtorek po Mszy \u015bw. spotkanie <strong>Stra\u017cy Honorowej NSPJ<\/strong>.<\/li>\n<li>W \u015brod\u0119 spotkanie <strong>Wsp\u00f3lnoty Szkaplerza \u015awi\u0119tego.<\/strong><\/li>\n<li>W czwartek <strong>8 marca \u2013 Dzie\u0144 Kobiet<\/strong>. Z tej okazji ju\u017c dzi\u015b sk\u0142adamy wszystkim Paniom najlepsze \u017cyczenia i zach\u0119camy aby o nich pami\u0119ta\u0107 w naszej wdzi\u0119cznej modlitwie a\u00a0najlepiej by\u0142oby, gdyby czu\u0142y nasz\u0105 serdeczno\u015b\u0107 i \u017cyczliwo\u015b\u0107 przez ca\u0142y rok.<\/li>\n<li>W pi\u0105tek nabo\u017ce\u0144stwo <strong>Drogi Krzy\u017cowej<\/strong> rano o godz. <strong>7.30 (Uwaga \u2013 zmiana godziny; nie 8.00 ale 7.30)<\/strong>, popo\u0142udniu <strong>o godz.16.00 dla dzieci a nast\u0119pnie, o godz. 17.30. i\u00a020.00.<\/strong><\/li>\n<li>Tak\u017ce w pi\u0105tek po Mszy \u015bw. wieczornej, rozpocznie si\u0119 zapowiadany <strong>kurs przedma\u0142\u017ce\u0144ski czyli<\/strong> <strong>katechezy<\/strong> <strong>przedma\u0142\u017ce\u0144skie <\/strong>i\u00a0b\u0119dzie trwa\u0142 3 dni.<\/li>\n<li>Dzisiejsza taca mszalna przeznaczana jest na <strong>Seminarium Duchowne w Przemy\u015blu<\/strong> za\u015b za tydzie\u0144 w\u00a0<strong>drug\u0105 niedziel\u0119<\/strong> miesi\u0105ca wszystkie z\u0142o\u017cone na tac\u0119 ofiary b\u0119d\u0105 przeznaczone na planowane w tym roku prace remontowe przy naszej parafii. W czasie ostatniej zbi\u00f3rki, zebrano \u0142\u0105cznie z\u00a0wp\u0142atami na konto <strong>kwot\u0119: 17 555 z\u0142.<\/strong> Tak wi\u0119c uwzgl\u0119dniaj\u0105c ostatni\u0105 sk\u0142adk\u0119, mamy na naszym koncie inwestycyjnym <strong>304 ty\u015b. z\u0142<\/strong>. Wszystkim darczy\u0144com za ka\u017cd\u0105 przekazan\u0105 z\u0142ot\u00f3wk\u0119, za \u017cyczliwo\u015b\u0107 i zrozumienie sk\u0142adamy serdeczne B\u00f3g zap\u0142a\u0107.<\/li>\n<li>W Siewcy do nabycia <strong>prasa i publikacje katolickie<\/strong> a tak\u017ce <strong>baranki wielkanocne i\u00a0paschaliki Caritas. <\/strong><\/li>\n<li><strong>Wszystkie dzieci<\/strong> zapraszamy do stopni o\u0142tarza po indywidualne b\u0142ogos\u0142awie\u0144stwo.<\/li>\n<\/ol>\n<p><strong><u>Intencje zbiorowe: <\/u><\/strong><\/p>\n<ul>\n<li>Za \u015bp. Jana W\u00f3jtowicza \u2013 intencja od zespo\u0142u nauczycieli z przedmiot\u00f3w \u015bcis\u0142ych ZSL w\u00a0Le\u017cajsku \u2013 poniedzia\u0142ek, godz. 18.00.<\/li>\n<li>Za \u015bp. Ann\u0119 Bartu\u015b \u2013 intencja od Stra\u017cy Honorowej NSPJ \u2013 wtorek, godz. 18.00.<\/li>\n<li>W intencji nowennowych pr\u00f3\u015bb i podzi\u0119kowa\u0144 do MB Pocieszenia \u2013 \u015broda, godz. 18.00.<\/li>\n<li>Za \u015bp. W\u0142adys\u0142awa Sztyrak \u2013 intencja od mieszka\u0144c\u00f3w ul. Podzwierzyniec \u2013 \u015broda, godz. 18.00 i sobota, godz. 7.00.<\/li>\n<li>Za \u015bp. Mari\u0119 Kowenick\u0105 \u2013 intencja od koleg\u00f3w z PZU \u2013 czwartek, godz. 6.30.<\/li>\n<li>Za \u015bp. Antoniego Babiarza \u2013 intencja od mieszka\u0144c\u00f3w ul. Podzwierzyniec \u2013 czwartek, godz. 6.30.<\/li>\n<li>Za \u015bp. Franciszka Leja \u2013 intencja od s\u0105siad\u00f3w z klatki \u2013 pi\u0105tek, godz. 7.00.<\/li>\n<li>Za \u015bp. Stanis\u0142awa Czerwonk\u0119 \u2013 intencja od s\u0105siad\u00f3w z klatki bloku przy ul. Staszica 8 \u2013 pi\u0105tek, godz. 7.00.<\/li>\n<li>Z intencji Ko\u0142a Przyjaci\u00f3\u0142 Radia Maryja \u2013 pi\u0105tek, godz. 18.00.<\/li>\n<li>Z R\u00f3\u017cy MB Pocieszenia \u2013 niedziela, godz. 8.30.<\/li>\n<li>Z R\u00f3\u017cy \u015bw. Barbary \u2013 niedziela, godz. 10.00.<\/li>\n<\/ul>\n<p>W ostatnim tygodniu odeszli od nas do wieczno\u015bci <strong>\u015bp. Tadeusz Dzie\u0144 <\/strong>zam. Nowa Sarzyna, <strong>Jadwiga Chmura<\/strong> zam. ul. Braci \u015aniadeckich, <strong>Marian Kochan<\/strong> zam. ul. M.C. Sk\u0142odowskiej i\u00a0<strong>Antoni Kozyra <\/strong>zam. ul. \u015aw. Kr\u00f3lowej Jadwigi \u2013 wieczny odpoczynek \u2026..<\/p>\n","protected":false},"excerpt":{"rendered":"<p>Dzi\u015b zapraszamy jeszcze wszystkich na kolejne nabo\u017ce\u0144stwo Gorzkich \u017bali z\u00a0kazaniem pasyjnym w obu ko\u015bcio\u0142ach na 17.00. Jutro, po Mszy \u015bw. wieczornej spotkanie R\u00f3\u017c \u017bywego R\u00f3\u017ca\u0144ca, Apostolskiego Dzie\u0142a Pomocy dla Czy\u015b\u0107ca oraz Dzie\u0142o Pomocy Powo\u0142aniom. We wtorek po Mszy \u015bw. spotkanie Stra\u017cy Honorowej NSPJ. W \u015brod\u0119 spotkanie Wsp\u00f3lnoty Szkaplerza \u015awi\u0119tego. W czwartek 8 marca \u2013 Dzie\u0144 [&hellip;]<\/p>\n","protected":false},"author":4,"featured_media":0,"comment_status":"closed","ping_status":"open","sticky":false,"template":"","format":"standard","meta":[],"categories":[5],"tags":[],"_links":{"self":[{"href":"https:\/\/lezajsk.przemyska.pl\/index.php?rest_route=\/wp\/v2\/posts\/5743"}],"collection":[{"href":"https:\/\/lezajsk.przemyska.pl\/index.php?rest_route=\/wp\/v2\/posts"}],"about":[{"href":"https:\/\/lezajsk.przemyska.pl\/index.php?rest_route=\/wp\/v2\/types\/post"}],"author":[{"embeddable":true,"href":"https:\/\/lezajsk.przemyska.pl\/index.php?rest_route=\/wp\/v2\/users\/4"}],"replies":[{"embeddable":true,"href":"https:\/\/lezajsk.przemyska.pl\/index.php?rest_route=%2Fwp%2Fv2%2Fcomments&post=5743"}],"version-history":[{"count":3,"href":"https:\/\/lezajsk.przemyska.pl\/index.php?rest_route=\/wp\/v2\/posts\/5743\/revisions"}],"predecessor-version":[{"id":5746,"href":"https:\/\/lezajsk.przemyska.pl\/index.php?rest_route=\/wp\/v2\/posts\/5743\/revisions\/5746"}],"wp:attachment":[{"href":"https:\/\/lezajsk.przemyska.pl\/index.php?rest_route=%2Fwp%2Fv2%2Fmedia&parent=5743"}],"wp:term":[{"taxonomy":"category","embeddable":true,"href":"https:\/\/lezajsk.przemyska.pl\/index.php?rest_route=%2Fwp%2Fv2%2Fcategories&post=5743"},{"taxonomy":"post_tag","embeddable":true,"href":"https:\/\/lezajsk.przemyska.pl\/index.php?rest_route=%2Fwp%2Fv2%2Ftags&post=5743"}],"curies":[{"name":"wp","href":"https:\/\/api.w.org\/{rel}","templated":true}]}}