
{"id":5731,"date":"2018-02-24T21:07:38","date_gmt":"2018-02-24T20:07:38","guid":{"rendered":"http:\/\/lezajsk.przemyska.pl\/?p=5731"},"modified":"2018-02-24T21:07:38","modified_gmt":"2018-02-24T20:07:38","slug":"ii-niedziela-wielkiego-postu-25-02-2018-r","status":"publish","type":"post","link":"https:\/\/lezajsk.przemyska.pl\/?p=5731","title":{"rendered":"II Niedziela Wielkiego Postu (25.02.2018 r.)"},"content":{"rendered":"<ol>\n<li>Dzi\u0119kujemy <strong> Wojciechowi Ulmanowi<\/strong> za g\u0142oszone dzi\u015b S\u0142owo Bo\u017ce i \u015bwiadectwo misyjnej pos\u0142ugi w Ugandzie a prowadzone przez Ojc\u00f3w dzie\u0142a mo\u017cemy wesprze\u0107 symboliczn\u0105 ofiar\u0105 po Mszy \u015bw. przy wyj\u015bciu z ko\u015bcio\u0142a.<\/li>\n<li>Dzi\u015b zapraszamy jeszcze na nabo\u017ce\u0144stwo <strong>Gorzkich \u017bali z kazaniem pasyjnym o\u00a0godz. 17.00 <\/strong>w obu ko\u015bcio\u0142ach<strong>.<\/strong><\/li>\n<li>W tym tygodniu przypada<strong> I czwartek, pi\u0105tek i I sobota miesi\u0105ca.<\/strong> Adoracja Naj\u015bwi\u0119tszego Sakramentu po Mszy \u015bw. zar\u00f3wno w czwartek jak i w pi\u0105tek do godz. 20.00. Spowied\u017a w pi\u0105tek od godz. 16.00.<\/li>\n<li>W pi\u0105tek nabo\u017ce\u0144stwo <strong>Drogi Krzy\u017cowej<\/strong> rano o godz.<strong>00<\/strong>, popo\u0142udniu <strong>o godz.16.00 dla dzieci a nast\u0119pnie, o godz. 17.30 i 20.00 dla m\u0142odzie\u017cy.<\/strong><\/li>\n<li>W pi\u0105tek od godz. 9.00,<strong> odwiedziny chorych w domach z Komuni\u0105 \u015bw<\/strong>.<\/li>\n<li>W sobot\u0119 na godz. 17.00 zapraszamy na kolejne <strong>nabo\u017ce\u0144stwo I soboty<\/strong>, <strong>wynagradzaj\u0105ce Niepokalanemu Sercu NMP<\/strong>, po\u0142\u0105czone z modlitw\u0105 r\u00f3\u017ca\u0144cow\u0105.<\/li>\n<li>W najbli\u017csz\u0105 niedziel\u0119, na specjaln\u0105 Msz\u0119 \u015bw. o godz. godz. 14.00, zgromadzi si\u0119 Bra\u0107 Stra\u017cacka, ich rodziny i sympatycy, aby dzi\u0119kowa\u0107 Bogu i \u015bwi\u0119towa\u0107 <strong>150 rocznic\u0119 powo\u0142ania pierwszej na Ziemi Le\u017cajskiej Ochotniczej Stra\u017cy Ogniowej w\u00a0Le\u017cajsku<\/strong>. By\u0142o to dok\u0142adnie 4 marca 1868 roku. Po Mszy \u015bw. uroczysty apel przed Ratuszem. Serdecznie zapraszamy.<\/li>\n<li>M\u0142odzie\u017c zainteresowan\u0105 wyjazdem na <strong>Spotkanie M\u0142odych Archidiecezji Przemyskiej<\/strong> <strong>z\u00a0okazji Niedzieli Palmowej<\/strong>, kt\u00f3re tym razem odb\u0119dzie si\u0119 w Radymnie, prosimy o\u00a0kontakt z\u00a0ks. Grzegorzem.<\/li>\n<li>Uprzedzaj\u0105c, informujemy, i\u017c w Wielkim Po\u015bcie, tj. w dniach 9-11 marca br., rozpocznie si\u0119 tzw. <strong>kurs przedma\u0142\u017ce\u0144ski czyli<\/strong> <strong>katechezy<\/strong> <strong>przedma\u0142\u017ce\u0144skie <\/strong>i\u00a0b\u0119dzie trwa\u0142 3 dni. Przy okazji kolejny raz przypominamy wszystkim zainteresowanym, \u017ce przygotowanie do ma\u0142\u017ce\u0144stwa to dwa etapy. Pierwszy to wspomniany wy\u017cej tzw. \u201ekurs przedma\u0142\u017ce\u0144ski\u201d, kt\u00f3ry mo\u017ce by\u0107 zrealizowany znacznie wcze\u015bniej nawet 2-3 lata przed planowanym \u015blubem a drugi etap &#8211; ju\u017c bezpo\u015brednio przed \u015blubem &#8211; to poradnia rodzinna dla narzeczonych, kt\u00f3r\u0105 rozpoczynaj\u0105 narzeczeni 3-4 miesi\u0105ce przed \u015blubem. <strong>Poradnia dla narzeczonych<\/strong> zaprasza w ka\u017cdy II czwartek miesi\u0105ca po Mszy \u015bw. wieczornej.<\/li>\n<li>W Siewcy do nabycia <strong>prasa i publikacje katolickie. <\/strong>Mo\u017cna ju\u017c naby\u0107 <strong>baranki wielkanocne i\u00a0paschaliki Caritas. <\/strong>Na o\u0142tarzach s\u0105 te\u017c wy\u0142o\u017cone <strong>wielkopostne skarbonki Caritas.<\/strong><\/li>\n<\/ol>\n<p><strong>\u00a0<\/strong><strong><u>Intencje zbiorowe: <\/u><\/strong><\/p>\n<ul>\n<li>Za \u015bp. Jana W\u00f3jtowicza \u2013 intencja od dyrekcji, grona pedagogicznego i pracownik\u00f3w ZSL w Le\u017cajsku \u2013 poniedzia\u0142ek, godz. 18.00.<\/li>\n<li>W intencji pielgrzym\u00f3w uczestnicz\u0105cych w modlitwie \u201eR\u00f3\u017caniec do granic\u201d \u2013 wtorek, godz. 18.00.<\/li>\n<li>Msze \u015bw. gregoria\u0144skie za \u015bp. Emili\u0119 Czapran \u2013 pocz\u0105tek, \u015broda, godz. 6.30.<\/li>\n<li>W intencji nowennowych pr\u00f3\u015bb i podzi\u0119kowa\u0144 do MB Pocieszenia \u2013 \u015broda, godz. 18.00.<\/li>\n<li>Z intencji Stra\u017cy Honorowej NSPJ \u2013 pi\u0105tek, godz. 18.00.<\/li>\n<li>Z intencji Bractwa Szkaplerza \u015awi\u0119tego \u2013 sobota, godz. 18.00.<\/li>\n<li>Z R\u00f3\u017cy \u015bw. Kazimierza \u2013 niedziela, godz. 10.00 (poza parafi\u0105).<\/li>\n<li>W intencji Stra\u017cak\u00f3w Ochotnik\u00f3w i ich Rodzin z okazji 150 rocznicy powo\u0142ania Ochotniczej Sta\u017cy Ogniowej w Le\u017cajsku \u2013 niedziela, godz. 14.00.<\/li>\n<\/ul>\n","protected":false},"excerpt":{"rendered":"<p>Dzi\u0119kujemy Wojciechowi Ulmanowi za g\u0142oszone dzi\u015b S\u0142owo Bo\u017ce i \u015bwiadectwo misyjnej pos\u0142ugi w Ugandzie a prowadzone przez Ojc\u00f3w dzie\u0142a mo\u017cemy wesprze\u0107 symboliczn\u0105 ofiar\u0105 po Mszy \u015bw. przy wyj\u015bciu z ko\u015bcio\u0142a. Dzi\u015b zapraszamy jeszcze na nabo\u017ce\u0144stwo Gorzkich \u017bali z kazaniem pasyjnym o\u00a0godz. 17.00 w obu ko\u015bcio\u0142ach. W tym tygodniu przypada I czwartek, pi\u0105tek i I sobota [&hellip;]<\/p>\n","protected":false},"author":4,"featured_media":0,"comment_status":"closed","ping_status":"open","sticky":false,"template":"","format":"standard","meta":[],"categories":[5],"tags":[],"_links":{"self":[{"href":"https:\/\/lezajsk.przemyska.pl\/index.php?rest_route=\/wp\/v2\/posts\/5731"}],"collection":[{"href":"https:\/\/lezajsk.przemyska.pl\/index.php?rest_route=\/wp\/v2\/posts"}],"about":[{"href":"https:\/\/lezajsk.przemyska.pl\/index.php?rest_route=\/wp\/v2\/types\/post"}],"author":[{"embeddable":true,"href":"https:\/\/lezajsk.przemyska.pl\/index.php?rest_route=\/wp\/v2\/users\/4"}],"replies":[{"embeddable":true,"href":"https:\/\/lezajsk.przemyska.pl\/index.php?rest_route=%2Fwp%2Fv2%2Fcomments&post=5731"}],"version-history":[{"count":1,"href":"https:\/\/lezajsk.przemyska.pl\/index.php?rest_route=\/wp\/v2\/posts\/5731\/revisions"}],"predecessor-version":[{"id":5732,"href":"https:\/\/lezajsk.przemyska.pl\/index.php?rest_route=\/wp\/v2\/posts\/5731\/revisions\/5732"}],"wp:attachment":[{"href":"https:\/\/lezajsk.przemyska.pl\/index.php?rest_route=%2Fwp%2Fv2%2Fmedia&parent=5731"}],"wp:term":[{"taxonomy":"category","embeddable":true,"href":"https:\/\/lezajsk.przemyska.pl\/index.php?rest_route=%2Fwp%2Fv2%2Fcategories&post=5731"},{"taxonomy":"post_tag","embeddable":true,"href":"https:\/\/lezajsk.przemyska.pl\/index.php?rest_route=%2Fwp%2Fv2%2Ftags&post=5731"}],"curies":[{"name":"wp","href":"https:\/\/api.w.org\/{rel}","templated":true}]}}