
{"id":5708,"date":"2018-02-10T22:55:51","date_gmt":"2018-02-10T21:55:51","guid":{"rendered":"http:\/\/lezajsk.przemyska.pl\/?p=5708"},"modified":"2018-02-13T19:28:03","modified_gmt":"2018-02-13T18:28:03","slug":"vi-niedziela-zwykla-11-02-2018-r","status":"publish","type":"post","link":"https:\/\/lezajsk.przemyska.pl\/?p=5708","title":{"rendered":"VI Niedziela zwyk\u0142a (11.02.2018 r.)"},"content":{"rendered":"<ol>\n<li>Dzi\u015b z racji <strong>\u015awiatowego Dnia Chorego i wspomnienia<\/strong> <strong>MB z Lourdes, na Msz\u0119 \u015bw. o\u00a0godz. 16.00 zapraszamy szczeg\u00f3lnie osoby chore i starsze.<\/strong> W czasie tej Mszy \u015bw. b\u0119dzie udzielany sakrament namaszczenia chorych.<\/li>\n<li>Tak\u017ce dzi\u015b <strong>nabo\u017ce\u0144stwo za Ojczyzn\u0119, <\/strong>rozpoczynaj\u0105ce uroczyst\u0105 nowenn\u0119 przed 100 rocznic\u0105 odzyskania niepodleg\u0142o\u015bci przez Polsk\u0119, o godz. 17.30.<\/li>\n<li>Dzi\u015b rozpoczyna si\u0119 tak\u017ce <strong>Tydzie\u0144 Trze\u017awo\u015bci<\/strong> a od \u015arody Popielcowej do I Niedzieli Wielkiego Postu wypadaj\u0105 kwartalne <strong>Dni Modlitw o ducha pokuty<\/strong>. Zach\u0119camy do dobrych i jak\u017ce potrzebnych abstynenckich postanowie\u0144, zw\u0142aszcza na czas Wielkiego Postu.<\/li>\n<li>Jutro po Mszy \u015bw. wieczornej spotkanie <strong>R\u00f3\u017c R\u00f3\u017ca\u0144cowych, Apostolskiego Dzie\u0142a Pomocy dla Czy\u015b\u0107ca oraz Dzie\u0142a Pomocy Powo\u0142aniom. <\/strong><\/li>\n<li>We wtorek spotkanie<strong> Stra\u017cy Honorowej NSPJ.<\/strong><\/li>\n<li>Tak\u017ce we wtorek <strong>nowenna do \u015bw. Antoniego<\/strong> i b\u0142ogos\u0142awie\u0144stwo dzieci. Pro\u015bby i\u00a0podzi\u0119kowania mo\u017cna sk\u0142ada\u0107 przy figurze \u015bwi\u0119tego.<\/li>\n<li><strong>Spotkanie Bractwa Szkaplerza \u015awi\u0119tego<\/strong>, ze wzgl\u0119du na \u015arod\u0119 Popielcow\u0105 i rekolekcje wyj\u0105tkowo w przysz\u0142y tygodniu.<\/li>\n<li>W tym tygodniu 14 lutego, przypada <strong>\u015aroda Popielcowa<\/strong> a wraz z ni\u0105 rozpoczynamy <strong>40 \u2013 dniowy okres Wielkiego Postu<\/strong>, w kt\u00f3rym poprzez modlitw\u0119, pokut\u0119 i czynn\u0105 mi\u0142o\u015b\u0107 bli\u017aniego b\u0119dziemy przygotowywa\u0107 si\u0119 do \u015awi\u0105t Wielkanocnych.<\/li>\n<li><strong>W \u015arod\u0119 Popielcow\u0105 Msze \u015bw.<\/strong> po\u0142\u0105czone z obrz\u0119dem posypania g\u0142\u00f3w popio\u0142em b\u0119d\u0105 odprawione rano o godz. <strong>30, 7.00, 8.30 i 10.00 a popo\u0142udniu o godz. 16.00 i 18.00. <\/strong>W\u00a0\u015arod\u0119 Popielcow\u0105 rozpoczniemy tak\u017ce nasze <strong>doroczne rekolekcje wielkopostne<\/strong>, kt\u00f3re pomog\u0105 nam dobrze prze\u017cy\u0107 czas Wielkiego Postu i przygotowa\u0107 si\u0119 do \u015awi\u0105t Wielkanocnych. Rekolekcje b\u0119dzie nam g\u0142osi\u0142 <strong>ks. dr Tadeusz Koc\u00f3r<\/strong>, proboszcz \u0142a\u0144cuckiej Fary. Szczeg\u00f3\u0142owy <strong>program rekolekcji jest wywieszony w gablocie<\/strong>, na stronie internetowej oraz wydrukowany na kartkach, kt\u00f3re s\u0105 wy\u0142o\u017cone na o\u0142tarzach.<\/li>\n<li>W \u015arod\u0119 Popielcow\u0105 obowi\u0105zuje <strong>post \u015bcis\u0142y<\/strong> jako\u015bciowy i ilo\u015bciowy.<\/li>\n<li><strong>W pi\u0105tek o godz. 8.00<\/strong> w ramach rekolekcji parafialnych <strong>specjalna droga krzy\u017cowa i\u00a0Msza \u015bw. w intencji chorych<\/strong>. Prosimy rodziny os\u00f3b starszych i chorych lub s\u0105siad\u00f3w aby umo\u017cliwi\u0107 im w miar\u0119 mo\u017cliwo\u015bci uczestnictwo w tym nabo\u017ce\u0144stwie.<\/li>\n<li><strong>Wszystkich parafian zach\u0119camy do pog\u0142\u0119bionej refleksji nad naszym osobistym prze\u017cywaniem<\/strong> <strong>tego wyj\u0105tkowego czasu jakim jest<\/strong> <strong>Wielki Post i zwi\u0105zanego z nim czasu rekolekcji<\/strong>. Daje si\u0119 zauwa\u017cy\u0107, \u017ce przez ostatnie lata, dla wi\u0119kszo\u015bci, rekolekcje staj\u0105 si\u0119 czym\u015b niepotrzebnym, a co za tym idzie, rezygnujemy z czasu, w kt\u00f3rym rzeczywi\u015bcie mogliby\u015bmy si\u0119 na chwil\u0119 zatrzyma\u0107, wiele spraw przemy\u015ble\u0107 czy na nowo pouk\u0142ada\u0107. Dla wielu Wielki Post ogranicza si\u0119 niestety tylko do Wielkiego Tygodnia i mo\u017ce jeszcze odprawionej w ostatniej chwili spowiedzi i to wszystko. Nie zmarnujmy po raz kolejny tej wyj\u0105tkowej szansy. Tak wi\u0119c ju\u017c dzi\u015b, dobrze zaplanujmy najbli\u017cszy tydzie\u0144 aby skorzysta\u0107 z tego wyj\u0105tkowego czasu \u0142aski.<\/li>\n<li>Nabo\u017ce\u0144stwo <strong>Drogi Krzy\u017cowej<\/strong> b\u0119dziemy odprawia\u0107 w ka\u017cdy pi\u0105tek rano o godz. 8.<strong>00<\/strong>, popo\u0142udniu <strong>o godz.16.00 a nast\u0119pnie, o godz. 17.30. i 20.00. Droga Krzy\u017cowa o godz. 20.00 b\u0119dzie tradycyjnie prowadzona przez nasz\u0105 m\u0142odzie\u017c<\/strong>.<\/li>\n<li>W niedziele za\u015b <strong><u>Gorzkie \u017bale<\/u><\/strong> z kazaniem pasyjnym o godz. 17.<strong><u>00<\/u><\/strong> w obu ko\u015bcio\u0142ach.<\/li>\n<li>W Siewcy do nabycia <strong>prasa i publikacje katolickie. <\/strong><\/li>\n<li>Dzisiejsza <strong>taca mszalna<\/strong> jest przeznaczona na dalsze, planowane w tym roku prace remontowe przy naszej parafii. Za wszystkie z\u0142o\u017cone dzi\u015b ofiary serdecznie dzi\u0119kujemy.<\/li>\n<li>Kino przy naszym MCK-u zaprasza na warto\u015bciowy <strong>film pt. \u201eIgnacy Loyola\u201d.<\/strong> Szczeg\u00f3\u0142y na tablicy og\u0142osze\u0144.<\/li>\n<\/ol>\n<p><u><\/u><strong><u>Intencje zbiorowe: <\/u><\/strong><\/p>\n<ul>\n<li>Za \u015bp. Krystyn\u0119 Wysock\u0105 \u2013 intencja od pracownik\u00f3w z MZK Wodoci\u0105g\u00f3w i Kanalizacji \u2013 poniedzia\u0142ek, godz, 18.00.<\/li>\n<li>Za \u015bp. Rudolfa Manieckiego \u2013 intencja od s\u0105siad\u00f3w \u2013 poniedzia\u0142ek i czwartek, godz. 18.00 (poza parafi\u0105).<\/li>\n<li>W intencji nowennowych pr\u00f3\u015bb i podzi\u0119kowa\u0144 do MB Pocieszenia \u2013 \u015broda, godz. 18.00.<\/li>\n<li>Za \u015bp. W\u0142adys\u0142aw\u0119 Opiat \u2013 intencja od s\u0105siad\u00f3w z klatki \u2013 czwartek, godz. 6.30.<\/li>\n<li>Za \u015bp. Ma\u0142gorzat\u0119 Buka\u0142a \u2013 intencja od kole\u017canek z Inspektoratu ZUS w Le\u017cajsku \u2013 pi\u0105tek, godz. 18.00.<\/li>\n<li>Za \u015bp. Antoniego Babiarz \u2013 intencja od R\u00f3\u017cy MB Wniebowzi\u0119tej \u2013 sobota, godz. 8.00.<\/li>\n<\/ul>\n","protected":false},"excerpt":{"rendered":"<p>Dzi\u015b z racji \u015awiatowego Dnia Chorego i wspomnienia MB z Lourdes, na Msz\u0119 \u015bw. o\u00a0godz. 16.00 zapraszamy szczeg\u00f3lnie osoby chore i starsze. W czasie tej Mszy \u015bw. b\u0119dzie udzielany sakrament namaszczenia chorych. Tak\u017ce dzi\u015b nabo\u017ce\u0144stwo za Ojczyzn\u0119, rozpoczynaj\u0105ce uroczyst\u0105 nowenn\u0119 przed 100 rocznic\u0105 odzyskania niepodleg\u0142o\u015bci przez Polsk\u0119, o godz. 17.30. Dzi\u015b rozpoczyna si\u0119 tak\u017ce Tydzie\u0144 [&hellip;]<\/p>\n","protected":false},"author":4,"featured_media":0,"comment_status":"closed","ping_status":"open","sticky":false,"template":"","format":"standard","meta":[],"categories":[5],"tags":[],"_links":{"self":[{"href":"https:\/\/lezajsk.przemyska.pl\/index.php?rest_route=\/wp\/v2\/posts\/5708"}],"collection":[{"href":"https:\/\/lezajsk.przemyska.pl\/index.php?rest_route=\/wp\/v2\/posts"}],"about":[{"href":"https:\/\/lezajsk.przemyska.pl\/index.php?rest_route=\/wp\/v2\/types\/post"}],"author":[{"embeddable":true,"href":"https:\/\/lezajsk.przemyska.pl\/index.php?rest_route=\/wp\/v2\/users\/4"}],"replies":[{"embeddable":true,"href":"https:\/\/lezajsk.przemyska.pl\/index.php?rest_route=%2Fwp%2Fv2%2Fcomments&post=5708"}],"version-history":[{"count":2,"href":"https:\/\/lezajsk.przemyska.pl\/index.php?rest_route=\/wp\/v2\/posts\/5708\/revisions"}],"predecessor-version":[{"id":5726,"href":"https:\/\/lezajsk.przemyska.pl\/index.php?rest_route=\/wp\/v2\/posts\/5708\/revisions\/5726"}],"wp:attachment":[{"href":"https:\/\/lezajsk.przemyska.pl\/index.php?rest_route=%2Fwp%2Fv2%2Fmedia&parent=5708"}],"wp:term":[{"taxonomy":"category","embeddable":true,"href":"https:\/\/lezajsk.przemyska.pl\/index.php?rest_route=%2Fwp%2Fv2%2Fcategories&post=5708"},{"taxonomy":"post_tag","embeddable":true,"href":"https:\/\/lezajsk.przemyska.pl\/index.php?rest_route=%2Fwp%2Fv2%2Ftags&post=5708"}],"curies":[{"name":"wp","href":"https:\/\/api.w.org\/{rel}","templated":true}]}}