
{"id":5704,"date":"2018-02-03T20:57:27","date_gmt":"2018-02-03T19:57:27","guid":{"rendered":"http:\/\/lezajsk.przemyska.pl\/?p=5704"},"modified":"2018-02-04T09:46:30","modified_gmt":"2018-02-04T08:46:30","slug":"v-niedziela-zwykla-04-02-2018-r","status":"publish","type":"post","link":"https:\/\/lezajsk.przemyska.pl\/?p=5704","title":{"rendered":"V Niedziela zwyk\u0142a (04.02.2018 r.)"},"content":{"rendered":"<ol>\n<li>Dzi\u015b <strong>I niedziela miesi\u0105ca.<\/strong> Wieczorem zapraszamy na nabo\u017ce\u0144stwo eucharystyczne z\u00a0modlitw\u0105 r\u00f3\u017ca\u0144cow\u0105 o godz. 17.30.<\/li>\n<li>Jutro z racji <strong>wspomnienia \u015bw. Agaty<\/strong> po ka\u017cdej Mszy \u015bw. b\u0142ogos\u0142awie\u0144stwo chleba, wody i soli. Jest to zarazem <strong>dzie\u0144 imienin naszej s. Agaty<\/strong>, pami\u0119tajmy o Niej w\u00a0naszych modlitwach.<\/li>\n<li><strong>Spotkania formacyjne<\/strong> dla poszczeg\u00f3lnych grup parafialnych b\u0119d\u0105 w przysz\u0142ym tygodniu po feriach.<\/li>\n<li>Za tydzie\u0144 w niedziel\u0119 przypada <strong>wspomnienie MB. z Lourdes<\/strong> &#8211; <strong>\u015awiatowy Dzie\u0144 Chorego<\/strong>. Z\u00a0tej okazji zapraszamy wszystkie osoby starsze i chore na dedykowan\u0105 im Msz\u0119 \u015bw. z sakramentem namaszczenia chorych <strong>o\u00a0godz. 16.00.<\/strong><\/li>\n<li>Tak\u017ce w najbli\u017csz\u0105 niedziel\u0119 <strong>11 dnia miesi\u0105ca<\/strong>, odpowiadaj\u0105c na pro\u015bb\u0119 naszego Arcybiskupa Adama Szala, specjalne <strong>nabo\u017ce\u0144stwo za Ojczyzn\u0119 o godz. 17.30<\/strong>.<\/li>\n<li>Maj\u0105c na uwadze rosn\u0105c\u0105 liczb\u0119 <strong>intencji mszalnych tzw. \u201epogrzebowych\u201d <\/strong>ale, i\u00a0rozumiej\u0105c potrzeby wszystkich parafian, pragn\u0105cych zamawia\u0107 Msze \u015bw. w r\u00f3\u017cnych intencjach; czy to dzi\u0119kczynne, o zdrowie czy np. w rocznice urodzin czy \u015bmierci naszych bliskich, jeste\u015bmy zmuszeni do przekazywania cz\u0119\u015bci w\/w intencji pogrzebowych, innym kap\u0142anom poza parafi\u0119. W naszym ko\u015bciele b\u0119dzie mog\u0142o by\u0107 odprawione maksymalnie 5 Mszy \u015bw. wskazanych przez rodzin\u0119. R\u00f3wnocze\u015bnie prosimy odbiera\u0107 z zakrystii rozpisane terminarze ich odprawiania.<\/li>\n<li>Wychodz\u0105c naprzeciw pro\u015bbom wielu rodzic\u00f3w, aby cz\u0119\u015bciej <strong>b\u0142ogos\u0142awi\u0107 ma\u0142e dzieci<\/strong>, od dzi\u015b po ka\u017cdej Mszy \u015bw. niedzielnej, kap\u0142an w czasie pie\u015bni na zako\u0144czenie, przy stopniu o\u0142tarzowym, b\u0119dzie b\u0142ogos\u0142awi\u0142 wszystkie ch\u0119tne dzieci, zw\u0142aszcza te, kt\u00f3re nie mog\u0105 jeszcze przyst\u0119powa\u0107 do komunii \u015bw.<\/li>\n<li>Dzisiejsza taca mszalna jest przeznaczona na <strong>potrzeby Archidiecezji,<\/strong> za\u015b za tydzie\u0144 jak w ka\u017cd\u0105 II niedziel\u0119 miesi\u0105ca, taca b\u0119dzie przeznaczona na dalsze <strong>prace remontowe przy naszej parafii. <\/strong>W czasie ostatniej zbi\u00f3rki ofiar z\u00a0przeznaczeniem na ten cel zebrano \u0142\u0105cznie z wp\u0142atami na konto kwot\u0119 <strong>18 750 z\u0142.<\/strong> Kwota ta sprawia, \u017ce na naszym koncie inwestycyjno &#8211; remontowym mamy <strong>286,5 ty\u015b. z\u0142<\/strong>. Wszystkim darczy\u0144com za ka\u017cd\u0105 przekazan\u0105 z\u0142ot\u00f3wk\u0119, za \u017cyczliwo\u015b\u0107 i\u00a0zrozumienie sk\u0142adamy serdeczne B\u00f3g zap\u0142a\u0107.<\/li>\n<li>W Siewcy do nabycia <strong>prasa i wydawnictwa katolickie.<\/strong><\/li>\n<\/ol>\n<p><strong><u>Intencje zbiorowe: <\/u><\/strong><\/p>\n<ul>\n<li>W intencji nowennowych pr\u00f3\u015bb i podzi\u0119kowa\u0144 do MB Pocieszenia \u2013 \u015broda, godz. 18.00.<\/li>\n<li>Za \u015bp. Krystyn\u0119 Wysock\u0105 \u2013 intencja od mieszka\u0144c\u00f3w bloku przy ul. Ko\u0142\u0142\u0105taja 5 \u2013 czwartek i sobota, godz. 18.00 oraz niedziela, godz. 16.00.<\/li>\n<li>Z intencji Ko\u0142a Przyjaci\u00f3\u0142 Radia Maryja \u2013 pi\u0105tek, godz. 18.00.<\/li>\n<li>Za \u015bp. Jacka Jagusztyna \u2013 intencja od pracownik\u00f3w Gminnego O\u015brodka Pomocy Spo\u0142ecznej w Le\u017cajsku \u2013 sobota, godz. 6.30.<\/li>\n<li>Z R\u00f3\u017cy MB Pocieszenia \u2013 niedziela, godz. 10.00.<\/li>\n<li>W intencji chorych i os\u00f3b starszych \u2013 niedziela, godz. 16.00.<\/li>\n<li>Z intencji Bractwa Szkaplerza \u015awi\u0119tego \u2013 niedziela, godz. 18.00.<\/li>\n<\/ul>\n<p>W ostatnim tygodniu odeszli od nas do wieczno\u015bci <strong>\u015bp. Henryk Danys, <\/strong>zamieszka\u0142y ostatnio w\u00a0Gdowie oraz<strong> Janusz Ner i Maria Kruk z ul. Kopernika<\/strong> \u2013 wieczny odpoczynek \u2026..<\/p>\n","protected":false},"excerpt":{"rendered":"<p>Dzi\u015b I niedziela miesi\u0105ca. Wieczorem zapraszamy na nabo\u017ce\u0144stwo eucharystyczne z\u00a0modlitw\u0105 r\u00f3\u017ca\u0144cow\u0105 o godz. 17.30. Jutro z racji wspomnienia \u015bw. Agaty po ka\u017cdej Mszy \u015bw. b\u0142ogos\u0142awie\u0144stwo chleba, wody i soli. Jest to zarazem dzie\u0144 imienin naszej s. Agaty, pami\u0119tajmy o Niej w\u00a0naszych modlitwach. Spotkania formacyjne dla poszczeg\u00f3lnych grup parafialnych b\u0119d\u0105 w przysz\u0142ym tygodniu po feriach. Za [&hellip;]<\/p>\n","protected":false},"author":4,"featured_media":0,"comment_status":"closed","ping_status":"open","sticky":false,"template":"","format":"standard","meta":[],"categories":[5],"tags":[],"_links":{"self":[{"href":"https:\/\/lezajsk.przemyska.pl\/index.php?rest_route=\/wp\/v2\/posts\/5704"}],"collection":[{"href":"https:\/\/lezajsk.przemyska.pl\/index.php?rest_route=\/wp\/v2\/posts"}],"about":[{"href":"https:\/\/lezajsk.przemyska.pl\/index.php?rest_route=\/wp\/v2\/types\/post"}],"author":[{"embeddable":true,"href":"https:\/\/lezajsk.przemyska.pl\/index.php?rest_route=\/wp\/v2\/users\/4"}],"replies":[{"embeddable":true,"href":"https:\/\/lezajsk.przemyska.pl\/index.php?rest_route=%2Fwp%2Fv2%2Fcomments&post=5704"}],"version-history":[{"count":2,"href":"https:\/\/lezajsk.przemyska.pl\/index.php?rest_route=\/wp\/v2\/posts\/5704\/revisions"}],"predecessor-version":[{"id":5706,"href":"https:\/\/lezajsk.przemyska.pl\/index.php?rest_route=\/wp\/v2\/posts\/5704\/revisions\/5706"}],"wp:attachment":[{"href":"https:\/\/lezajsk.przemyska.pl\/index.php?rest_route=%2Fwp%2Fv2%2Fmedia&parent=5704"}],"wp:term":[{"taxonomy":"category","embeddable":true,"href":"https:\/\/lezajsk.przemyska.pl\/index.php?rest_route=%2Fwp%2Fv2%2Fcategories&post=5704"},{"taxonomy":"post_tag","embeddable":true,"href":"https:\/\/lezajsk.przemyska.pl\/index.php?rest_route=%2Fwp%2Fv2%2Ftags&post=5704"}],"curies":[{"name":"wp","href":"https:\/\/api.w.org\/{rel}","templated":true}]}}