
{"id":5702,"date":"2018-01-27T21:57:55","date_gmt":"2018-01-27T20:57:55","guid":{"rendered":"http:\/\/lezajsk.przemyska.pl\/?p=5702"},"modified":"2018-01-27T21:57:55","modified_gmt":"2018-01-27T20:57:55","slug":"iv-niedziela-zwykla-28-01-2018-r","status":"publish","type":"post","link":"https:\/\/lezajsk.przemyska.pl\/?p=5702","title":{"rendered":"IV Niedziela zwyk\u0142a (28.01.2018 r.)"},"content":{"rendered":"<ol>\n<li>Dzi\u015b zapraszamy jeszcze na nabo\u017ce\u0144stwo eucharystyczne z <strong>Koronk\u0105 do Bo\u017cego Mi\u0142osierdzia<\/strong> o\u00a0godz. 17.30. B\u0119dziemy modli\u0107 si\u0119 szczeg\u00f3lnie w intencji os\u00f3b konsekrowanych i prosi\u0107 o nowe powo\u0142ania do s\u0142u\u017cby zakonnej.<\/li>\n<li>W pi\u0105tek 2 lutego <strong>\u015awi\u0119to Ofiarowania Pa\u0144skiego<\/strong> zwane popularnie \u015bwi\u0119tem MB. Gromnicznej. Msze \u015bw. w naszym ko\u015bciele o godz. <strong>30, 7.00, 8.30 i 10.00<\/strong> oraz popo\u0142udniu o\u00a0godz. <strong>16.00<\/strong> i <strong>18.00<\/strong>. Na pocz\u0105tku ka\u017cdej Mszy \u015bw. b\u0142ogos\u0142awie\u0144stwo gromnic. Z okazji \u015bwi\u0119ta, ks. Arcybiskup Metropolita Adam Szal udzieli\u0142 wszystkim wiernym na terenie ca\u0142ej Archidiecezji <strong>dyspensy od spo\u017cywania posi\u0142k\u00f3w mi\u0119snych<\/strong>.<\/li>\n<li>\u015awi\u0119to MB Gromnicznej, to r\u00f3wnocze\u015bnie <strong>\u015awiatowy Dzie\u0144 \u017bycia Konsekrowanego<\/strong>. \u0141\u0105czymy si\u0119 w\u00a0tym dniu modlitw\u0105 z\u00a0wszystkimi osobami powo\u0142anymi do \u017cycia zakonnego i\u00a0prosimy o\u00a0nowe, \u015bwi\u0119te powo\u0142ania do tej szczeg\u00f3lnej s\u0142u\u017cby. Swoj\u0105 wdzi\u0119czn\u0105 modlitw\u0105 i\u00a0pami\u0119ci\u0105 obejmijmy szczeg\u00f3lnie <strong>Siostry S\u0142u\u017cebniczki Starowiejskie<\/strong> pos\u0142uguj\u0105ce w\u00a0naszej parafii. Taca z\u00a0Uroczysto\u015bci MB Gromnicznej b\u0119dzie przeznaczona na potrzeby <strong>Si\u00f3str Klauzurowych w\u00a0naszej Archidiecezji<\/strong>.<\/li>\n<li>W tym tygodniu przypada<strong> I czwartek, pi\u0105tek i I sobota miesi\u0105ca.<\/strong> Adoracja Naj\u015bwi\u0119tszego Sakramentu wieczorem tylko w czwartek. Za\u015b pi\u0105tkowa, ca\u0142odzienna adoracja rozpocznie si\u0119 po Mszy \u015bw. o godz. 10.00 i b\u0119dzie trwa\u0142a do godz. 16.00. Spowied\u017a w\u00a0pi\u0105tek od godz. 16.00.<\/li>\n<li>W pi\u0105tek przed po\u0142udniem<strong> odwiedziny chorych w domach z Komuni\u0105 \u015bw<\/strong>. Ze wzgl\u0119du na \u015bwi\u0119to i Msze \u015bw. przed po\u0142udniem, niekt\u00f3rzy ksi\u0119\u017ca rozpoczn\u0105 odwiedziny nieco p\u00f3\u017aniej, st\u0105d prosimy o cierpliwo\u015b\u0107 w oczekiwaniu.<\/li>\n<li>W sobot\u0119 3 lutego przypada <strong>wspomnienie \u015bw. B\u0142a\u017ceja bpa<\/strong>. Po\u015bwi\u0119cenie \u015bwiec i\u00a0jab\u0142ek po ka\u017cdej Mszy \u015bw.<\/li>\n<li>W sobot\u0119 wszystkich czcicieli Matki Bo\u017cej, zapraszamy na kolejne <strong>nabo\u017ce\u0144stwo I\u00a0soboty<\/strong>, <strong>wynagradzaj\u0105ce Niepokalanemu Sercu NMP<\/strong>, po\u0142\u0105czone z modlitw\u0105 r\u00f3\u017ca\u0144cow\u0105 na godz. 17.00.<\/li>\n<li>W Siewcy do nabycia <strong>prasa i publikacje katolickie<\/strong> \u2013 serdecznie polecamy<strong>.<\/strong> Z r\u0105k ministrant\u00f3w mo\u017cna odebra\u0107 kolejne darmowe wydanie <strong>Dobrych Nowin<\/strong>.<\/li>\n<\/ol>\n<p><strong><u>Intencje zbiorowe: <\/u><\/strong><\/p>\n<ul>\n<li>W intencji nowennowych pr\u00f3\u015bb i podzi\u0119kowa\u0144 do MB Pocieszenia \u2013 \u015broda, godz. 18.00.<\/li>\n<li>Msze \u015bw. gregoria\u0144skie za \u015bp. Janin\u0119 i Jana Mierzw\u0119, pocz\u0105tek \u2013 \u015broda, godz. 7.00.<\/li>\n<li>Msze \u015bw. gregoria\u0144skie za \u015bp. Ann\u0119 Bartu\u015b, pocz\u0105tek \u2013 czwartek, godz. 7.00 (poza parafi\u0105).<\/li>\n<li>Z intencji Bractwa Szkaplerza \u015awi\u0119tego \u2013 pi\u0105tek, godz. 10.00 i sobota, godz. 18.00.<\/li>\n<li>Z intencji Stra\u017cy Honorowej NSPJ \u2013 pi\u0105tek, godz. 18.00.<\/li>\n<li>Z R\u00f3\u017cy b\u0142. Anieli Salawy \u2013 niedziela, godz. 8.30.<\/li>\n<\/ul>\n<p>W ostatnim tygodniu odeszli od nas do wieczno\u015bci <strong>\u015bp. Danuta Kaciuba i Edward Hanasiewicz <\/strong>z ul.\u00a0Kopernika, <strong>Katarzyna Pysz<\/strong> z ul. Mickiewicza i\u00a0<strong>Andrzej Maluszczak<\/strong> z\u00a0ul. Spokojnej \u2013 wieczny odpoczynek \u2026..<\/p>\n","protected":false},"excerpt":{"rendered":"<p>Dzi\u015b zapraszamy jeszcze na nabo\u017ce\u0144stwo eucharystyczne z Koronk\u0105 do Bo\u017cego Mi\u0142osierdzia o\u00a0godz. 17.30. B\u0119dziemy modli\u0107 si\u0119 szczeg\u00f3lnie w intencji os\u00f3b konsekrowanych i prosi\u0107 o nowe powo\u0142ania do s\u0142u\u017cby zakonnej. W pi\u0105tek 2 lutego \u015awi\u0119to Ofiarowania Pa\u0144skiego zwane popularnie \u015bwi\u0119tem MB. Gromnicznej. Msze \u015bw. w naszym ko\u015bciele o godz. 30, 7.00, 8.30 i 10.00 oraz popo\u0142udniu [&hellip;]<\/p>\n","protected":false},"author":4,"featured_media":0,"comment_status":"closed","ping_status":"open","sticky":false,"template":"","format":"standard","meta":[],"categories":[5],"tags":[],"_links":{"self":[{"href":"https:\/\/lezajsk.przemyska.pl\/index.php?rest_route=\/wp\/v2\/posts\/5702"}],"collection":[{"href":"https:\/\/lezajsk.przemyska.pl\/index.php?rest_route=\/wp\/v2\/posts"}],"about":[{"href":"https:\/\/lezajsk.przemyska.pl\/index.php?rest_route=\/wp\/v2\/types\/post"}],"author":[{"embeddable":true,"href":"https:\/\/lezajsk.przemyska.pl\/index.php?rest_route=\/wp\/v2\/users\/4"}],"replies":[{"embeddable":true,"href":"https:\/\/lezajsk.przemyska.pl\/index.php?rest_route=%2Fwp%2Fv2%2Fcomments&post=5702"}],"version-history":[{"count":1,"href":"https:\/\/lezajsk.przemyska.pl\/index.php?rest_route=\/wp\/v2\/posts\/5702\/revisions"}],"predecessor-version":[{"id":5703,"href":"https:\/\/lezajsk.przemyska.pl\/index.php?rest_route=\/wp\/v2\/posts\/5702\/revisions\/5703"}],"wp:attachment":[{"href":"https:\/\/lezajsk.przemyska.pl\/index.php?rest_route=%2Fwp%2Fv2%2Fmedia&parent=5702"}],"wp:term":[{"taxonomy":"category","embeddable":true,"href":"https:\/\/lezajsk.przemyska.pl\/index.php?rest_route=%2Fwp%2Fv2%2Fcategories&post=5702"},{"taxonomy":"post_tag","embeddable":true,"href":"https:\/\/lezajsk.przemyska.pl\/index.php?rest_route=%2Fwp%2Fv2%2Ftags&post=5702"}],"curies":[{"name":"wp","href":"https:\/\/api.w.org\/{rel}","templated":true}]}}