
{"id":5641,"date":"2018-01-21T00:16:18","date_gmt":"2018-01-20T23:16:18","guid":{"rendered":"http:\/\/lezajsk.przemyska.pl\/?p=5641"},"modified":"2018-01-21T00:17:39","modified_gmt":"2018-01-20T23:17:39","slug":"iii-niedziela-zwykla-21-01-2018-r","status":"publish","type":"post","link":"https:\/\/lezajsk.przemyska.pl\/?p=5641","title":{"rendered":"III Niedziela zwyk\u0142a (21.01.2018 r.)"},"content":{"rendered":"<ol>\n<li>Dzi\u015b po Mszy \u015bw. o godz. 16.00 w naszym ko\u015bciele odb\u0119dzie si\u0119 <strong>koncert kol\u0119d w\u00a0ramach cyklu \u201eMa\u0142e i wielkie kol\u0119dowanie<\/strong>\u201d w wykonaniu zespo\u0142\u00f3w MCK.<\/li>\n<li>Ze wzgl\u0119du na koncert kol\u0119d <strong>nie b\u0119dzie dzi\u015b wieczornego nabo\u017ce\u0144stwa o godz. 17.30.<\/strong><\/li>\n<li>We wtorek o godz. 15.30 <strong>zbi\u00f3rka wszystkich ministrant\u00f3w i lektor\u00f3w<\/strong>.<\/li>\n<li>W czwartek <strong>\u015awi\u0119to Nawr\u00f3cenia \u015bw. Paw\u0142a<\/strong> i zako\u0144czenie <strong>Tygodnia Powszechnej Modlitwy o\u00a0Jedno\u015b\u0107 Chrze\u015bcijan<\/strong>. Z tej okazji zapraszamy w czwartek na specjalne nabo\u017ce\u0144stwo eucharystyczne z modlitw\u0105 r\u00f3\u017ca\u0144cow\u0105 o godz. 17.30. Za udzia\u0142 w tym nabo\u017ce\u0144stwie mo\u017cna zyska\u0107 odpust zupe\u0142ny.<\/li>\n<li>Tak\u017ce we czwartek 25 stycznia<strong>, zapraszamy wszystkich nauczycieli i pracownik\u00f3w o\u015bwiaty<\/strong> na spotkanie op\u0142atkowo &#8211; kol\u0119dowe w ramach Duszpasterstwa Nauczycieli. Rozpocznie si\u0119 ono Msz\u0105 \u015bw. o godz. 18.00 a po Niej spotkanie na plebani.<\/li>\n<li><strong>W pi\u0105tek 26 stycznia<\/strong>, po Mszy \u015bw. wieczornej, serdecznie zapraszamy ca\u0142\u0105 Rad\u0119 Duszpastersk\u0105 a tak\u017ce wszystkie osoby, kt\u00f3re w tym roku s\u0142u\u017cy\u0142y swoja pomoc\u0105 i\u00a0roznosi\u0142y \u015bwi\u0105teczne op\u0142atki, na <strong>spotkanie kol\u0119dowo &#8211; op\u0142atkowe<\/strong>. Wsp\u00f3lnemu kol\u0119dowaniu b\u0119dzie akompaniowa\u0142 p. Zdzis\u0142aw Zawilski.<\/li>\n<li>W pi\u0105tek zako\u0144czyli\u015bmy doroczn\u0105 wizyt\u0119 duszpastersk\u0105. W imieniu wszystkich ksi\u0119\u017cy pracuj\u0105cych w naszej parafii, <strong>wyra\u017camy serdeczne podzi\u0119kowanie wszystkim rodzinom za \u017cyczliwe przyj\u0119cie i go\u015bcinno\u015b\u0107<\/strong>. B\u00f3g zap\u0142a\u0107 za sk\u0142adane z\u00a0okazji kol\u0119dy ofiary dla kap\u0142an\u00f3w i ministrant\u00f3w a tak\u017ce za ofiary sk\u0142adane na potrzeby remontowe przy naszej parafii. Niech Bo\u017ce b\u0142ogos\u0142awie\u0144stwo wniesione w\u00a0Wasze domy i\u00a0mieszkania, towarzyszy Wam w ka\u017cdym dniu Nowego Roku.<\/li>\n<li><strong>Bractwo Szkaplerza \u015awi\u0119tego<\/strong>, zaprasza na pielgrzymk\u0119 do Jaros\u0142awskiego Opactwa w\u00a0ramach Regionalnego Spotkania Rodziny Szkaplerznej w dniu 27 stycznia. Wyjazd w\u00a0sobot\u0119 o godz. 8.00 z dworca PKS i o godz. 8.10 z parkingu przy ko\u015bciele. Zapisy w\u00a0zakrystii.<\/li>\n<li>W zwi\u0105zku z tym, \u017ce za tydzie\u0144 rozpoczynaj\u0105 si\u0119 ferie zimowe, od najbli\u017cszej niedzieli, przez trzy kolejne niedziele, do 11 lutego w\u0142\u0105czenie, <strong>nie b\u0119dzie Mszy \u015bw. w\u00a0ma\u0142ym ko\u015bciele. <\/strong><\/li>\n<li>W Siewcy do nabycia <strong>publikacje i prasa katolicka. <\/strong><\/li>\n<li><strong>Przychodnia Lekarska<\/strong> przy naszym szpitalu zaprasza na bezp\u0142atne badania ramach profilaktyki raka jelita grubego. Szczeg\u00f3\u0142y na tablicy og\u0142osze\u0144.<\/li>\n<li><strong>Zaproszenie:<\/strong> Zesp\u00f3\u0142 Pie\u015bni i Ta\u0144ca \u201eZiemia Le\u017cajska\u201d zaprasza za tydzie\u0144 w niedziel\u0119 na <strong>Koncert Noworoczny<\/strong>, kt\u00f3ry odb\u0119dzie si\u0119 w auli Franciszka\u0144skiego O\u015brodka Kultury przy Bazylice OO. Bernardyn\u00f3w. Pocz\u0105tek godz. 17.00.<\/li>\n<\/ol>\n<p><strong><u>Intencje zbiorowe: <\/u><\/strong><\/p>\n<ul>\n<li>Za \u015bp. Paw\u0142a \u0141api\u0144skiego \u2013 intencja od kole\u017canek i koleg\u00f3w synowej Moniki z\u00a0Powiatowego Urz\u0119du Pracy w Le\u017cajsku \u2013 poniedzia\u0142ek, godz. 6.30.<\/li>\n<li>Za \u015bp. Agat\u0119 Urba\u0144sk\u0105 \u2013 intencja od kole\u017canek i koleg\u00f3w z klasy \u2013 poniedzia\u0142ek, godz. 18.00.<\/li>\n<li>W intencji nowennowych pr\u00f3\u015bb i podzi\u0119kowa\u0144 do MB Pocieszenia \u2013 \u015broda, godz. 18.00.<\/li>\n<li>Za \u015bp. W\u0142adys\u0142aw\u0119 Opiat \u2013 intencja od s\u0105siad\u00f3w z klatki \u2013 czwartek, godz. 6.30.<\/li>\n<li>Za \u015bp. Mari\u0119 Nowak \u2013 intencja od s\u0105siad\u00f3w z ul. Kopernika 2 \u2013 pi\u0105tek, godz. 6.30.<\/li>\n<li>Za \u015bp. Danut\u0119 Szwedo \u2013 intencja od s\u0105siad\u00f3w z bloku przy ul. Ko\u0142\u0142\u0105taja 6 \u2013 pi\u0105tek, godz. 6.30.<\/li>\n<li>Za \u015bp. Adama Bazylewicza \u2013 intencja od s\u0105siad\u00f3w z ul. Kopernika 9 \u2013 pi\u0105tek, godz. 7.00.<\/li>\n<li>Z R\u00f3\u017cy MB Pocieszenia \u2013 niedziela, godz. 8.30.<\/li>\n<\/ul>\n<p>W ostatnim tygodniu odeszli od nas do wieczno\u015bci <strong>\u015bp. Rudolf Maniecki <\/strong>z ul.\u00a0Sandomierskiej i\u00a0<strong>Stanis\u0142aw Czerwonka<\/strong> z ul. Staszica \u2013 wieczny odpoczynek \u2026..<\/p>\n","protected":false},"excerpt":{"rendered":"<p>Dzi\u015b po Mszy \u015bw. o godz. 16.00 w naszym ko\u015bciele odb\u0119dzie si\u0119 koncert kol\u0119d w\u00a0ramach cyklu \u201eMa\u0142e i wielkie kol\u0119dowanie\u201d w wykonaniu zespo\u0142\u00f3w MCK. Ze wzgl\u0119du na koncert kol\u0119d nie b\u0119dzie dzi\u015b wieczornego nabo\u017ce\u0144stwa o godz. 17.30. We wtorek o godz. 15.30 zbi\u00f3rka wszystkich ministrant\u00f3w i lektor\u00f3w. W czwartek \u015awi\u0119to Nawr\u00f3cenia \u015bw. Paw\u0142a i zako\u0144czenie [&hellip;]<\/p>\n","protected":false},"author":4,"featured_media":0,"comment_status":"closed","ping_status":"open","sticky":false,"template":"","format":"standard","meta":[],"categories":[5],"tags":[],"_links":{"self":[{"href":"https:\/\/lezajsk.przemyska.pl\/index.php?rest_route=\/wp\/v2\/posts\/5641"}],"collection":[{"href":"https:\/\/lezajsk.przemyska.pl\/index.php?rest_route=\/wp\/v2\/posts"}],"about":[{"href":"https:\/\/lezajsk.przemyska.pl\/index.php?rest_route=\/wp\/v2\/types\/post"}],"author":[{"embeddable":true,"href":"https:\/\/lezajsk.przemyska.pl\/index.php?rest_route=\/wp\/v2\/users\/4"}],"replies":[{"embeddable":true,"href":"https:\/\/lezajsk.przemyska.pl\/index.php?rest_route=%2Fwp%2Fv2%2Fcomments&post=5641"}],"version-history":[{"count":2,"href":"https:\/\/lezajsk.przemyska.pl\/index.php?rest_route=\/wp\/v2\/posts\/5641\/revisions"}],"predecessor-version":[{"id":5643,"href":"https:\/\/lezajsk.przemyska.pl\/index.php?rest_route=\/wp\/v2\/posts\/5641\/revisions\/5643"}],"wp:attachment":[{"href":"https:\/\/lezajsk.przemyska.pl\/index.php?rest_route=%2Fwp%2Fv2%2Fmedia&parent=5641"}],"wp:term":[{"taxonomy":"category","embeddable":true,"href":"https:\/\/lezajsk.przemyska.pl\/index.php?rest_route=%2Fwp%2Fv2%2Fcategories&post=5641"},{"taxonomy":"post_tag","embeddable":true,"href":"https:\/\/lezajsk.przemyska.pl\/index.php?rest_route=%2Fwp%2Fv2%2Ftags&post=5641"}],"curies":[{"name":"wp","href":"https:\/\/api.w.org\/{rel}","templated":true}]}}