
{"id":5553,"date":"2018-01-13T20:29:10","date_gmt":"2018-01-13T19:29:10","guid":{"rendered":"http:\/\/lezajsk.przemyska.pl\/?p=5553"},"modified":"2018-01-14T15:58:36","modified_gmt":"2018-01-14T14:58:36","slug":"ii-niedziela-zwykla-14-01-2018-r","status":"publish","type":"post","link":"https:\/\/lezajsk.przemyska.pl\/?p=5553","title":{"rendered":"II Niedziela zwyk\u0142a (14.01.2018 r.)"},"content":{"rendered":"<ol>\n<li>Dzi\u015b zapraszamy na kolejny <strong>Wiecz\u00f3r Uwielbienia z osobist\u0105 modlitw\u0105 z\u0142o\u017cenia swojego \u017cycia<\/strong> <strong>w \u017c\u0142\u00f3bku Pana Jezusa<\/strong>. Opraw\u0119 muzyczn\u0105 \u015bpiewem kol\u0119d, zapewni\u0105 tym razem piesi i duchowi pielgrzymi na Jasn\u0105 G\u00f3r\u0119. Przed nabo\u017ce\u0144stwem mo\u017cna sk\u0142ada\u0107 <strong>osobiste pro\u015bby<\/strong> czy podzi\u0119kowania do Pana Jezusa na o\u0142tarzu MB, kt\u00f3re zostan\u0105 odczytane podczas nabo\u017ce\u0144stwa. Nabo\u017ce\u0144stwo b\u0119dzie te\u017c transmitowane przez <strong>Archidiecezjalne Radio FARA<\/strong> i b\u0119dzie je mo\u017cna ogl\u0105da\u0107 za po\u015brednictwem kamery na naszej internetowej stronie parafialnej. Nabo\u017ce\u0144stwo rozpocznie si\u0119 po Mszy \u015bw. wieczornej <strong>oko\u0142o godz. 19.00<\/strong>. W zwi\u0105zku z tym, dzi\u015b wyj\u0105tkowo nie b\u0119dzie nabo\u017ce\u0144stwa o godz. 17.30.<\/li>\n<li>Do czwartku w\u0142\u0105cznie b\u0119dzie trwa\u0142a jeszcze <strong>wizyta duszpasterska<\/strong> zgodnie z\u00a0harmonogramem, kt\u00f3ry jest wywieszony w\u00a0gablocie jak i\u00a0na stronie internetowej naszej parafii w zak\u0142adce z og\u0142oszeniami. W pi\u0105tek od godz. 16.00, ch\u0119tnie odwiedzimy te rodziny, kt\u00f3re z\u00a0przyczyn obiektywnych nie mia\u0142y kol\u0119dy a chcia\u0142yby takich odwiedzin. Zainteresowanych prosimy o zg\u0142oszenie si\u0119 w\u00a0zakrystii.<\/li>\n<li>Jutro <strong>spotkanie Akcji Katolickiej po Mszy \u015bw. wieczornej, <\/strong>na kt\u00f3re wszystkich cz\u0142onk\u00f3w, kandydat\u00f3w jak i\u00a0sympatyk\u00f3w serdecznie zapraszamy.<\/li>\n<li>We czwartek 18 stycznia, rozpoczyna si\u0119 doroczny <strong>Tydzie\u0144 Modlitw o Jedno\u015b\u0107 Chrze\u015bcijan<\/strong>, kt\u00f3ry zako\u0144czy si\u0119 25 stycznia \u015bwi\u0119tem Nawr\u00f3cenia \u015aw. Paw\u0142a. Ka\u017cdy, kto w\u00a0czasie trwania tego\u017c tygodnia uczyni co\u015b dla jedno\u015bci Ko\u015bcio\u0142a (modlitwa, post, ja\u0142mu\u017cna itp.) i\u00a0we\u017amie udzia\u0142 w\u00a0jego zako\u0144czeniu, zyskuje odpust zupe\u0142ny po zwyk\u0142ymi warunkami.<\/li>\n<li>W pi\u0105tek przypada liturgiczne <strong>wspomnienie \u015bw. J\u00f3zefa Sebastiana Pelczara<\/strong>. Z tej okazji b\u0119dzie mo\u017cna uczci\u0107 Jego relikwie, kt\u00f3re b\u0119d\u0105 wystawione na o\u0142tarzu Matki Bo\u017cej.<\/li>\n<li><strong>Bractwo Szkaplerza \u015awi\u0119tego wraz ze Stra\u017c\u0105 Honorow\u0105 NSPJ, <\/strong>zapraszaj\u0105 wszystkich swoich cz\u0142onk\u00f3w na wsp\u00f3lne spotkanie op\u0142atkowe i kol\u0119dowanie w sobot\u0119 20 stycznia. Spotkanie rozpocznie si\u0119 <strong>Msz\u0105 \u015bw. o godz. 16.00 w Farze<\/strong>.<\/li>\n<li><strong>Bractwo Szkaplerza \u015awi\u0119tego<\/strong>, zaprasza na pielgrzymk\u0119 do Jaros\u0142awskiego Opactwa w\u00a0ramach Regionalnego Spotkania Rodziny Szkaplerznej w dniu 27 stycznia. Zapisy w\u00a0zakrystii.<\/li>\n<li>Za tydzie\u0144 w niedziel\u0119 po Mszy \u015bw. o godz. 16.00 w naszym ko\u015bciele odb\u0119dzie si\u0119 <strong>koncert kol\u0119d w\u00a0ramach cyklu \u201eMa\u0142e i wielkie kol\u0119dowanie<\/strong>\u201d w wykonaniu zespo\u0142\u00f3w MCK.<\/li>\n<li>Dzisiejsza <strong>taca mszalna<\/strong> jest przeznaczona na planowane w tym roku kolejne prace remontowe przy naszej parafii.<\/li>\n<li>W <strong>Siewcy<\/strong> do nabycia prasa i publikacje katolickie.<\/li>\n<\/ol>\n<p><strong>\u00a0<\/strong><strong><u>Intencje zbiorowe: <\/u><\/strong><\/p>\n<ul>\n<li>Za \u015bp. W\u0142adys\u0142awa Czubat \u2013 intencja od pracownik\u00f3w Banku Sp\u00f3\u0142dzielczego w Le\u017cajsku \u2013 poniedzia\u0142ek, godz. 7.00.<\/li>\n<li>Za \u015bp. Ann\u0119 i Dominik\u0119 Nag\u00f3rny \u2013 intencja od wychowawcy oraz kole\u017canek i koleg\u00f3w z\u00a0klasy 1H ZSL w Le\u017cajsku \u2013 poniedzia\u0142ek, godz. 7.00.<\/li>\n<li>Za \u015bp. Leona S\u0119ka \u2013 intencja od s\u0105siad\u00f3w c\u00f3rki z ul. Akacjowej \u2013 wtorek, godz. 6.30.<\/li>\n<li>Za dusze w czy\u015b\u0107cu cierpi\u0105ce \u2013 intencja od Apostolskiego Dzie\u0142a Pomocy Duszom Czy\u015b\u0107cowym \u2013 wtorek i czwartek, godz. 6.30.<\/li>\n<li>Za \u015bp. Franciszka D\u0105bka \u2013 intencja od pracownik\u00f3w Przedszkola nr 4 i Gimnazjum w Le\u017cajsku \u2013 wtorek, godz. 6.30.<\/li>\n<li>W intencji nowennowych pr\u00f3\u015bb i podzi\u0119kowa\u0144 do MB Pocieszenia \u2013 \u015broda, godz. 18.00.<\/li>\n<li>Za \u015bp. Paw\u0142a \u0141api\u0144skiego \u2013 intencja od\u00a0 kole\u017canek i koleg\u00f3w synowej Moniki z Powiatowego Urz\u0119du Pracy w Le\u017cajsku \u2013 czwartek, godz. 6.30 i od s\u0105siad\u00f3w z klatki \u2013 pi\u0105tek, godz. 7.00.<\/li>\n<li>Za \u015bp. Jana Podobi\u0144skiego \u2013 intencja od pracownik\u00f3w piekarni w Le\u017cajsku \u2013 pi\u0105tek, godz. 18.00 (poza parafi\u0105).<\/li>\n<\/ul>\n<p>W ostatnim tygodniu odesz\u0142a od nas do wieczno\u015bci <strong>\u015bp.<\/strong> <strong>Maria Kowenicka <\/strong>z\u00a0ul. Spokojnej \u2013 wieczny odpoczynek \u2026..<\/p>\n<p><strong>Plan wizyty duszpasterskiej<\/strong><\/p>\n<p><strong>15-18.01. 2018 r.<\/strong><\/p>\n<p><strong><u>Poniedzia\u0142ek 15.01.2018 \u2013 godz. 15.00<\/u><\/strong><\/p>\n<ol>\n<li>Ksi\u0105dz Kamil &#8211; ul. Ko\u0142\u0142\u0105taja 10 (mieszkania 11-45)<\/li>\n<li>Ksi\u0105dz Piotr \u2013 ul. Sanowa (od pocz\u0105tku, potem Polna i Wi\u0119c\u0142awa \u015al\u0105skiego)<\/li>\n<li>Ksi\u0105dz Dariusz \u2013 ul. Sanowa (od ko\u0144ca)<\/li>\n<li>Ksi\u0105dz Proboszcz \u2013 Plac Dworcowy i ul. Mickiewicza (od dworca)<\/li>\n<li>Ksi\u0105dz Grzegorz \u2013 ul. \u017bwirki i Wigury, Plac Jaszowskiego, Furgalskiego i\u00a0Mickiewicza od strony Rynku) \u2013 Msza \u015bw.<\/li>\n<\/ol>\n<p><strong><u>Wtorek 16.01.2018 \u2013 godz. 15.00<\/u><\/strong><\/p>\n<ol>\n<li>Ksi\u0105dz Piotr \u2013 ul. Rynek i Rzeszowska (od Rynku)<\/li>\n<li>Ksi\u0105dz Proboszcz \u2013 ul. Rzeszowska (od Giedlarowej)<\/li>\n<li>Ksi\u0105dz Dariusz \u2013 G\u00f3rna, Kr\u00f3tka, Piekarska, Plac Targowy i Targowa<\/li>\n<li>Ksi\u0105dz Grzegorz \u2013 ul. Wa\u0142owa i Kwiatowa \u2013 Msza \u015bw.<\/li>\n<li>Ksi\u0105dz Kamil \u2013 ul. S\u0142owackiego i Sp\u00f3\u0142dzielcza<\/li>\n<\/ol>\n<p><strong><u>\u015aroda 17.01.2018 \u2013 godz. 15.00<\/u><\/strong><\/p>\n<ol>\n<li>Ksi\u0105dz Kamil \u2013 ul. Szkolna i Garncarska \u2013 Msza \u015bw.<\/li>\n<li>Ksi\u0105dz Piotr \u2013 ul. Zmuliska<\/li>\n<li>Ksi\u0105dz Grzegorz \u2013 ul. Reymonta<\/li>\n<li>Ksi\u0105dz Dariusz \u2013 Akacjowa, Klonowa, Wierzbowa<\/li>\n<li>Ksi\u0105dz Robert \u2013 ul. Baczy\u0144skiego i Witosa<\/li>\n<li>Ksi\u0105dz Proboszcz \u2013 Sportowa<\/li>\n<\/ol>\n<p><u><\/u><strong><u>Czwartek 18.01.2017 \u2013 godz. 15.00 <\/u><\/strong><\/p>\n<ol>\n<li><strong>\u00a0<\/strong>Ksi\u0105dz Robert \u2013 ul. Sikorskiego i B\u0142onie<\/li>\n<li>Ksi\u0105dz Dariusz \u2013 ul. 28 Maja i Nizinna \u2013 Msza \u015bw.<\/li>\n<li>Ksi\u0105dz Proboszcz \u2013 ul. Podolszyny (od pocz\u0105tku)<\/li>\n<li>Ksi\u0105dz Kamil\u2013 ul. Podolszyny (od pocz\u0105tku)<\/li>\n<li>Ksi\u0105dz Piotr \u2013 ul. Podolszyny (od ko\u0144ca)<\/li>\n<li>Ksi\u0105dz Grzegorz \u2013 ul. Podolszyny (od ko\u0144ca)<\/li>\n<\/ol>\n","protected":false},"excerpt":{"rendered":"<p>Dzi\u015b zapraszamy na kolejny Wiecz\u00f3r Uwielbienia z osobist\u0105 modlitw\u0105 z\u0142o\u017cenia swojego \u017cycia w \u017c\u0142\u00f3bku Pana Jezusa. Opraw\u0119 muzyczn\u0105 \u015bpiewem kol\u0119d, zapewni\u0105 tym razem piesi i duchowi pielgrzymi na Jasn\u0105 G\u00f3r\u0119. Przed nabo\u017ce\u0144stwem mo\u017cna sk\u0142ada\u0107 osobiste pro\u015bby czy podzi\u0119kowania do Pana Jezusa na o\u0142tarzu MB, kt\u00f3re zostan\u0105 odczytane podczas nabo\u017ce\u0144stwa. Nabo\u017ce\u0144stwo b\u0119dzie te\u017c transmitowane przez Archidiecezjalne [&hellip;]<\/p>\n","protected":false},"author":4,"featured_media":0,"comment_status":"closed","ping_status":"open","sticky":false,"template":"","format":"standard","meta":[],"categories":[5],"tags":[],"_links":{"self":[{"href":"https:\/\/lezajsk.przemyska.pl\/index.php?rest_route=\/wp\/v2\/posts\/5553"}],"collection":[{"href":"https:\/\/lezajsk.przemyska.pl\/index.php?rest_route=\/wp\/v2\/posts"}],"about":[{"href":"https:\/\/lezajsk.przemyska.pl\/index.php?rest_route=\/wp\/v2\/types\/post"}],"author":[{"embeddable":true,"href":"https:\/\/lezajsk.przemyska.pl\/index.php?rest_route=\/wp\/v2\/users\/4"}],"replies":[{"embeddable":true,"href":"https:\/\/lezajsk.przemyska.pl\/index.php?rest_route=%2Fwp%2Fv2%2Fcomments&post=5553"}],"version-history":[{"count":2,"href":"https:\/\/lezajsk.przemyska.pl\/index.php?rest_route=\/wp\/v2\/posts\/5553\/revisions"}],"predecessor-version":[{"id":5555,"href":"https:\/\/lezajsk.przemyska.pl\/index.php?rest_route=\/wp\/v2\/posts\/5553\/revisions\/5555"}],"wp:attachment":[{"href":"https:\/\/lezajsk.przemyska.pl\/index.php?rest_route=%2Fwp%2Fv2%2Fmedia&parent=5553"}],"wp:term":[{"taxonomy":"category","embeddable":true,"href":"https:\/\/lezajsk.przemyska.pl\/index.php?rest_route=%2Fwp%2Fv2%2Fcategories&post=5553"},{"taxonomy":"post_tag","embeddable":true,"href":"https:\/\/lezajsk.przemyska.pl\/index.php?rest_route=%2Fwp%2Fv2%2Ftags&post=5553"}],"curies":[{"name":"wp","href":"https:\/\/api.w.org\/{rel}","templated":true}]}}