
{"id":5545,"date":"2018-01-06T21:16:07","date_gmt":"2018-01-06T20:16:07","guid":{"rendered":"http:\/\/lezajsk.przemyska.pl\/?p=5545"},"modified":"2018-01-07T11:07:57","modified_gmt":"2018-01-07T10:07:57","slug":"niedziela-chrztu-panskiego-07-01-2018-r","status":"publish","type":"post","link":"https:\/\/lezajsk.przemyska.pl\/?p=5545","title":{"rendered":"Niedziela Chrztu Pa\u0144skiego (07.01.2018 r.)"},"content":{"rendered":"<ol>\n<li>Dzi\u015b zapraszamy jeszcze na <strong>nabo\u017ce\u0144stwo eucharystyczne z modlitw\u0105 r\u00f3\u017ca\u0144cow\u0105<\/strong> na 17.30.<\/li>\n<li>Wraz z dzisiejsz\u0105 niedziel\u0105 <strong>ko\u0144czymy w liturgii okres Bo\u017cego Narodzenia<\/strong>, chocia\u017c kol\u0119dy, przeplatane pie\u015bniami okresowymi, \u015bpiewamy tradycyjnie do 2\u00a0lutego.<\/li>\n<li>We wtorek <strong>nowenna do \u015bw. Antoniego<\/strong> i b\u0142ogos\u0142awie\u0144stwo dzieci. Pro\u015bby i\u00a0podzi\u0119kowania mo\u017cna sk\u0142ada\u0107 przy figurze \u015bwi\u0119tego.<\/li>\n<li>Trwa <strong>wizyta duszpasterska<\/strong> zgodnie z harmonogramem, kt\u00f3ry jest wywieszony w\u00a0gablocie jak i\u00a0na stronie internetowej naszej parafii w zak\u0142adce z og\u0142oszeniami.<\/li>\n<li>W najbli\u017csz\u0105 sobot\u0119 nasze dzieci ze SP nr 2 i m\u0142odzie\u017c z Gimnazjum b\u0119d\u0105 kol\u0119dowa\u0107 z<strong> Kol\u0119d\u0105 Misyjn\u0105<\/strong> w godz. 10.00 &#8211; 15.00. Prosimy o ich \u017cyczliwe przyj\u0119cie.<\/li>\n<li>Za tydzie\u0144 w niedziel\u0119, kolejny <strong>Wiecz\u00f3r Uwielbienia z osobist\u0105 modlitw\u0105 z\u0142o\u017cenia swojego \u017cycia<\/strong> w \u017c\u0142\u00f3bku Pana Jezusa. Opraw\u0119 muzyczn\u0105 \u015bpiewem kol\u0119d, zapewni\u0105 tym razem piesi i duchowi pielgrzymi na Jasn\u0105 G\u00f3r\u0119. Nabo\u017ce\u0144stwo rozpocznie si\u0119 po Mszy \u015bw. wieczornej oko\u0142o godz. 19.00.<\/li>\n<li>Dzisiejsza <strong>taca mszalna<\/strong> jest przeznaczona na Seminarium Duchownego w Przemy\u015blu, za\u015b w przysz\u0142\u0105, II niedziel\u0119 miesi\u0105ca, na zaplanowane na ten rok, kolejne prace remontowe przy naszej parafii o czym pisali\u015bmy m.in. w ostatnim numerze naszej parafialnej <strong>gazetki Siewca<\/strong> a tak\u017ce szczeg\u00f3\u0142owo informowali\u015bmy w\u00a0czasie nabo\u017ce\u0144stwa na zako\u0144czenie Starego Roku. W\u00a0czasie ostatniej zbi\u00f3rki ofiar z\u00a0przeznaczeniem na ten cel, zebrano \u0142\u0105cznie z\u00a0wp\u0142atami na konto kwot\u0119 <strong>32 455 z\u0142.<\/strong> Kwota ta po uwzgl\u0119dnieniu ostatnich wydatk\u00f3w i w\u00a0po\u0142\u0105czeniu z ofiarami z\u0142o\u017conymi przy okazji przyjmowanych op\u0142atk\u00f3w, sprawia, \u017ce na naszym koncie inwestycyjno &#8211; remontowym mamy kwot\u0119 <strong>268 ty\u015b. z\u0142<\/strong>. Wszystkim darczy\u0144com za zrozumienie, \u017cyczliwo\u015b\u0107 i\u00a0ka\u017cd\u0105 przekazan\u0105 z\u0142ot\u00f3wk\u0119 sk\u0142adamy serdeczne B\u00f3g zap\u0142a\u0107.<\/li>\n<li><strong>W Siewcy<\/strong> do nabycia prasa i publikacje katolickie.<\/li>\n<li><strong>Muzeum Ziemi Le\u017cajskiej<\/strong> zaprasza w najbli\u017csz\u0105 sobot\u0119 13 stycznia na wsp\u00f3lne kol\u0119dowanie przy akompaniamencie p. Zdzis\u0142awa Zawilskiego. Pocz\u0105tek, godz. 17.00.<\/li>\n<\/ol>\n<p><strong><u>Intencje zbiorowe: <\/u><\/strong><\/p>\n<ul>\n<li>Za \u015bp. Agat\u0119 Urba\u0144sk\u0105 \u2013 intencja od kole\u017canek i koleg\u00f3w z Pilawy i Stokrotki \u2013 wtorek, godz. 6.30, \u015broda, godz. 7.00 i czwartek, godz. 6.30 oraz od s\u0105siad\u00f3w z bloku nr 11 \u2013 pi\u0105tek, godz. 6.30<\/li>\n<li>Za \u015bp. Iren\u0119 Witek \u2013 intencja od pracownik\u00f3w Wojew\u00f3dzkiego Inspektoratu Budowlanego w Rzeszowie \u2013 wtorek, godz. 7.00.<\/li>\n<li>Za \u015bp. Wand\u0119 G\u0105siorek \u2013 intencja od spo\u0142eczno\u015bci szkolnej Zespo\u0142u Szk\u00f3\u0142 JP II w Grodzisku Dolnym \u2013 \u015broda, godz. 6.30.<\/li>\n<li>W intencji nowennowych pr\u00f3\u015bb i podzi\u0119kowa\u0144 do MB Pocieszenia \u2013 \u015broda, godz. 18.00.<\/li>\n<li>Za \u015bp. Leona S\u0119ka \u2013 intencja od kole\u017canek i koleg\u00f3w c\u00f3rki Katarzyny z MOPS-u w Le\u017cajsku \u2013 pi\u0105tek, godz. 6.30.<\/li>\n<li>Z intencji Ko\u0142a Przyjaci\u00f3\u0142 Radia Maryja \u2013 pi\u0105tek, godz. 18.00.<\/li>\n<li>Za \u015bp. Jerzego Kosmal\u0119 \u2013 intencja od kole\u017canek i koleg\u00f3w \u017cony \u2013 niedziela, godz. 11.00 w MK.<\/li>\n<\/ul>\n<p>W ostatnim tygodniu odszed\u0142 od nas do wieczno\u015bci <strong>\u015bp. Stanis\u0142aw Babi\u015b<\/strong> z Wierzawic \u2013 wieczny odpoczynek \u2026..<\/p>\n<p><strong>Plan wizyty duszpasterskiej<\/strong><\/p>\n<p><strong>08-13.01. 2018 r.<\/strong><\/p>\n<p><strong><u>Poniedzia\u0142ek 8.01.2018 \u2013 godz. 15.00<\/u><\/strong><\/p>\n<ol>\n<li>Ksi\u0105dz Grzegorz \u2013 ul. Kopernika 7 (mieszkania 1-35)<\/li>\n<li>Ksi\u0105dz Kamil &#8211; ul. Kopernika 7 (mieszkania 36-75)<\/li>\n<li>Ksi\u0105dz Robert &#8211; ul. Kopernika 9 (mieszkania 1-35)<\/li>\n<li>Ksi\u0105dz Proboszcz &#8211; ul. Kopernika 9 (mieszkania 36-75)<\/li>\n<li>Ksi\u0105dz Dariusz \u2013 ul. Kopernika 11 (mieszkania 1-25) \u2013 Msza \u015bw.<\/li>\n<li>Ksi\u0105dz Piotr \u2013 ul. Kopernika 11 (mieszkania 26-50)<\/li>\n<\/ol>\n<p><u><\/u><strong><u>Wtorek 9.01.2018 \u2013 godz. 15.00<\/u><\/strong><\/p>\n<ol>\n<li>Ksi\u0105dz Robert &#8211; ul. Staszica 1 i 3<\/li>\n<li>Ksi\u0105dz Kamil &#8211; ul. Staszica 2<\/li>\n<li>Ksi\u0105dz Piotr \u2013 ul. Staszica 4<\/li>\n<li>Ksi\u0105dz Grzegorz \u2013 ul. Staszica 5 i 8<\/li>\n<li>Ksi\u0105dz Proboszcz \u2013 ul. Mickiewicza 53 (mieszkania 1-25) \u2013 Msza \u015bw.<\/li>\n<li>Ksi\u0105dz Dariusz \u2013 ul. Mickiewicza 53 (mieszkania 26-50)<\/li>\n<\/ol>\n<p><strong><u>\u015aroda 10.01.2018 \u2013 godz. 15.00<\/u><\/strong><\/p>\n<ol>\n<li><strong><u>\u00a0<\/u><\/strong>Ksi\u0105dz Kamil \u2013 ul. Mickiewicza 53 (mieszkania 51-75) \u2013 Msza \u015bw.<\/li>\n<li>Ksi\u0105dz Robert \u2013 ul. Mickiewicza 54 i 60<\/li>\n<li>Ksi\u0105dz Piotr \u2013 ul. Mickiewicza 55 (mieszkania 1-37)<\/li>\n<li>Ksi\u0105dz Proboszcz \u2013 ul. Mickiewicza 55 (mieszkania 38-75)<\/li>\n<li>Ksi\u0105dz Dariusz \u2013 ul. Mickiewicza 57 (mieszkania 1-30)<\/li>\n<li>Ksi\u0105dz Grzegorz \u2013 ul. Mickiewicza 57 (mieszkania 31-60)<\/li>\n<\/ol>\n<p><u><\/u><strong><u>Czwartek 11.01.2018 \u2013 godz. 15.00<\/u><\/strong><\/p>\n<ol>\n<li>Ksi\u0105dz Kamil \u2013 Mickiewicza 62 i 64<\/li>\n<li>Ksi\u0105dz Grzegorz \u2013 Mickiewicza 63 (mieszkania 1-35)<\/li>\n<li>Ksi\u0105dz Robert \u2013 ul. Mickiewicza 63 (mieszkania 36-75)<\/li>\n<li>Ksi\u0105dz Dariusz \u2013 ul. Mickiewicza 63A<\/li>\n<li>Ksi\u0105dz Piotr \u2013 ul. Ko\u0142\u0142\u0105taja 1 i 1A<\/li>\n<li>Ksi\u0105dz Proboszcz \u2013 ul. Ko\u0142\u0142\u0105taja 4 (20) \u2013 Msza \u015bw.<\/li>\n<\/ol>\n<p><u><\/u><strong><u>Pi\u0105tek 12.01.2018 \u2013 godz. 15.00<\/u><\/strong><\/p>\n<ol>\n<li>Ksi\u0105dz Kamil \u2013 ul. Ko\u0142\u0142\u0105taja 3<\/li>\n<li>Ksi\u0105dz Piotr \u2013 ul. Ko\u0142\u0142\u0105taja 5 (25) \u2013 Msza \u015bw.<\/li>\n<li>Ksi\u0105dz Dariusz \u2013 ul. Ko\u0142\u0142\u0105taja 6 (mieszkania 1-30)<\/li>\n<li>Ksi\u0105dz Robert \u2013 Ko\u0142\u0142\u0105taja 6 (mieszkania 31-50) oraz Ko\u0142\u0142\u0105taja 7 (1-10)<\/li>\n<li>Ksi\u0105dz Grzegorz \u2013 ul. Ko\u0142\u0142\u0105taja 7 (11-45)<\/li>\n<li>Ksi\u0105dz Proboszcz &#8211; ul. Ko\u0142\u0142\u0105taja 8 i 10 (mieszkania 1-10)<\/li>\n<\/ol>\n<p><u><\/u><strong><u>Sobota 13.01.2017 \u2013 godz. 9.00<\/u><\/strong><\/p>\n<p><strong>(Domy jednorodzinne)<\/strong><\/p>\n<ol>\n<li>Ksi\u0105dz Piotr \u2013 ul. Dolna i Burmistrz\u00f3w Zawilskich<\/li>\n<li>Ksi\u0105dz Dariusz \u2013 ul. Moniuszki i Boczna Moniuszki<\/li>\n<li>Ksi\u0105dz Proboszcz \u2013 ul. Sandomierska (od pocz\u0105tku) oraz Konwaliowa, Krokusowa, B\u0142awatkowa, Irysowa i Fio\u0142kowa.<\/li>\n<li>Ksi\u0105dz Grzegorz \u2013 ul. Sandomierska (od ko\u0144ca) \u2013 Msza \u015bw.<\/li>\n<li>Ksi\u0105dz Kamil &#8211; ul. Studzienna i Spokojna<\/li>\n<li>Ksi\u0105dz Robert &#8211; ul. Ogrodowa<\/li>\n<\/ol>\n","protected":false},"excerpt":{"rendered":"<p>Dzi\u015b zapraszamy jeszcze na nabo\u017ce\u0144stwo eucharystyczne z modlitw\u0105 r\u00f3\u017ca\u0144cow\u0105 na 17.30. Wraz z dzisiejsz\u0105 niedziel\u0105 ko\u0144czymy w liturgii okres Bo\u017cego Narodzenia, chocia\u017c kol\u0119dy, przeplatane pie\u015bniami okresowymi, \u015bpiewamy tradycyjnie do 2\u00a0lutego. We wtorek nowenna do \u015bw. Antoniego i b\u0142ogos\u0142awie\u0144stwo dzieci. Pro\u015bby i\u00a0podzi\u0119kowania mo\u017cna sk\u0142ada\u0107 przy figurze \u015bwi\u0119tego. Trwa wizyta duszpasterska zgodnie z harmonogramem, kt\u00f3ry jest wywieszony [&hellip;]<\/p>\n","protected":false},"author":4,"featured_media":0,"comment_status":"closed","ping_status":"open","sticky":false,"template":"","format":"standard","meta":[],"categories":[5],"tags":[],"_links":{"self":[{"href":"https:\/\/lezajsk.przemyska.pl\/index.php?rest_route=\/wp\/v2\/posts\/5545"}],"collection":[{"href":"https:\/\/lezajsk.przemyska.pl\/index.php?rest_route=\/wp\/v2\/posts"}],"about":[{"href":"https:\/\/lezajsk.przemyska.pl\/index.php?rest_route=\/wp\/v2\/types\/post"}],"author":[{"embeddable":true,"href":"https:\/\/lezajsk.przemyska.pl\/index.php?rest_route=\/wp\/v2\/users\/4"}],"replies":[{"embeddable":true,"href":"https:\/\/lezajsk.przemyska.pl\/index.php?rest_route=%2Fwp%2Fv2%2Fcomments&post=5545"}],"version-history":[{"count":2,"href":"https:\/\/lezajsk.przemyska.pl\/index.php?rest_route=\/wp\/v2\/posts\/5545\/revisions"}],"predecessor-version":[{"id":5547,"href":"https:\/\/lezajsk.przemyska.pl\/index.php?rest_route=\/wp\/v2\/posts\/5545\/revisions\/5547"}],"wp:attachment":[{"href":"https:\/\/lezajsk.przemyska.pl\/index.php?rest_route=%2Fwp%2Fv2%2Fmedia&parent=5545"}],"wp:term":[{"taxonomy":"category","embeddable":true,"href":"https:\/\/lezajsk.przemyska.pl\/index.php?rest_route=%2Fwp%2Fv2%2Fcategories&post=5545"},{"taxonomy":"post_tag","embeddable":true,"href":"https:\/\/lezajsk.przemyska.pl\/index.php?rest_route=%2Fwp%2Fv2%2Ftags&post=5545"}],"curies":[{"name":"wp","href":"https:\/\/api.w.org\/{rel}","templated":true}]}}