
{"id":5414,"date":"2017-12-23T22:31:48","date_gmt":"2017-12-23T21:31:48","guid":{"rendered":"http:\/\/lezajsk.przemyska.pl\/?p=5414"},"modified":"2017-12-23T22:34:14","modified_gmt":"2017-12-23T21:34:14","slug":"iv-niedziela-adwentu-24-12-2017-r","status":"publish","type":"post","link":"https:\/\/lezajsk.przemyska.pl\/?p=5414","title":{"rendered":"IV Niedziela Adwentu (24.12.2017 r.)"},"content":{"rendered":"<ol>\n<li>Dzi\u015b najpi\u0119kniejszy dzie\u0144 w roku <strong>Wigilia<\/strong> \u2013 Przypominamy, \u017ce <strong><u>Msze \u015bw. dzi\u015b tylko przedpo\u0142udniem<\/u><\/strong> a wieczorem wraz z najbli\u017cszymi zasi\u0105dziemy do wigilijnego sto\u0142u. Prosimy o zachowanie religijnego wymiaru tej wyj\u0105tkowej wieczerzy. Rozpocznijmy j\u0105 od czytania Pisma \u015bw., modlitwy, kol\u0119dy a dziel\u0105c si\u0119 op\u0142atkiem, sk\u0142adajmy sobie serdeczne i\u00a0szczere \u017cyczenia. Pami\u0119tajmy o tych, kt\u00f3rzy od nas ju\u017c odeszli a swoj\u0105 wigili\u0119 prze\u017cywaj\u0105 z Bogiem w\u00a0niebie. Jest to r\u00f3wnocze\u015bnie <strong>dzie\u0144 imienin ks. abpa Adama Szala<\/strong>, o kt\u00f3rym pami\u0119tajmy w naszych modlitwach.<\/li>\n<li>Ukoronowaniem wigilijnego czuwania b\u0119dzie uroczysta <strong>Pasterka<\/strong> o p\u00f3\u0142nocy, na kt\u00f3r\u0105 wszystkich parafian i go\u015bci serdecznie zapraszamy. Pasterka b\u0119dzie w obu ko\u015bcio\u0142ach. Taca mszalna z Pasterki jest przeznaczona na Fundusz Ochrony \u017bycia i Dom Samotnej Matki w\u00a0Przemy\u015blu.<\/li>\n<li>W <strong>Bo\u017ce Narodzenie jak i w \u015bwi\u0119to \u015bw. Szczepana<\/strong>, Msze \u015bw. przedpo\u0142udniem jak w\u00a0ka\u017cd\u0105 niedziel\u0119. <strong>Nie b\u0119dzie tylko Mszy \u015bw. o godz. 16.00<\/strong> i nabo\u017ce\u0144stwa.<\/li>\n<li>W \u015brod\u0119 <strong>\u015bwi\u0119to<\/strong> <strong>\u015bw. Jana Aposto\u0142a<\/strong>. B\u0142ogos\u0142awie\u0144stwo wina po ka\u017cdej Mszy \u015bw.<\/li>\n<li>W czwartek <strong>\u015bwi\u0119to \u015bw. M\u0142odziank\u00f3w<\/strong>.<\/li>\n<li>Za tydzie\u0144 w niedziel\u0119 <strong>\u015bwi\u0119to \u015awi\u0119tej Rodziny<\/strong>.<\/li>\n<li>Tak\u017ce za tydzie\u0144 w niedziel\u0119 31 grudnia, <strong>ostatni dzie\u0144 Roku Pa\u0144skiego 2017<\/strong>. Z tej okazji wieczorem, ale tylko <strong>o\u00a0godz. 16.00,<\/strong> zostanie odprawione nabo\u017ce\u0144stwa przeb\u0142agalno &#8211; dzi\u0119kczynne na <strong>zako\u0144czenie Starego Roku<\/strong>, na kt\u00f3re bardzo serdecznie wszystkich zapraszamy. Za udzia\u0142 w tym nabo\u017ce\u0144stwie mo\u017cna zyska\u0107 odpust zupe\u0142ny. Nie b\u0119dzie Mszy \u015bw. o godz. 18.00.<\/li>\n<li>W tym tygodniu od czwartku do soboty, rozpoczniemy doroczn\u0105 wizyt\u0119 duszpastersk\u0105 <strong> kol\u0119d\u0119<\/strong>. Kol\u0119da b\u0119dzie si\u0119 rozpoczyna\u0107 w dni robocze <strong>o\u00a0godz. 15.00 a w soboty o\u00a0godz. 9.00<\/strong>. Szczeg\u00f3\u0142owy plan wizyty duszpasterskiej jest wywieszony w\u00a0gablocie i na naszej stronie internetowej w\u00a0zak\u0142adce og\u0142oszenia.<\/li>\n<li>W Siewcy do nabycia s\u0105 \u015bwi\u0105teczne wydania<strong> prasy katolickiej oraz sianko na st\u00f3\u0142 wigilijny a<\/strong> przed ko\u015bcio\u0142em z r\u0105k ministrant\u00f3w mo\u017cna odebra\u0107 najnowszy numer naszej parafialnej <strong>gazetki Siewca.<\/strong><\/li>\n<li>Dla przypomnienia <strong>godziny odprawiania Mszy \u015bw<\/strong>. w czasie \u015bwi\u0105t s\u0105 zamieszczone na parafialnej stronie internetowej, w gazetce parafialnej i w gablocie.<\/li>\n<\/ol>\n<p><u><\/u><strong><u>Intencje zbiorowe: <\/u><\/strong><\/p>\n<ul>\n<li>Z R\u00f3\u017cy \u015bw. Jana Paw\u0142a II \u2013 poniedzia\u0142ek, godz. 11.30.<\/li>\n<li>W intencji nowennowych pr\u00f3\u015bb i podzi\u0119kowa\u0144 do MB Pocieszenia \u2013 \u015broda godz. 18.00.<\/li>\n<li>Za \u015bp. Ann\u0119 Kowalsk\u0105 \u2013 intencja od pracownik\u00f3w Przychodni Lekarz Rodzinny w Le\u017cajsku \u2013 czwartek, godz. 6.30.<\/li>\n<li>Za \u015bp. Janusza Chamiec \u2013 intencja od kole\u017canek i koleg\u00f3w z ul. Podzwoerzyniec \u2013 czwartek, godz. 7.00.<\/li>\n<li>Z intencji Bractwa Szkaplerza \u015awi\u0119tego \u2013 niedziela, godz. 10.00.<\/li>\n<li>Za \u015bp. Tomasza Wnuka \u2013 intencja od s\u0105siad\u00f3w z klatki \u2013 niedziela, godz. 11.00 w MK.<\/li>\n<\/ul>\n<p>W ostatnim tygodniu odszed\u0142 od nas do wieczno\u015bci <strong>\u015bp. Jan Podobi\u0144ski<\/strong> z ul. Braci \u015aniadeckich \u2013 wieczny odpoczynek \u2026..<\/p>\n<p><strong>Plan wizyty duszpasterskiej <\/strong><\/p>\n<p><strong>28.12.2017 &#8211; 30.12. 2017 r. <\/strong><\/p>\n<p><strong><u>Czwartek 28.12.2017 \u2013 godz. 15.00<\/u><\/strong><\/p>\n<ol>\n<li>Ksi\u0105dz Proboszcz \u2013 ul. Sk\u0142odowskiej 1 (mieszkania1-30)<\/li>\n<li>Ksi\u0105dz Kamil \u2013 ul. Sk\u0142odowskiej 1 (mieszkania 31-62)<\/li>\n<li>Ksi\u0105dz Piotr \u2013 ul. Sk\u0142odowskiej 3<\/li>\n<li>Ksi\u0105dz Dariusz \u2013 ul. Sk\u0142odowskiej 5 (mieszkania 1-35)<\/li>\n<li>Ksi\u0105dz Robert \u2013 ul. Sk\u0142odowskiej 5 (mieszkania 36-70)<\/li>\n<li>Ksi\u0105dz Grzegorz \u2013 ul. Sk\u0142odowskiej 7 (mieszkania 1-25) &#8211; Msza \u015bw.<\/li>\n<\/ol>\n<p><strong><u>Pi\u0105tek 29.12.2017 \u2013 godz. 15.00<\/u><\/strong><\/p>\n<ol>\n<li>Ksi\u0105dz Piotr \u2013 ul. Sk\u0142odowskiej 7 (mieszkania 26-50) &#8211; Msza \u015bw.<\/li>\n<li>Ksi\u0105dz Dariusz \u2013 ul. Sk\u0142odowskiej 9 (mieszkania 1-40)<\/li>\n<li>Ksi\u0105dz Grzegorz \u2013 ul. \u015aniadeckich 2 (mieszkania 1-35)<\/li>\n<li>Ksi\u0105dz Kamil \u2013 ul. \u015aniadeckich 2 (mieszkania 36-70)<\/li>\n<li>Ksi\u0105dz Proboszcz \u2013 ul. \u015aniadeckich 2 (mieszkania 71-100)<\/li>\n<li>Ksi\u0105dz Robert \u2013 ul. \u015aniadeckich 2 (mieszkania 101-130)<\/li>\n<\/ol>\n<p><u><\/u><strong><u>Sobota 30.01.2017 \u2013 godz. 9.00 <\/u><\/strong><\/p>\n<p><strong>\u00a0(Domy jednorodzinne)<\/strong><\/p>\n<ul>\n<li>Ksi\u0105dz Proboszcz \u2013 ul. Jaros\u0142awska od sklepu Spo\u0142em, Kpt. Kuczka i ul. Lipy od strony tor\u00f3w.<\/li>\n<li>Ksi\u0105dz Piotr \u2013 ul.\u00a0Lipy od ko\u0144ca<\/li>\n<li>Ksi\u0105dz Grzegorz \u2013 Wierzawice od ko\u0144ca w stron\u0119 ko\u015bcio\u0142a<\/li>\n<li>Ksi\u0105dz Kamil \u2013 ul. Podzwierzyniec (od strony tor\u00f3w kolejowych)<\/li>\n<li>Ksi\u0105dz Dariusz \u2013 ul. Podzwierzyniec od ostatniego numeru<\/li>\n<li>Ksi\u0105dz Robert \u2013 ul. \u015bw. Kr\u00f3lowej Jadwigi<\/li>\n<\/ul>\n","protected":false},"excerpt":{"rendered":"<p>Dzi\u015b najpi\u0119kniejszy dzie\u0144 w roku Wigilia \u2013 Przypominamy, \u017ce Msze \u015bw. dzi\u015b tylko przedpo\u0142udniem a wieczorem wraz z najbli\u017cszymi zasi\u0105dziemy do wigilijnego sto\u0142u. Prosimy o zachowanie religijnego wymiaru tej wyj\u0105tkowej wieczerzy. Rozpocznijmy j\u0105 od czytania Pisma \u015bw., modlitwy, kol\u0119dy a dziel\u0105c si\u0119 op\u0142atkiem, sk\u0142adajmy sobie serdeczne i\u00a0szczere \u017cyczenia. Pami\u0119tajmy o tych, kt\u00f3rzy od nas ju\u017c [&hellip;]<\/p>\n","protected":false},"author":4,"featured_media":0,"comment_status":"closed","ping_status":"open","sticky":false,"template":"","format":"standard","meta":[],"categories":[5],"tags":[],"_links":{"self":[{"href":"https:\/\/lezajsk.przemyska.pl\/index.php?rest_route=\/wp\/v2\/posts\/5414"}],"collection":[{"href":"https:\/\/lezajsk.przemyska.pl\/index.php?rest_route=\/wp\/v2\/posts"}],"about":[{"href":"https:\/\/lezajsk.przemyska.pl\/index.php?rest_route=\/wp\/v2\/types\/post"}],"author":[{"embeddable":true,"href":"https:\/\/lezajsk.przemyska.pl\/index.php?rest_route=\/wp\/v2\/users\/4"}],"replies":[{"embeddable":true,"href":"https:\/\/lezajsk.przemyska.pl\/index.php?rest_route=%2Fwp%2Fv2%2Fcomments&post=5414"}],"version-history":[{"count":1,"href":"https:\/\/lezajsk.przemyska.pl\/index.php?rest_route=\/wp\/v2\/posts\/5414\/revisions"}],"predecessor-version":[{"id":5415,"href":"https:\/\/lezajsk.przemyska.pl\/index.php?rest_route=\/wp\/v2\/posts\/5414\/revisions\/5415"}],"wp:attachment":[{"href":"https:\/\/lezajsk.przemyska.pl\/index.php?rest_route=%2Fwp%2Fv2%2Fmedia&parent=5414"}],"wp:term":[{"taxonomy":"category","embeddable":true,"href":"https:\/\/lezajsk.przemyska.pl\/index.php?rest_route=%2Fwp%2Fv2%2Fcategories&post=5414"},{"taxonomy":"post_tag","embeddable":true,"href":"https:\/\/lezajsk.przemyska.pl\/index.php?rest_route=%2Fwp%2Fv2%2Ftags&post=5414"}],"curies":[{"name":"wp","href":"https:\/\/api.w.org\/{rel}","templated":true}]}}